{"id":57421,"date":"2015-12-22T15:39:00","date_gmt":"2015-12-22T18:39:00","guid":{"rendered":"http:\/\/www.unicap.br\/assecom1\/?p=57421"},"modified":"2015-12-22T15:39:00","modified_gmt":"2015-12-22T18:39:00","slug":"estudantes-de-jornalismo-apresentam-experiencia-em-seminario-de-novas-tecnologias-da-educacao","status":"publish","type":"post","link":"https:\/\/www1.unicap.br\/assecom1\/estudantes-de-jornalismo-apresentam-experiencia-em-seminario-de-novas-tecnologias-da-educacao\/","title":{"rendered":"Estudantes de Jornalismo apresentam experi\u00eancia em Semin\u00e1rio de Novas Tecnologias da Educa\u00e7\u00e3o"},"content":{"rendered":"<p><em><strong>Reportagem: equipe do Alta Frequ\u00eancia<\/strong><\/em><\/p>\n<figure id=\"attachment_57424\" aria-describedby=\"caption-attachment-57424\" style=\"width: 640px\" class=\"wp-caption alignright\"><img data-attachment-id=\"57424\" data-permalink=\"https:\/\/www1.unicap.br\/assecom1\/estudantes-de-jornalismo-apresentam-experiencia-em-seminario-de-novas-tecnologias-da-educacao\/foto-4-3\/\" data-orig-file=\"https:\/\/i0.wp.com\/www1.unicap.br\/assecom1\/wp-content\/uploads\/2015\/12\/foto-4.jpg?fit=640%2C480&amp;ssl=1\" data-orig-size=\"640,480\" data-comments-opened=\"1\" data-image-meta=\"{&quot;aperture&quot;:&quot;0&quot;,&quot;credit&quot;:&quot;&quot;,&quot;camera&quot;:&quot;&quot;,&quot;caption&quot;:&quot;&quot;,&quot;created_timestamp&quot;:&quot;0&quot;,&quot;copyright&quot;:&quot;&quot;,&quot;focal_length&quot;:&quot;0&quot;,&quot;iso&quot;:&quot;0&quot;,&quot;shutter_speed&quot;:&quot;0&quot;,&quot;title&quot;:&quot;&quot;,&quot;orientation&quot;:&quot;1&quot;}\" data-image-title=\"foto (4)\" data-image-description=\"\" data-medium-file=\"https:\/\/i0.wp.com\/www1.unicap.br\/assecom1\/wp-content\/uploads\/2015\/12\/foto-4.jpg?fit=300%2C225&amp;ssl=1\" data-large-file=\"https:\/\/i0.wp.com\/www1.unicap.br\/assecom1\/wp-content\/uploads\/2015\/12\/foto-4.jpg?fit=640%2C480&amp;ssl=1\" loading=\"lazy\" class=\"size-full wp-image-57424\" src=\"https:\/\/i0.wp.com\/www1.unicap.br\/assecom1\/wp-content\/uploads\/2015\/12\/foto-4.jpg?resize=640%2C480&#038;ssl=1\" alt=\"Foto: divulga\u00e7\u00e3o\" srcset=\"https:\/\/i0.wp.com\/www1.unicap.br\/assecom1\/wp-content\/uploads\/2015\/12\/foto-4.jpg?w=640&amp;ssl=1 640w, https:\/\/i0.wp.com\/www1.unicap.br\/assecom1\/wp-content\/uploads\/2015\/12\/foto-4.jpg?resize=300%2C225&amp;ssl=1 300w, https:\/\/i0.wp.com\/www1.unicap.br\/assecom1\/wp-content\/uploads\/2015\/12\/foto-4.jpg?resize=50%2C38&amp;ssl=1 50w\" sizes=\"(max-width: 640px) 100vw, 640px\" data-recalc-dims=\"1\" \/><figcaption id=\"caption-attachment-57424\" class=\"wp-caption-text\">Foto: divulga\u00e7\u00e3o<\/figcaption><\/figure>\n<p>Estudantes de Jornalismo da Universidade Cat\u00f3lica de Pernambuco v\u00e3o apresentar uma experi\u00eancia de webradiojornalismo durante o Semente, Semin\u00e1rio de Estudos em Novas Tecnologias da Educa\u00e7\u00e3o, que acontece no Centro de Forma\u00e7\u00e3o e Aperfei\u00e7oamento de Educadores Paulo Freire, no bairro da Madalena, no Recife, nesta ter\u00e7a-feira\u00a0(22).<\/p>\n<p>Os alunos\u00a0desenvolveram o programa de R\u00e1dio Alta Frequ\u00eancia, com a orienta\u00e7\u00e3o da professora de Radiojornalismo Andrea Trigueiro, a partir da cobertura da Bienal Internacional do Livro de Pernambuco e da Janela Internacional de Cinema, ambos realizados no Recife.<\/p>\n<p>Ao desenvolver o programa, os estudantes usaram as redes sociais (Facebook, Instagram e Periscope) para postar conte\u00fados relacionados aos temas abordados e para que fossem acessados por outras pessoas.\u00a0O intuito foi o de vivenciar a experi\u00eancia de fazer o radiojornalismo na pr\u00e1tica e levar \u00e0s pessoas a informa\u00e7\u00e3o e educa\u00e7\u00e3o por meio do R\u00e1dio.<\/p>\n<p>\u201cFoi uma experi\u00eancia em que todos puderam colaborar: rep\u00f3rteres viram suas mat\u00e9rias e temas serem transmitidos; a produ\u00e7\u00e3o e coordena\u00e7\u00e3o puderam ver o trabalho sendo realizado; e os apresentadores tiveram a experi\u00eancia de aplicar os conhecimentos te\u00f3ricos do r\u00e1dio no momento em que estavam conduzindo o programa com os entrevistados e improvisando na condu\u00e7\u00e3o do trabalho\u201d, analisa Suellen Fernandes, uma das alunas participantes.<\/p>\n<p>O trabalho da professora Andrea Trigueiro, abordada a ambi\u00eancia da Educomunica\u00e7\u00e3o, metodologia aplicada em salas de aula nas turmas de gradua\u00e7\u00e3o nas quais leciona, embasada no trabalho do professor Ismar de Oliveira Soares e Paulo Freire.<\/p>\n<p>Com a apresenta\u00e7\u00e3o do <em>case<\/em>, os participantes do Semente, v\u00e3o poder ver de perto como \u00e9 trabalhar com a Educomunica\u00e7\u00e3o e quais os benef\u00edcios que este tipo de metodologia pode gerar para o processo de ensino-aprendizagem j\u00e1 que o papel do professor n\u00e3o \u00e9 o deposit\u00e1rio dos saberes mas mediar a constru\u00e7\u00e3o aut\u00f4noma e protagonista dos alunos, respeitando suas especificidades, como afirma a professora.<\/p>\n<p>A intera\u00e7\u00e3o entre alunos, professores e comunidade com o advento da tecnologia pode gerar efeitos no ensino. O desenvolvimento das metodologias aplic\u00e1veis na Educa\u00e7\u00e3o \u00e9 o principal intuito da Semente, que tem o objetivo de preparar os agentes envolvidos na Educa\u00e7\u00e3o, e promover mudan\u00e7as na cultura educacional em todos os seus n\u00edveis, ainda mais em uma sociedade como a nossa que exige de cada indiv\u00edduo conhecimento e habilidades com dom\u00ednio tecnol\u00f3gico.<\/p>\n","protected":false},"excerpt":{"rendered":"<p>Reportagem: equipe do Alta Frequ\u00eancia Estudantes de Jornalismo da Universidade Cat\u00f3lica de Pernambuco v\u00e3o apresentar uma experi\u00eancia de webradiojornalismo durante o Semente, Semin\u00e1rio de Estudos em Novas Tecnologias da Educa\u00e7\u00e3o, que acontece no Centro de Forma\u00e7\u00e3o e Aperfei\u00e7oamento de Educadores Paulo Freire, no bairro da Madalena, no Recife, nesta ter\u00e7a-feira\u00a0(22). Os alunos\u00a0desenvolveram o programa de [&hellip;]<\/p>\n","protected":false},"author":8,"featured_media":57424,"comment_status":"open","ping_status":"open","sticky":false,"template":"","format":"standard","meta":[],"categories":[4],"tags":[],"jetpack-related-posts":[],"_links":{"self":[{"href":"https:\/\/www1.unicap.br\/assecom1\/wp-json\/wp\/v2\/posts\/57421"}],"collection":[{"href":"https:\/\/www1.unicap.br\/assecom1\/wp-json\/wp\/v2\/posts"}],"about":[{"href":"https:\/\/www1.unicap.br\/assecom1\/wp-json\/wp\/v2\/types\/post"}],"author":[{"embeddable":true,"href":"https:\/\/www1.unicap.br\/assecom1\/wp-json\/wp\/v2\/users\/8"}],"replies":[{"embeddable":true,"href":"https:\/\/www1.unicap.br\/assecom1\/wp-json\/wp\/v2\/comments?post=57421"}],"version-history":[{"count":3,"href":"https:\/\/www1.unicap.br\/assecom1\/wp-json\/wp\/v2\/posts\/57421\/revisions"}],"predecessor-version":[{"id":57425,"href":"https:\/\/www1.unicap.br\/assecom1\/wp-json\/wp\/v2\/posts\/57421\/revisions\/57425"}],"wp:featuredmedia":[{"embeddable":true,"href":"https:\/\/www1.unicap.br\/assecom1\/wp-json\/wp\/v2\/media\/57424"}],"wp:attachment":[{"href":"https:\/\/www1.unicap.br\/assecom1\/wp-json\/wp\/v2\/media?parent=57421"}],"wp:term":[{"taxonomy":"category","embeddable":true,"href":"https:\/\/www1.unicap.br\/assecom1\/wp-json\/wp\/v2\/categories?post=57421"},{"taxonomy":"post_tag","embeddable":true,"href":"https:\/\/www1.unicap.br\/assecom1\/wp-json\/wp\/v2\/tags?post=57421"}],"curies":[{"name":"wp","href":"https:\/\/api.w.org\/{rel}","templated":true}]}}