{"id":57019,"date":"2015-12-01T16:32:25","date_gmt":"2015-12-01T19:32:25","guid":{"rendered":"http:\/\/www.unicap.br\/assecom1\/?p=57019"},"modified":"2015-12-01T16:45:31","modified_gmt":"2015-12-01T19:45:31","slug":"vestibular-2016-cartoes-de-inscricao-estarao-disponiveis-na-internet-dias-10-e-11","status":"publish","type":"post","link":"https:\/\/www1.unicap.br\/assecom1\/vestibular-2016-cartoes-de-inscricao-estarao-disponiveis-na-internet-dias-10-e-11\/","title":{"rendered":"Vestibular 2016: Cart\u00f5es de inscri\u00e7\u00e3o estar\u00e3o dispon\u00edveis na Internet dias 10 e 11"},"content":{"rendered":"<p><a href=\"https:\/\/i0.wp.com\/www1.unicap.br\/assecom1\/wp-content\/uploads\/2015\/12\/prorrogado-vestibular2016-1024x307.jpg?ssl=1\"><img data-attachment-id=\"57026\" data-permalink=\"https:\/\/www1.unicap.br\/assecom1\/vestibular-2016-cartoes-de-inscricao-estarao-disponiveis-na-internet-dias-10-e-11\/prorrogado-vestibular2016-1024x307\/\" data-orig-file=\"https:\/\/i1.wp.com\/www1.unicap.br\/assecom1\/wp-content\/uploads\/2015\/12\/prorrogado-vestibular2016-1024x307-e1448998954800.jpg?fit=768%2C227&amp;ssl=1\" data-orig-size=\"768,227\" data-comments-opened=\"1\" data-image-meta=\"{&quot;aperture&quot;:&quot;0&quot;,&quot;credit&quot;:&quot;&quot;,&quot;camera&quot;:&quot;&quot;,&quot;caption&quot;:&quot;&quot;,&quot;created_timestamp&quot;:&quot;0&quot;,&quot;copyright&quot;:&quot;&quot;,&quot;focal_length&quot;:&quot;0&quot;,&quot;iso&quot;:&quot;0&quot;,&quot;shutter_speed&quot;:&quot;0&quot;,&quot;title&quot;:&quot;&quot;,&quot;orientation&quot;:&quot;0&quot;}\" data-image-title=\"prorrogado-vestibular2016-1024&#215;307\" data-image-description=\"\" data-medium-file=\"https:\/\/i1.wp.com\/www1.unicap.br\/assecom1\/wp-content\/uploads\/2015\/12\/prorrogado-vestibular2016-1024x307-e1448998954800.jpg?fit=300%2C89&amp;ssl=1\" data-large-file=\"https:\/\/i1.wp.com\/www1.unicap.br\/assecom1\/wp-content\/uploads\/2015\/12\/prorrogado-vestibular2016-1024x307-e1448998954800.jpg?fit=640%2C192&amp;ssl=1\" loading=\"lazy\" class=\"alignnone wp-image-57026 size-full\" src=\"https:\/\/i1.wp.com\/www1.unicap.br\/assecom1\/wp-content\/uploads\/2015\/12\/prorrogado-vestibular2016-1024x307-e1448998954800.jpg?resize=640%2C189&#038;ssl=1\" alt=\"prorrogado-vestibular2016-1024x307\" srcset=\"https:\/\/i1.wp.com\/www1.unicap.br\/assecom1\/wp-content\/uploads\/2015\/12\/prorrogado-vestibular2016-1024x307-e1448998954800.jpg?w=768&amp;ssl=1 768w, https:\/\/i1.wp.com\/www1.unicap.br\/assecom1\/wp-content\/uploads\/2015\/12\/prorrogado-vestibular2016-1024x307-e1448998954800.jpg?resize=300%2C89&amp;ssl=1 300w, https:\/\/i1.wp.com\/www1.unicap.br\/assecom1\/wp-content\/uploads\/2015\/12\/prorrogado-vestibular2016-1024x307-e1448998954800.jpg?resize=50%2C15&amp;ssl=1 50w\" sizes=\"(max-width: 640px) 100vw, 640px\" data-recalc-dims=\"1\" \/><\/a><\/p>\n<p>Devido \u00e0\u00a0prorroga\u00e7\u00e3o das inscri\u00e7\u00f5es do Vestibular 2016, at\u00e9 \u00e0s 15h do dia 3\/12, os cart\u00f5es de inscri\u00e7\u00e3o poder\u00e3o ser acessados, atrav\u00e9s\u00a0Internet, nos dias 10 e 11\/12.<\/p>\n<p>As provas ser\u00e3o realizadas, \u00e0s 8h, dos dias 12 e 13 de dezembro.<\/p>\n<p>Dia 12, \u00e0s 8h, ser\u00e3o realizadas as provas dos cursos dos grupos 1 e 2.<\/p>\n<p>Dia 13, \u00e0s 8h, ser\u00e3o realizadas as provas dos cursos do grupo 3 (\u00e1rea de sa\u00fade).<\/p>\n<p>&nbsp;<\/p>\n","protected":false},"excerpt":{"rendered":"<p>Devido \u00e0\u00a0prorroga\u00e7\u00e3o das inscri\u00e7\u00f5es do Vestibular 2016, at\u00e9 \u00e0s 15h do dia 3\/12, os cart\u00f5es de inscri\u00e7\u00e3o poder\u00e3o ser acessados, atrav\u00e9s\u00a0Internet, nos dias 10 e 11\/12. As provas ser\u00e3o realizadas, \u00e0s 8h, dos dias 12 e 13 de dezembro. Dia 12, \u00e0s 8h, ser\u00e3o realizadas as provas dos cursos dos grupos 1 e 2. Dia [&hellip;]<\/p>\n","protected":false},"author":3,"featured_media":57020,"comment_status":"open","ping_status":"open","sticky":false,"template":"","format":"standard","meta":[],"categories":[4],"tags":[],"jetpack-related-posts":[],"_links":{"self":[{"href":"https:\/\/www1.unicap.br\/assecom1\/wp-json\/wp\/v2\/posts\/57019"}],"collection":[{"href":"https:\/\/www1.unicap.br\/assecom1\/wp-json\/wp\/v2\/posts"}],"about":[{"href":"https:\/\/www1.unicap.br\/assecom1\/wp-json\/wp\/v2\/types\/post"}],"author":[{"embeddable":true,"href":"https:\/\/www1.unicap.br\/assecom1\/wp-json\/wp\/v2\/users\/3"}],"replies":[{"embeddable":true,"href":"https:\/\/www1.unicap.br\/assecom1\/wp-json\/wp\/v2\/comments?post=57019"}],"version-history":[{"count":3,"href":"https:\/\/www1.unicap.br\/assecom1\/wp-json\/wp\/v2\/posts\/57019\/revisions"}],"predecessor-version":[{"id":57027,"href":"https:\/\/www1.unicap.br\/assecom1\/wp-json\/wp\/v2\/posts\/57019\/revisions\/57027"}],"wp:featuredmedia":[{"embeddable":true,"href":"https:\/\/www1.unicap.br\/assecom1\/wp-json\/wp\/v2\/media\/57020"}],"wp:attachment":[{"href":"https:\/\/www1.unicap.br\/assecom1\/wp-json\/wp\/v2\/media?parent=57019"}],"wp:term":[{"taxonomy":"category","embeddable":true,"href":"https:\/\/www1.unicap.br\/assecom1\/wp-json\/wp\/v2\/categories?post=57019"},{"taxonomy":"post_tag","embeddable":true,"href":"https:\/\/www1.unicap.br\/assecom1\/wp-json\/wp\/v2\/tags?post=57019"}],"curies":[{"name":"wp","href":"https:\/\/api.w.org\/{rel}","templated":true}]}}