{"id":57017,"date":"2015-12-01T16:33:57","date_gmt":"2015-12-01T19:33:57","guid":{"rendered":"http:\/\/www.unicap.br\/assecom1\/?p=57017"},"modified":"2015-12-01T16:33:57","modified_gmt":"2015-12-01T19:33:57","slug":"ex-aluna-da-catolica-tira-nota-maxima-no-exame-da-oab","status":"publish","type":"post","link":"https:\/\/www1.unicap.br\/assecom1\/ex-aluna-da-catolica-tira-nota-maxima-no-exame-da-oab\/","title":{"rendered":"Ex-aluna da Cat\u00f3lica tira nota m\u00e1xima no exame da OAB"},"content":{"rendered":"<div>\n<figure id=\"attachment_57022\" aria-describedby=\"caption-attachment-57022\" style=\"width: 200px\" class=\"wp-caption alignleft\"><a href=\"https:\/\/i1.wp.com\/www1.unicap.br\/assecom1\/wp-content\/uploads\/2015\/12\/Alice-Barbosa.jpg?ssl=1\"><img data-attachment-id=\"57022\" data-permalink=\"https:\/\/www1.unicap.br\/assecom1\/ex-aluna-da-catolica-tira-nota-maxima-no-exame-da-oab\/alice-barbosa\/\" data-orig-file=\"https:\/\/i0.wp.com\/www1.unicap.br\/assecom1\/wp-content\/uploads\/2015\/12\/Alice-Barbosa-e1448998423560.jpg?fit=1934%2C2342&amp;ssl=1\" data-orig-size=\"1934,2342\" data-comments-opened=\"1\" data-image-meta=\"{&quot;aperture&quot;:&quot;11&quot;,&quot;credit&quot;:&quot;Agencia W9!&quot;,&quot;camera&quot;:&quot;Canon EOS 7D&quot;,&quot;caption&quot;:&quot;&quot;,&quot;created_timestamp&quot;:&quot;1375467911&quot;,&quot;copyright&quot;:&quot;&quot;,&quot;focal_length&quot;:&quot;58&quot;,&quot;iso&quot;:&quot;200&quot;,&quot;shutter_speed&quot;:&quot;0.01&quot;,&quot;title&quot;:&quot;&quot;,&quot;orientation&quot;:&quot;0&quot;}\" data-image-title=\"Alice Barbosa\" data-image-description=\"\" data-medium-file=\"https:\/\/i0.wp.com\/www1.unicap.br\/assecom1\/wp-content\/uploads\/2015\/12\/Alice-Barbosa-e1448998423560.jpg?fit=248%2C300&amp;ssl=1\" data-large-file=\"https:\/\/i0.wp.com\/www1.unicap.br\/assecom1\/wp-content\/uploads\/2015\/12\/Alice-Barbosa-e1448998423560.jpg?fit=640%2C775&amp;ssl=1\" loading=\"lazy\" class=\"wp-image-57022 size-medium\" src=\"https:\/\/i1.wp.com\/www1.unicap.br\/assecom1\/wp-content\/uploads\/2015\/12\/Alice-Barbosa.jpg?resize=200%2C300&#038;ssl=1\" alt=\"Alice Barbosa\" data-recalc-dims=\"1\" \/><\/a><figcaption id=\"caption-attachment-57022\" class=\"wp-caption-text\">Foto: acervo pessoal<\/figcaption><\/figure>\n<p>Uma alegria e uma surpresa. Esta foi a sensa\u00e7\u00e3o da ex-aluna do curso de Direito da Cat\u00f3lica, Alice Barbosa, diante do seu desempenho no exame da Ordem dos Advogados do Brasil. Ela foi aprovada com a nota m\u00e1xima: dez.<\/p><\/div>\n<div><\/div>\n<div>A gl\u00f3ria n\u00e3o veio sem sacrif\u00edcios e muito menos sem planejamento. Alice conta que estudava sete dias por semana. Ela criou um esquema de estudos que variava entre a elabora\u00e7\u00e3o de pe\u00e7as discursivas, estudos de livros e apostilas, resolu\u00e7\u00e3o de quest\u00f5es e aulas num curso preparat\u00f3rio.<\/div>\n<div><\/div>\n<div>&#8220;Abdiquei de finais de semana, de viagens e momentos com a fam\u00edlia e amigos&#8221;, diz ela em um trecho da entrevista concedida ao <strong>Boletim Unicap<\/strong> que voc\u00ea confere logo abaixo. Na conversa, Alice fala da contribui\u00e7\u00e3o acad\u00eamica e profissional da Cat\u00f3lica em sua forma\u00e7\u00e3o.<\/div>\n<div><\/div>\n<div><em><strong>Boletim Unicap\u00a0&#8211; Voc\u00ea esperava tirar a nota m\u00e1xima no Exame? Qual foi sua rea\u00e7\u00e3o ao descobrir o feito?<\/strong><\/em><\/div>\n<div><\/div>\n<div><strong>Alice Barbosa<\/strong> &#8211; Como qualquer outro Bacharel, diante de todo meu esfor\u00e7o e dedica\u00e7\u00e3o, esperava ser recompensada com pelo menos a aprova\u00e7\u00e3o, mas realmente foi uma surpresa meu resultado. Sa\u00ed da prova com a sensa\u00e7\u00e3o de que havia feito minha parte e segura de cada resposta, por\u00e9m por ser uma prova subjetiva e devido a exig\u00eancia da corre\u00e7\u00e3o da Banca da FGV na 2\u00aa fase, n\u00e3o esperava fechar com 10, seria at\u00e9 prepot\u00eancia da minha parte esperar por tal resultado.<\/div>\n<div><\/div>\n<div>Logo que vi a lista, comemorei, chorei, abracei pessoas amadas e que torceram muito por mim e me apoiaram em todos os sentidos.\u00a0Na verdade, nem lembrei de ver minha nota, o que importava era ser aprovada e \u00e9 o que realmente importa no final. Depois de uma hora, mais ou menos, da divulga\u00e7\u00e3o da lista, amigos come\u00e7aram a comentar sobre as notas e lembrei que ainda n\u00e3o tinha visto minha corre\u00e7\u00e3o. Ao me deparar com o meu nome e nota dez ao lado, foi inacredit\u00e1vel!!!!Sensa\u00e7\u00e3o de dever mais que cumprido!<\/div>\n<div><\/div>\n<div><strong>B.U<\/strong> &#8211; <strong><em>Qual o seu regime de estudos para o exame da Ordem (rotina, carga hor\u00e1ria)?<\/em><\/strong><\/div>\n<div><\/div>\n<div><strong>A.B<\/strong> &#8211; Como n\u00e3o estava, no momento, trabalhando, tive a oportunidade de ter o dia livre para os estudos, consegui, dentro do poss\u00edvel, ter uma rotina de estudos, exerc\u00edcios f\u00edsicos e lazer. Por\u00e9m, minha semana \u00fatil era de segunda a segunda, estabelecia metas di\u00e1rias, dentre elas estavam fazer \u201cx\u201d pe\u00e7as, estudar \u201cx\u201d p\u00e1ginas de livro\/apostila e reservava um tempo para a marca\u00e7\u00e3o da CLT, sem falar, da frequ\u00eancia \u00e0s aulas do curso de 2\u00aa fase do Professor Gustavo Cisneiros.<\/div>\n<div><\/div>\n<div>Estudava pela manh\u00e3, com pausa para almo\u00e7o e descanso, depois emendava a tarde e a noite, at\u00e9 umas 20h, com exce\u00e7\u00e3o dos domingos, quando parava os estudos \u00e0s 18h ou um pouco antes. Totalizavam umas oito\u00a0a dez\u00a0horas di\u00e1rias. Abdiquei de finais de semana, de viagens e momentos com a fam\u00edlia e amigos, mas valeram a pena!<\/div>\n<div><\/div>\n<div><em><strong>B.U &#8211;\u00a0Que dicas voc\u00ea poderia dar aos estudantes ou bachar\u00e9is que ainda n\u00e3o conseguiram a aprova\u00e7\u00e3o na OAB?<\/strong><\/em><\/div>\n<div><\/div>\n<div><strong>A.B<\/strong><em><strong> &#8211; \u00a0<\/strong><\/em>Diria que organiza\u00e7\u00e3o e metas di\u00e1rias s\u00e3o pe\u00e7as chaves. A dedica\u00e7\u00e3o, no tempo que tiver dispon\u00edvel, j\u00e1 que muitos trabalham ou ainda est\u00e3o na faculdade quando prestam o exame, \u00e9 fundamental, pois sabemos que n\u00e3o h\u00e1 resultado sem o m\u00ednimo de esfor\u00e7o. O apoio e compreens\u00e3o dos pr\u00f3ximos tamb\u00e9m \u00e9 muito importante, porque neste momento, ficamos muito \u00e0 flor da pele, preocupados e at\u00e9 mesmo desesperados com uma poss\u00edvel reprova\u00e7\u00e3o.<\/div>\n<div><\/div>\n<div>Digo isto porque, para mim, foi essencial esse apoio emocional. Al\u00e9m disso, diria que descansar tamb\u00e9m faz parte, seja como for o descanso, saindo, vendo um filme ou simplesmente dormindo. Estudava muitas horas por dia, porque tinha esse tempo dispon\u00edvel, mas para quem n\u00e3o tem, nada como saber respeitar seus limites, sem deixar seus objetivos de lado.<\/div>\n<div><\/div>\n<div><em><strong>B.U &#8211;\u00a0Qual a contribui\u00e7\u00e3o da Cat\u00f3lica na sua forma\u00e7\u00e3o e, consequentemente, e na sua conquista na OAB?<\/strong><\/em><\/div>\n<div><\/div>\n<div><strong>A.B<\/strong> &#8211; A Unicap\u00a0como um todo influenciou na minha forma\u00e7\u00e3o como advogada, principalmente com as viv\u00eancias na Astepi (N\u00facleo de Pr\u00e1tica Jur\u00eddica) e Juizados, onde al\u00e9m de redigir pe\u00e7as e fazer acompanhamento processual, participava de audi\u00eancias.\u00a0A Universidade \u00e9 uma institui\u00e7\u00e3o que preza pela qualidade de ensino e aprendizado de seus alunos. Tudo isto fica evidente no corpo docente composto por grandes mestres.<\/div>\n<div><\/div>\n<div><em><strong>B.U &#8211;\u00a0Na sua opini\u00e3o, o que se destacaria no\u00a0corpo docente?<\/strong><\/em><\/div>\n<div><\/div>\n<div><strong>A.B<\/strong> &#8211;\u00a0Pessoalmente, destaco o Dr. Rafael de Menezes e a Dr\u00aa. Carolina Ferraz. Eles me ensinaram e inspiraram al\u00e9m do \u00e2mbito profissional, me deram ensinamentos para a vida, com suas simplicidade e humildade. S\u00e3o verdadeiros mestres, pois conseguem transmitir todo o seu conhecimento de uma maneira did\u00e1tica e ao mesmo tempo admir\u00e1vel.\u00a0 Sou grata por ter tido a oportunidade de conviver com pessoas t\u00e3o humanas em toda minha trajet\u00f3ria universit\u00e1ria.<\/div>\n","protected":false},"excerpt":{"rendered":"<p>Uma alegria e uma surpresa. Esta foi a sensa\u00e7\u00e3o da ex-aluna do curso de Direito da Cat\u00f3lica, Alice Barbosa, diante do seu desempenho no exame da Ordem dos Advogados do Brasil. Ela foi aprovada com a nota m\u00e1xima: dez. A gl\u00f3ria n\u00e3o veio sem sacrif\u00edcios e muito menos sem planejamento. Alice conta que estudava sete [&hellip;]<\/p>\n","protected":false},"author":8,"featured_media":57022,"comment_status":"open","ping_status":"open","sticky":false,"template":"","format":"standard","meta":[],"categories":[4],"tags":[],"jetpack-related-posts":[],"_links":{"self":[{"href":"https:\/\/www1.unicap.br\/assecom1\/wp-json\/wp\/v2\/posts\/57017"}],"collection":[{"href":"https:\/\/www1.unicap.br\/assecom1\/wp-json\/wp\/v2\/posts"}],"about":[{"href":"https:\/\/www1.unicap.br\/assecom1\/wp-json\/wp\/v2\/types\/post"}],"author":[{"embeddable":true,"href":"https:\/\/www1.unicap.br\/assecom1\/wp-json\/wp\/v2\/users\/8"}],"replies":[{"embeddable":true,"href":"https:\/\/www1.unicap.br\/assecom1\/wp-json\/wp\/v2\/comments?post=57017"}],"version-history":[{"count":3,"href":"https:\/\/www1.unicap.br\/assecom1\/wp-json\/wp\/v2\/posts\/57017\/revisions"}],"predecessor-version":[{"id":57024,"href":"https:\/\/www1.unicap.br\/assecom1\/wp-json\/wp\/v2\/posts\/57017\/revisions\/57024"}],"wp:featuredmedia":[{"embeddable":true,"href":"https:\/\/www1.unicap.br\/assecom1\/wp-json\/wp\/v2\/media\/57022"}],"wp:attachment":[{"href":"https:\/\/www1.unicap.br\/assecom1\/wp-json\/wp\/v2\/media?parent=57017"}],"wp:term":[{"taxonomy":"category","embeddable":true,"href":"https:\/\/www1.unicap.br\/assecom1\/wp-json\/wp\/v2\/categories?post=57017"},{"taxonomy":"post_tag","embeddable":true,"href":"https:\/\/www1.unicap.br\/assecom1\/wp-json\/wp\/v2\/tags?post=57017"}],"curies":[{"name":"wp","href":"https:\/\/api.w.org\/{rel}","templated":true}]}}