{"id":56040,"date":"2015-10-14T15:33:11","date_gmt":"2015-10-14T18:33:11","guid":{"rendered":"http:\/\/www.unicap.br\/assecom1\/?p=56040"},"modified":"2015-10-14T15:33:11","modified_gmt":"2015-10-14T18:33:11","slug":"pro-reitora-academica-e-coordenador-de-jornalismo-participarao-do-pensacom-2015","status":"publish","type":"post","link":"https:\/\/www1.unicap.br\/assecom1\/pro-reitora-academica-e-coordenador-de-jornalismo-participarao-do-pensacom-2015\/","title":{"rendered":"Pr\u00f3-reitora Acad\u00eamica e coordenador de Jornalismo participar\u00e3o do Pensacom 2015"},"content":{"rendered":"<p>A Pr\u00f3-reitora Acad\u00eamica, Prof.\u00aa Dr\u00aa Aline Grego, e o coordenador do curso de Jornalismo da Unicap, Prof. Dr. Juliano Domingues, est\u00e3o entre os pesquisadores que ir\u00e3o participar da II Confer\u00eancia do Pensamento Comunicacional Brasileiro (Pensacom 2015), que ser\u00e1 realizado entre os dias 16 e 18 de novembro, no campus Rudge Ramos da Universidade Metodista de S\u00e3o Paulo (Umesp), em S\u00e3o Bernardo do Campo. O evento\u00a0cient\u00edfico \u00e9 realizado pela Sociedade Brasileira de Estudos Interdisciplinares da Comunica\u00e7\u00e3o (Intercom) em parceria com a Umesp.<\/p>\n<p>Aline vai participar como comentarista do painel\u00a0<em>Funda\u00e7\u00e3o e Consolida\u00e7\u00e3o do Campo Comunicacional no Brasil<\/em>, que faz parte do XIX\u00a0Col\u00f3quio Internacional da Escola Latinoamericana de Comunica\u00e7\u00e3o (Celacom).<\/p>\n<p>Juliano ir\u00e1 participar do F\u00f3rum Intercom.Saber, que ir\u00e1 inaugurar o\u00a0Portal dos Brasilianistas da Comunica\u00e7\u00e3o resultante de parceria entre a Umesp e a Intercom para implementar o Col\u00e9gio dos Brasilianistas da Comunica\u00e7\u00e3o. Ele \u00e9 um dos supervisores acad\u00eamicos do projeto que apresentar\u00e1 produtos hipertextuais.<\/p>\n<p>O Pensacom 2015\u00a0re\u00fane pesquisadores, professores e alunos que trabalham com comunica\u00e7\u00e3o, no Brasil e em outros pa\u00edses, especialmente os latino-americanos. As inscri\u00e7\u00f5es podem ser feitas no site da <a href=\"http:\/\/www.portalintercom.org.br\/index.php?option=com_k2&amp;view=item&amp;id=273:estao-abertas-as-inscricoes-para-o-pens-com-2015\">Intercom.\u00a0<\/a><\/p>\n<p>A tem\u00e1tica <em>Brasil. Hist\u00f3ria da Comunica\u00e7\u00e3o. Conquistas, Impasses, Desafios<\/em> foi pensada para proporcionar uma reflex\u00e3o ampla sobre a comunica\u00e7\u00e3o brasileira, sob um trip\u00e9 cronol\u00f3gico, passado, presente e futuro, e tamb\u00e9m, celebrar 20 anos do Doutorado em Comunica\u00e7\u00e3o da Umesp, fortalecido por iniciativas da C\u00e1tedra Unesco\/Umesp de Comunica\u00e7\u00e3o.<\/p>\n<p><strong>Programa\u00e7\u00e3o &#8211; <\/strong>A abertura do evento acontece no dia 16 de novembro com entrega da Medalha de Ouro do Centro Internacional de Estudos Superiores de Comunica\u00e7\u00e3o para a Am\u00e9rica Latina (Ciespal)\u00a0ao decano das Ci\u00eancias da Comunica\u00e7\u00e3o no Brasil, professor Jos\u00e9 Marques de Melo. Na sequ\u00eancia o evento acontece no audit\u00f3rio Sigma, al\u00e9m de outros eventos simult\u00e2neos, como lan\u00e7amento de livros e o F\u00f3rum\u00a0Intercom.Louvor.<\/p>\n<p>O segundo dia (17) contar\u00e1 com atividades simult\u00e2neas, o X Sinacom (Simp\u00f3sio Nacional de Ci\u00eancias da Comunica\u00e7\u00e3o, e o F\u00f3rum Intercom.Saber onde ser\u00e1 lan\u00e7ado o Portal dos Brasilianistas da Comunica\u00e7\u00e3o (PBC), criado em parceria pela Umesp e a Intercom. Ao final do dia, ter\u00e1 in\u00edcio o Ensicom 2015 \u2013 IV Semin\u00e1rio sobre o Ensino de Gradua\u00e7\u00e3o em Comunica\u00e7\u00e3o Social.<\/p>\n<p>No\u00a0\u00faltimo dia (18), pela manh\u00e3, acontecer\u00e3o\u00a0as Oficinas Pedag\u00f3gicas e Metodol\u00f3gicas, como <em>Negritude Mid\u00edatica<\/em>, promovida por Ros\u00e2ngela Malachias, e <em>Como escrever<\/em>, por Manoel Chaparro, entre outras.\u00a0Na parte da tarde acontecer\u00e1 a reuni\u00e3o dos grupos de trabalho (GT\u00b4s): Hist\u00f3ria da Comunica\u00e7\u00e3o, Folkcomunica\u00e7\u00e3o, Comunica\u00e7\u00e3o e Sa\u00fade, Comunica\u00e7\u00e3o Eclesial, Comunica\u00e7\u00e3o e Economia, Comunica\u00e7\u00e3o e Pol\u00edtica, Pensamento Comunicacional Latino Americano, Pensacom-Brasil, Intercom.Humor\u00a0e Comunica\u00e7\u00e3o digital e tecnologias.<\/p>\n<p>O evento contar\u00e1\u00a0ainda com a presen\u00e7a dos professores Francisco Sierra, Diretor-Geral do Ciespal;\u00a0Esperanza Pinto, da Associa\u00e7\u00e3o\u00a0 Boliviana de Pesquisadores de\u00a0 Comunica\u00e7\u00e3o; Cristian Aguilar, da Universidade Austral-Chile; Esmeralda Villegas, da Associa\u00e7\u00e3o Latinoamericana de Investigadores da Comunica\u00e7\u00e3o; Antonio Hohlfeldt, da Pontif\u00edcia Universidade\u00a0 Cat\u00f3lica do Rio Grande do Sul (PUC-RS);\u00a0Eduardo Meditsch, da Universidade Federal de Santa Catarina (UFSC); Margarida M. K. Kunsch, Carlos Chaparro e Maria Aparecida Baccega, da Universidade de S\u00e3o Paulo (USP).<\/p>\n<p><strong>Servi\u00e7o<\/strong><\/p>\n<p><strong>O QUE<\/strong><\/p>\n<p>II Confer\u00eancia do Pensamento Comunicacional Brasileiro \u2013 Pensacom Brasil 2015<\/p>\n<p><strong>QUANDO<\/strong><\/p>\n<p>16, 17 e 18 de novembro<\/p>\n<p><strong>ONDE<\/strong><\/p>\n<p>Universidade Metodista de S\u00e3o Paulo, Campus Rudge Ramos, S\u00e3o Bernardo do Campo<\/p>\n<p><strong>INSCRI\u00c7\u00d5ES<\/strong><\/p>\n<p>Aqui: <a href=\"http:\/\/www.pensacom.portalintercom.org.br\/\">http:\/\/www.pensacom.portalintercom.org.br\/<\/a><\/p>\n","protected":false},"excerpt":{"rendered":"<p>A Pr\u00f3-reitora Acad\u00eamica, Prof.\u00aa Dr\u00aa Aline Grego, e o coordenador do curso de Jornalismo da Unicap, Prof. Dr. Juliano Domingues, est\u00e3o entre os pesquisadores que ir\u00e3o participar da II Confer\u00eancia do Pensamento Comunicacional Brasileiro (Pensacom 2015), que ser\u00e1 realizado entre os dias 16 e 18 de novembro, no campus Rudge Ramos da Universidade Metodista de [&hellip;]<\/p>\n","protected":false},"author":8,"featured_media":54103,"comment_status":"open","ping_status":"open","sticky":false,"template":"","format":"standard","meta":[],"categories":[4],"tags":[],"jetpack-related-posts":[],"_links":{"self":[{"href":"https:\/\/www1.unicap.br\/assecom1\/wp-json\/wp\/v2\/posts\/56040"}],"collection":[{"href":"https:\/\/www1.unicap.br\/assecom1\/wp-json\/wp\/v2\/posts"}],"about":[{"href":"https:\/\/www1.unicap.br\/assecom1\/wp-json\/wp\/v2\/types\/post"}],"author":[{"embeddable":true,"href":"https:\/\/www1.unicap.br\/assecom1\/wp-json\/wp\/v2\/users\/8"}],"replies":[{"embeddable":true,"href":"https:\/\/www1.unicap.br\/assecom1\/wp-json\/wp\/v2\/comments?post=56040"}],"version-history":[{"count":2,"href":"https:\/\/www1.unicap.br\/assecom1\/wp-json\/wp\/v2\/posts\/56040\/revisions"}],"predecessor-version":[{"id":56042,"href":"https:\/\/www1.unicap.br\/assecom1\/wp-json\/wp\/v2\/posts\/56040\/revisions\/56042"}],"wp:featuredmedia":[{"embeddable":true,"href":"https:\/\/www1.unicap.br\/assecom1\/wp-json\/wp\/v2\/media\/54103"}],"wp:attachment":[{"href":"https:\/\/www1.unicap.br\/assecom1\/wp-json\/wp\/v2\/media?parent=56040"}],"wp:term":[{"taxonomy":"category","embeddable":true,"href":"https:\/\/www1.unicap.br\/assecom1\/wp-json\/wp\/v2\/categories?post=56040"},{"taxonomy":"post_tag","embeddable":true,"href":"https:\/\/www1.unicap.br\/assecom1\/wp-json\/wp\/v2\/tags?post=56040"}],"curies":[{"name":"wp","href":"https:\/\/api.w.org\/{rel}","templated":true}]}}