{"id":5517,"date":"2010-06-16T21:43:47","date_gmt":"2010-06-17T00:43:47","guid":{"rendered":"http:\/\/www.unicap.br\/assecom1\/?p=5517"},"modified":"2010-06-16T21:43:47","modified_gmt":"2010-06-17T00:43:47","slug":"fe-e-alegria-promove-arraial-do-apoio-pedagogico","status":"publish","type":"post","link":"https:\/\/www1.unicap.br\/assecom1\/fe-e-alegria-promove-arraial-do-apoio-pedagogico\/","title":{"rendered":"F\u00e9 e Alegria promove Arraial do Apoio Pedag\u00f3gico"},"content":{"rendered":"<p>Na tarde desta quarta-feira(16), a Funda\u00e7\u00e3o F\u00e9 e Alegria do Brasil no Recife realizou o Arraial do Apoio Pedag\u00f3gico para os alunos da 5\u00aa e 8\u00aa s\u00e9ries que s\u00e3o vinculados ao projeto, no\u00a0Liceu N\u00f3brega, local onde aconteceu o evento. A festa contou com comidas t\u00edpicas, muita dan\u00e7a e apresenta\u00e7\u00f5es teatrais que lembraram a \u00e9poca junina.<\/p>\n<p><a rel=\"attachment wp-att-5534\" href=\"https:\/\/www1.unicap.br\/assecom1\/?attachment_id=5534\"><img loading=\"lazy\" class=\"alignleft size-medium wp-image-5534\" src=\"https:\/\/i0.wp.com\/www1.unicap.br\/assecom1\/wp-content\/uploads\/2010\/06\/SDC155662.jpg?resize=300%2C225&#038;ssl=1\" alt=\"\" data-recalc-dims=\"1\" \/><\/a>A festa come\u00e7ou com uma pe\u00e7a sobre um casamento matuto. Os noivos passavam por grandes dificuldades para conquistarem o sonho do matrim\u00f4nio, mas no final tudo dava certo, com as b\u00ean\u00e7\u00e3os de Santo Ant\u00f4nio. Depois da pe\u00e7a, foi a vez da exibi\u00e7\u00e3o do grupo de capoeira do projeto entrar em a\u00e7\u00e3o, convidando todos os alunos e at\u00e9 professores a participarem da roda.<\/p>\n<p>Para a estagi\u00e1ria de Pedagogia do Apoio Pedag\u00f3gico, Alice Claudino, a festa forma um sentimento de confraterniza\u00e7\u00e3o entre os alunos e ajuda no interesse das pr\u00e1ticas sociais. &#8220;Eles se comprometem com nossas atividades de uma maneira muito forte, isso \u00e9 um \u00f3timo fator, pois\u00a0o entrosamento vai se formando entre os alunos o que facilita bastante as tarefas a serem relizadas dentro da sala de aula&#8221;, contou Alice.<\/p>\n<p>A festa acabou com uma confraterniza\u00e7\u00e3o entre todos os presentes, aproveitando as comidas que lembram as datas festivas do m\u00eas de junho.<\/p>\n","protected":false},"excerpt":{"rendered":"<p>Na tarde desta quarta-feira(16), a Funda\u00e7\u00e3o F\u00e9 e Alegria do Brasil no Recife realizou o Arraial do Apoio Pedag\u00f3gico para os alunos da 5\u00aa e 8\u00aa s\u00e9ries que s\u00e3o vinculados ao projeto, no\u00a0Liceu N\u00f3brega, local onde aconteceu o evento. A festa contou com comidas t\u00edpicas, muita dan\u00e7a e apresenta\u00e7\u00f5es teatrais que lembraram a \u00e9poca junina. [&hellip;]<\/p>\n","protected":false},"author":6,"featured_media":0,"comment_status":"open","ping_status":"open","sticky":false,"template":"","format":"standard","meta":[],"categories":[4],"tags":[],"jetpack-related-posts":[],"_links":{"self":[{"href":"https:\/\/www1.unicap.br\/assecom1\/wp-json\/wp\/v2\/posts\/5517"}],"collection":[{"href":"https:\/\/www1.unicap.br\/assecom1\/wp-json\/wp\/v2\/posts"}],"about":[{"href":"https:\/\/www1.unicap.br\/assecom1\/wp-json\/wp\/v2\/types\/post"}],"author":[{"embeddable":true,"href":"https:\/\/www1.unicap.br\/assecom1\/wp-json\/wp\/v2\/users\/6"}],"replies":[{"embeddable":true,"href":"https:\/\/www1.unicap.br\/assecom1\/wp-json\/wp\/v2\/comments?post=5517"}],"version-history":[{"count":0,"href":"https:\/\/www1.unicap.br\/assecom1\/wp-json\/wp\/v2\/posts\/5517\/revisions"}],"wp:attachment":[{"href":"https:\/\/www1.unicap.br\/assecom1\/wp-json\/wp\/v2\/media?parent=5517"}],"wp:term":[{"taxonomy":"category","embeddable":true,"href":"https:\/\/www1.unicap.br\/assecom1\/wp-json\/wp\/v2\/categories?post=5517"},{"taxonomy":"post_tag","embeddable":true,"href":"https:\/\/www1.unicap.br\/assecom1\/wp-json\/wp\/v2\/tags?post=5517"}],"curies":[{"name":"wp","href":"https:\/\/api.w.org\/{rel}","templated":true}]}}