{"id":55023,"date":"2015-08-28T15:11:37","date_gmt":"2015-08-28T18:11:37","guid":{"rendered":"http:\/\/www.unicap.br\/assecom1\/?p=55023"},"modified":"2015-08-28T15:11:57","modified_gmt":"2015-08-28T18:11:57","slug":"segunda-noite-da-ii-semana-socioambiental-da-unicap-aborda-alternativas-e-solucoes-para-sustentabilidade-energetica-no-estado","status":"publish","type":"post","link":"https:\/\/www1.unicap.br\/assecom1\/segunda-noite-da-ii-semana-socioambiental-da-unicap-aborda-alternativas-e-solucoes-para-sustentabilidade-energetica-no-estado\/","title":{"rendered":"Segunda noite da II Semana Socioambiental da Unicap aborda alternativas e solu\u00e7\u00f5es para sustentabilidade energ\u00e9tica no estado"},"content":{"rendered":"<p><a href=\"https:\/\/i2.wp.com\/www1.unicap.br\/assecom1\/wp-content\/uploads\/2015\/08\/DSC08807.jpg?ssl=1\"><img data-attachment-id=\"55030\" data-permalink=\"https:\/\/www1.unicap.br\/assecom1\/segunda-noite-da-ii-semana-socioambiental-da-unicap-aborda-alternativas-e-solucoes-para-sustentabilidade-energetica-no-estado\/dsc08807\/\" data-orig-file=\"https:\/\/i2.wp.com\/www1.unicap.br\/assecom1\/wp-content\/uploads\/2015\/08\/DSC08807.jpg?fit=4608%2C3456&amp;ssl=1\" data-orig-size=\"4608,3456\" data-comments-opened=\"1\" data-image-meta=\"{&quot;aperture&quot;:&quot;3.5&quot;,&quot;credit&quot;:&quot;&quot;,&quot;camera&quot;:&quot;DSC-TX10&quot;,&quot;caption&quot;:&quot;&quot;,&quot;created_timestamp&quot;:&quot;1440703579&quot;,&quot;copyright&quot;:&quot;&quot;,&quot;focal_length&quot;:&quot;4.43&quot;,&quot;iso&quot;:&quot;800&quot;,&quot;shutter_speed&quot;:&quot;0.05&quot;,&quot;title&quot;:&quot;&quot;,&quot;orientation&quot;:&quot;1&quot;}\" data-image-title=\"DSC08807\" data-image-description=\"\" data-medium-file=\"https:\/\/i2.wp.com\/www1.unicap.br\/assecom1\/wp-content\/uploads\/2015\/08\/DSC08807.jpg?fit=300%2C225&amp;ssl=1\" data-large-file=\"https:\/\/i2.wp.com\/www1.unicap.br\/assecom1\/wp-content\/uploads\/2015\/08\/DSC08807.jpg?fit=640%2C480&amp;ssl=1\" loading=\"lazy\" class=\"aligncenter wp-image-55030 size-full\" src=\"https:\/\/i2.wp.com\/www1.unicap.br\/assecom1\/wp-content\/uploads\/2015\/08\/DSC08807.jpg?resize=640%2C480&#038;ssl=1\" alt=\"\" srcset=\"https:\/\/i2.wp.com\/www1.unicap.br\/assecom1\/wp-content\/uploads\/2015\/08\/DSC08807.jpg?w=4608&amp;ssl=1 4608w, https:\/\/i2.wp.com\/www1.unicap.br\/assecom1\/wp-content\/uploads\/2015\/08\/DSC08807.jpg?resize=300%2C225&amp;ssl=1 300w, https:\/\/i2.wp.com\/www1.unicap.br\/assecom1\/wp-content\/uploads\/2015\/08\/DSC08807.jpg?resize=1024%2C768&amp;ssl=1 1024w, https:\/\/i2.wp.com\/www1.unicap.br\/assecom1\/wp-content\/uploads\/2015\/08\/DSC08807.jpg?resize=50%2C38&amp;ssl=1 50w, https:\/\/i2.wp.com\/www1.unicap.br\/assecom1\/wp-content\/uploads\/2015\/08\/DSC08807.jpg?w=1280&amp;ssl=1 1280w, https:\/\/i2.wp.com\/www1.unicap.br\/assecom1\/wp-content\/uploads\/2015\/08\/DSC08807.jpg?w=1920&amp;ssl=1 1920w\" sizes=\"(max-width: 640px) 100vw, 640px\" data-recalc-dims=\"1\" \/><\/a><\/p>\n<p>Segundo pesquisa da ONU, no ano de 2030 a popula\u00e7\u00e3o mundial ter\u00e1 a necessidade de consumir mais 50% de energia, 40% de \u00e1gua e mais 35% de alimenta\u00e7\u00e3o. \u00a0Para discutir problem\u00e1ticas como esta e poss\u00edveis solu\u00e7\u00f5es para um desenvolvimento mais sustent\u00e1vel, a segunda noite da II Semana Socioambiental da Unicap discutiu alternativas para a quest\u00e3o da energia no estado de Pernambuco. O evento ocorreu na noite desta quinta-feira (27), no audit\u00f3rio G1.<\/p>\n<p>Com o tema \u201cOs problemas e alternativas para a quest\u00e3o energ\u00e9tica do estado de Pernambuco\u201d, a solenidade contou com a participa\u00e7\u00e3o de representantes de entidades envolvidas com a quest\u00e3o no estado. \u00a0Os convidados foram os engenheiros Ricardo Cavalcanti Furtado, Francisco Belo e Fernando Rodrigues Alves. O tamb\u00e9m engenheiro Paulo Gama foi o respons\u00e1vel pela coordena\u00e7\u00e3o da mesa.<\/p>\n<div class=\"tiled-gallery type-rectangular tiled-gallery-unresized\" data-original-width=\"640\" data-carousel-extra='{&quot;blog_id&quot;:1,&quot;permalink&quot;:&quot;https:\\\/\\\/www1.unicap.br\\\/assecom1\\\/segunda-noite-da-ii-semana-socioambiental-da-unicap-aborda-alternativas-e-solucoes-para-sustentabilidade-energetica-no-estado\\\/&quot;,&quot;likes_blog_id&quot;:205082007}' itemscope itemtype=\"http:\/\/schema.org\/ImageGallery\" > <div class=\"gallery-row\" style=\"width: 640px; height: 321px;\" data-original-width=\"640\" data-original-height=\"321\" > <div class=\"gallery-group images-1\" style=\"width: 427px; height: 321px;\" data-original-width=\"427\" data-original-height=\"321\" > <div class=\"tiled-gallery-item tiled-gallery-item-large\" itemprop=\"associatedMedia\" itemscope itemtype=\"http:\/\/schema.org\/ImageObject\"> <a href=\"https:\/\/www1.unicap.br\/assecom1\/segunda-noite-da-ii-semana-socioambiental-da-unicap-aborda-alternativas-e-solucoes-para-sustentabilidade-energetica-no-estado\/dsc08805\/\" border=\"0\" itemprop=\"url\"> <meta itemprop=\"width\" content=\"423\"> <meta itemprop=\"height\" content=\"317\"> <img data-attachment-id=\"55028\" data-orig-file=\"https:\/\/www1.unicap.br\/assecom1\/wp-content\/uploads\/2015\/08\/DSC08805.jpg\" data-orig-size=\"4608,3456\" data-comments-opened=\"1\" data-image-meta=\"{&quot;aperture&quot;:&quot;3.5&quot;,&quot;credit&quot;:&quot;&quot;,&quot;camera&quot;:&quot;DSC-TX10&quot;,&quot;caption&quot;:&quot;&quot;,&quot;created_timestamp&quot;:&quot;1440700994&quot;,&quot;copyright&quot;:&quot;&quot;,&quot;focal_length&quot;:&quot;4.43&quot;,&quot;iso&quot;:&quot;800&quot;,&quot;shutter_speed&quot;:&quot;0.05&quot;,&quot;title&quot;:&quot;&quot;,&quot;orientation&quot;:&quot;1&quot;}\" data-image-title=\"DSC08805\" data-image-description=\"\" data-medium-file=\"https:\/\/i2.wp.com\/www1.unicap.br\/assecom1\/wp-content\/uploads\/2015\/08\/DSC08805.jpg?fit=300%2C225&#038;ssl=1\" data-large-file=\"https:\/\/i2.wp.com\/www1.unicap.br\/assecom1\/wp-content\/uploads\/2015\/08\/DSC08805.jpg?fit=640%2C480&#038;ssl=1\" src=\"https:\/\/i2.wp.com\/www1.unicap.br\/assecom1\/wp-content\/uploads\/2015\/08\/DSC08805.jpg?w=423&#038;h=317&#038;crop&#038;ssl=1\" width=\"423\" height=\"317\" data-original-width=\"423\" data-original-height=\"317\" itemprop=\"http:\/\/schema.org\/image\" title=\"DSC08805\" alt=\"DSC08805\" style=\"width: 423px; height: 317px;\" \/> <\/a> <\/div> <\/div> <!-- close group --> <div class=\"gallery-group images-2\" style=\"width: 213px; height: 321px;\" data-original-width=\"213\" data-original-height=\"321\" > <div class=\"tiled-gallery-item tiled-gallery-item-small\" itemprop=\"associatedMedia\" itemscope itemtype=\"http:\/\/schema.org\/ImageObject\"> <a href=\"https:\/\/www1.unicap.br\/assecom1\/segunda-noite-da-ii-semana-socioambiental-da-unicap-aborda-alternativas-e-solucoes-para-sustentabilidade-energetica-no-estado\/dsc08804\/\" border=\"0\" itemprop=\"url\"> <meta itemprop=\"width\" content=\"209\"> <meta itemprop=\"height\" content=\"157\"> <img data-attachment-id=\"55027\" data-orig-file=\"https:\/\/www1.unicap.br\/assecom1\/wp-content\/uploads\/2015\/08\/DSC08804.jpg\" data-orig-size=\"4608,3456\" data-comments-opened=\"1\" data-image-meta=\"{&quot;aperture&quot;:&quot;3.5&quot;,&quot;credit&quot;:&quot;&quot;,&quot;camera&quot;:&quot;DSC-TX10&quot;,&quot;caption&quot;:&quot;&quot;,&quot;created_timestamp&quot;:&quot;1440700936&quot;,&quot;copyright&quot;:&quot;&quot;,&quot;focal_length&quot;:&quot;4.43&quot;,&quot;iso&quot;:&quot;800&quot;,&quot;shutter_speed&quot;:&quot;0.04&quot;,&quot;title&quot;:&quot;&quot;,&quot;orientation&quot;:&quot;1&quot;}\" data-image-title=\"DSC08804\" data-image-description=\"\" data-medium-file=\"https:\/\/i2.wp.com\/www1.unicap.br\/assecom1\/wp-content\/uploads\/2015\/08\/DSC08804.jpg?fit=300%2C225&#038;ssl=1\" data-large-file=\"https:\/\/i2.wp.com\/www1.unicap.br\/assecom1\/wp-content\/uploads\/2015\/08\/DSC08804.jpg?fit=640%2C480&#038;ssl=1\" src=\"https:\/\/i2.wp.com\/www1.unicap.br\/assecom1\/wp-content\/uploads\/2015\/08\/DSC08804.jpg?w=209&#038;h=157&#038;crop&#038;ssl=1\" width=\"209\" height=\"157\" data-original-width=\"209\" data-original-height=\"157\" itemprop=\"http:\/\/schema.org\/image\" title=\"DSC08804\" alt=\"DSC08804\" style=\"width: 209px; height: 157px;\" \/> <\/a> <\/div> <div class=\"tiled-gallery-item tiled-gallery-item-small\" itemprop=\"associatedMedia\" itemscope itemtype=\"http:\/\/schema.org\/ImageObject\"> <a href=\"https:\/\/www1.unicap.br\/assecom1\/segunda-noite-da-ii-semana-socioambiental-da-unicap-aborda-alternativas-e-solucoes-para-sustentabilidade-energetica-no-estado\/dsc08803-2\/\" border=\"0\" itemprop=\"url\"> <meta itemprop=\"width\" content=\"209\"> <meta itemprop=\"height\" content=\"156\"> <img data-attachment-id=\"55026\" data-orig-file=\"https:\/\/www1.unicap.br\/assecom1\/wp-content\/uploads\/2015\/08\/DSC08803.jpg\" data-orig-size=\"4608,3456\" data-comments-opened=\"1\" data-image-meta=\"{&quot;aperture&quot;:&quot;3.5&quot;,&quot;credit&quot;:&quot;&quot;,&quot;camera&quot;:&quot;DSC-TX10&quot;,&quot;caption&quot;:&quot;&quot;,&quot;created_timestamp&quot;:&quot;1440700371&quot;,&quot;copyright&quot;:&quot;&quot;,&quot;focal_length&quot;:&quot;4.43&quot;,&quot;iso&quot;:&quot;800&quot;,&quot;shutter_speed&quot;:&quot;0.04&quot;,&quot;title&quot;:&quot;&quot;,&quot;orientation&quot;:&quot;1&quot;}\" data-image-title=\"DSC08803\" data-image-description=\"\" data-medium-file=\"https:\/\/i0.wp.com\/www1.unicap.br\/assecom1\/wp-content\/uploads\/2015\/08\/DSC08803.jpg?fit=300%2C225&#038;ssl=1\" data-large-file=\"https:\/\/i0.wp.com\/www1.unicap.br\/assecom1\/wp-content\/uploads\/2015\/08\/DSC08803.jpg?fit=640%2C480&#038;ssl=1\" src=\"https:\/\/i0.wp.com\/www1.unicap.br\/assecom1\/wp-content\/uploads\/2015\/08\/DSC08803.jpg?w=209&#038;h=156&#038;crop&#038;ssl=1\" width=\"209\" height=\"156\" data-original-width=\"209\" data-original-height=\"156\" itemprop=\"http:\/\/schema.org\/image\" title=\"DSC08803\" alt=\"DSC08803\" style=\"width: 209px; height: 156px;\" \/> <\/a> <\/div> <\/div> <!-- close group --> <\/div> <!-- close row --> <div class=\"gallery-row\" style=\"width: 640px; height: 161px;\" data-original-width=\"640\" data-original-height=\"161\" > <div class=\"gallery-group images-1\" style=\"width: 214px; height: 161px;\" data-original-width=\"214\" data-original-height=\"161\" > <div class=\"tiled-gallery-item tiled-gallery-item-small\" itemprop=\"associatedMedia\" itemscope itemtype=\"http:\/\/schema.org\/ImageObject\"> <a href=\"https:\/\/www1.unicap.br\/assecom1\/segunda-noite-da-ii-semana-socioambiental-da-unicap-aborda-alternativas-e-solucoes-para-sustentabilidade-energetica-no-estado\/dsc08802\/\" border=\"0\" itemprop=\"url\"> <meta itemprop=\"width\" content=\"210\"> <meta itemprop=\"height\" content=\"157\"> <img data-attachment-id=\"55025\" data-orig-file=\"https:\/\/www1.unicap.br\/assecom1\/wp-content\/uploads\/2015\/08\/DSC08802.jpg\" data-orig-size=\"4608,3456\" data-comments-opened=\"1\" data-image-meta=\"{&quot;aperture&quot;:&quot;3.5&quot;,&quot;credit&quot;:&quot;&quot;,&quot;camera&quot;:&quot;DSC-TX10&quot;,&quot;caption&quot;:&quot;&quot;,&quot;created_timestamp&quot;:&quot;1440700350&quot;,&quot;copyright&quot;:&quot;&quot;,&quot;focal_length&quot;:&quot;4.43&quot;,&quot;iso&quot;:&quot;800&quot;,&quot;shutter_speed&quot;:&quot;0.066666666666667&quot;,&quot;title&quot;:&quot;&quot;,&quot;orientation&quot;:&quot;1&quot;}\" data-image-title=\"DSC08802\" data-image-description=\"\" data-medium-file=\"https:\/\/i0.wp.com\/www1.unicap.br\/assecom1\/wp-content\/uploads\/2015\/08\/DSC08802.jpg?fit=300%2C225&#038;ssl=1\" data-large-file=\"https:\/\/i0.wp.com\/www1.unicap.br\/assecom1\/wp-content\/uploads\/2015\/08\/DSC08802.jpg?fit=640%2C480&#038;ssl=1\" src=\"https:\/\/i0.wp.com\/www1.unicap.br\/assecom1\/wp-content\/uploads\/2015\/08\/DSC08802.jpg?w=210&#038;h=157&#038;crop&#038;ssl=1\" width=\"210\" height=\"157\" data-original-width=\"210\" data-original-height=\"157\" itemprop=\"http:\/\/schema.org\/image\" title=\"DSC08802\" alt=\"DSC08802\" style=\"width: 210px; height: 157px;\" \/> <\/a> <\/div> <\/div> <!-- close group --> <div class=\"gallery-group images-1\" style=\"width: 213px; height: 161px;\" data-original-width=\"213\" data-original-height=\"161\" > <div class=\"tiled-gallery-item tiled-gallery-item-small\" itemprop=\"associatedMedia\" itemscope itemtype=\"http:\/\/schema.org\/ImageObject\"> <a href=\"https:\/\/www1.unicap.br\/assecom1\/segunda-noite-da-ii-semana-socioambiental-da-unicap-aborda-alternativas-e-solucoes-para-sustentabilidade-energetica-no-estado\/dsc08801\/\" border=\"0\" itemprop=\"url\"> <meta itemprop=\"width\" content=\"209\"> <meta itemprop=\"height\" content=\"157\"> <img data-attachment-id=\"55024\" data-orig-file=\"https:\/\/www1.unicap.br\/assecom1\/wp-content\/uploads\/2015\/08\/DSC08801.jpg\" data-orig-size=\"4608,3456\" data-comments-opened=\"1\" data-image-meta=\"{&quot;aperture&quot;:&quot;3.5&quot;,&quot;credit&quot;:&quot;&quot;,&quot;camera&quot;:&quot;DSC-TX10&quot;,&quot;caption&quot;:&quot;&quot;,&quot;created_timestamp&quot;:&quot;1440700338&quot;,&quot;copyright&quot;:&quot;&quot;,&quot;focal_length&quot;:&quot;4.43&quot;,&quot;iso&quot;:&quot;800&quot;,&quot;shutter_speed&quot;:&quot;0.066666666666667&quot;,&quot;title&quot;:&quot;&quot;,&quot;orientation&quot;:&quot;1&quot;}\" data-image-title=\"DSC08801\" data-image-description=\"\" data-medium-file=\"https:\/\/i0.wp.com\/www1.unicap.br\/assecom1\/wp-content\/uploads\/2015\/08\/DSC08801.jpg?fit=300%2C225&#038;ssl=1\" data-large-file=\"https:\/\/i0.wp.com\/www1.unicap.br\/assecom1\/wp-content\/uploads\/2015\/08\/DSC08801.jpg?fit=640%2C480&#038;ssl=1\" src=\"https:\/\/i0.wp.com\/www1.unicap.br\/assecom1\/wp-content\/uploads\/2015\/08\/DSC08801.jpg?w=209&#038;h=157&#038;crop&#038;ssl=1\" width=\"209\" height=\"157\" data-original-width=\"209\" data-original-height=\"157\" itemprop=\"http:\/\/schema.org\/image\" title=\"DSC08801\" alt=\"DSC08801\" style=\"width: 209px; height: 157px;\" \/> <\/a> <\/div> <\/div> <!-- close group --> <div class=\"gallery-group images-1\" style=\"width: 213px; height: 161px;\" data-original-width=\"213\" data-original-height=\"161\" > <div class=\"tiled-gallery-item tiled-gallery-item-small\" itemprop=\"associatedMedia\" itemscope itemtype=\"http:\/\/schema.org\/ImageObject\"> <a href=\"https:\/\/www1.unicap.br\/assecom1\/segunda-noite-da-ii-semana-socioambiental-da-unicap-aborda-alternativas-e-solucoes-para-sustentabilidade-energetica-no-estado\/dsc08806\/\" border=\"0\" itemprop=\"url\"> <meta itemprop=\"width\" content=\"209\"> <meta itemprop=\"height\" content=\"157\"> <img data-attachment-id=\"55029\" data-orig-file=\"https:\/\/www1.unicap.br\/assecom1\/wp-content\/uploads\/2015\/08\/DSC08806.jpg\" data-orig-size=\"4608,3456\" data-comments-opened=\"1\" data-image-meta=\"{&quot;aperture&quot;:&quot;3.5&quot;,&quot;credit&quot;:&quot;&quot;,&quot;camera&quot;:&quot;DSC-TX10&quot;,&quot;caption&quot;:&quot;&quot;,&quot;created_timestamp&quot;:&quot;1440703570&quot;,&quot;copyright&quot;:&quot;&quot;,&quot;focal_length&quot;:&quot;4.43&quot;,&quot;iso&quot;:&quot;800&quot;,&quot;shutter_speed&quot;:&quot;0.05&quot;,&quot;title&quot;:&quot;&quot;,&quot;orientation&quot;:&quot;1&quot;}\" data-image-title=\"DSC08806\" data-image-description=\"\" data-medium-file=\"https:\/\/i1.wp.com\/www1.unicap.br\/assecom1\/wp-content\/uploads\/2015\/08\/DSC08806.jpg?fit=300%2C225&#038;ssl=1\" data-large-file=\"https:\/\/i1.wp.com\/www1.unicap.br\/assecom1\/wp-content\/uploads\/2015\/08\/DSC08806.jpg?fit=640%2C480&#038;ssl=1\" src=\"https:\/\/i1.wp.com\/www1.unicap.br\/assecom1\/wp-content\/uploads\/2015\/08\/DSC08806.jpg?w=209&#038;h=157&#038;crop&#038;ssl=1\" width=\"209\" height=\"157\" data-original-width=\"209\" data-original-height=\"157\" itemprop=\"http:\/\/schema.org\/image\" title=\"DSC08806\" alt=\"DSC08806\" style=\"width: 209px; height: 157px;\" \/> <\/a> <\/div> <\/div> <!-- close group --> <\/div> <!-- close row --> <\/div>\n<p>A II Semana Socioambiental \u00e9 uma realiza\u00e7\u00e3o Instituto Humanitas Unicap. Acompanhe a programa\u00e7\u00e3o desta sexta-feira (28):<\/p>\n<p><a href=\"https:\/\/i1.wp.com\/www1.unicap.br\/assecom1\/wp-content\/uploads\/2015\/08\/socioambiental1.jpg?ssl=1\"><img data-attachment-id=\"55037\" data-permalink=\"https:\/\/www1.unicap.br\/assecom1\/segunda-noite-da-ii-semana-socioambiental-da-unicap-aborda-alternativas-e-solucoes-para-sustentabilidade-energetica-no-estado\/socioambiental-3\/\" data-orig-file=\"https:\/\/i1.wp.com\/www1.unicap.br\/assecom1\/wp-content\/uploads\/2015\/08\/socioambiental1.jpg?fit=595%2C842&amp;ssl=1\" data-orig-size=\"595,842\" data-comments-opened=\"1\" data-image-meta=\"{&quot;aperture&quot;:&quot;0&quot;,&quot;credit&quot;:&quot;&quot;,&quot;camera&quot;:&quot;&quot;,&quot;caption&quot;:&quot;&quot;,&quot;created_timestamp&quot;:&quot;0&quot;,&quot;copyright&quot;:&quot;&quot;,&quot;focal_length&quot;:&quot;0&quot;,&quot;iso&quot;:&quot;0&quot;,&quot;shutter_speed&quot;:&quot;0&quot;,&quot;title&quot;:&quot;&quot;,&quot;orientation&quot;:&quot;0&quot;}\" data-image-title=\"socioambiental\" data-image-description=\"\" data-medium-file=\"https:\/\/i1.wp.com\/www1.unicap.br\/assecom1\/wp-content\/uploads\/2015\/08\/socioambiental1.jpg?fit=212%2C300&amp;ssl=1\" data-large-file=\"https:\/\/i1.wp.com\/www1.unicap.br\/assecom1\/wp-content\/uploads\/2015\/08\/socioambiental1.jpg?fit=595%2C842&amp;ssl=1\" loading=\"lazy\" class=\"alignleft size-medium wp-image-55037\" src=\"https:\/\/i1.wp.com\/www1.unicap.br\/assecom1\/wp-content\/uploads\/2015\/08\/socioambiental1.jpg?resize=212%2C300&#038;ssl=1\" alt=\"socioambiental\" srcset=\"https:\/\/i1.wp.com\/www1.unicap.br\/assecom1\/wp-content\/uploads\/2015\/08\/socioambiental1.jpg?resize=212%2C300&amp;ssl=1 212w, https:\/\/i1.wp.com\/www1.unicap.br\/assecom1\/wp-content\/uploads\/2015\/08\/socioambiental1.jpg?resize=35%2C50&amp;ssl=1 35w, https:\/\/i1.wp.com\/www1.unicap.br\/assecom1\/wp-content\/uploads\/2015\/08\/socioambiental1.jpg?w=595&amp;ssl=1 595w\" sizes=\"(max-width: 212px) 100vw, 212px\" data-recalc-dims=\"1\" \/><\/a><\/p>\n<p>&nbsp;<\/p>\n<p>&nbsp;<\/p>\n<p>&nbsp;<\/p>\n<p>&nbsp;<\/p>\n<p>28\/08\/2015<br \/>\n18H30 \u2013 RECEP\u00c7\u00c3O DOS PARTICIPANTES<br \/>\n18H50 \u2013 PALESTRA: \u201cPOL\u00cdTICA ESTADUAL DE ENFRENTAMENTO \u00c0S MUDAN\u00c7AS CLIM\u00c1TICAS\u201d<br \/>\nS\u00c9RGIO XAVIER (SECRET\u00c1RIO SEMAS-PE)<br \/>\nLOCAL: AUDIT\u00d3RIO GI<\/p>\n<p>&nbsp;<\/p>\n","protected":false},"excerpt":{"rendered":"<p>Segundo pesquisa da ONU, no ano de 2030 a popula\u00e7\u00e3o mundial ter\u00e1 a necessidade de consumir mais 50% de energia, 40% de \u00e1gua e mais 35% de alimenta\u00e7\u00e3o. \u00a0Para discutir problem\u00e1ticas como esta e poss\u00edveis solu\u00e7\u00f5es para um desenvolvimento mais sustent\u00e1vel, a segunda noite da II Semana Socioambiental da Unicap discutiu alternativas para a quest\u00e3o [&hellip;]<\/p>\n","protected":false},"author":65,"featured_media":55030,"comment_status":"open","ping_status":"open","sticky":false,"template":"","format":"standard","meta":[],"categories":[4],"tags":[],"jetpack-related-posts":[],"_links":{"self":[{"href":"https:\/\/www1.unicap.br\/assecom1\/wp-json\/wp\/v2\/posts\/55023"}],"collection":[{"href":"https:\/\/www1.unicap.br\/assecom1\/wp-json\/wp\/v2\/posts"}],"about":[{"href":"https:\/\/www1.unicap.br\/assecom1\/wp-json\/wp\/v2\/types\/post"}],"author":[{"embeddable":true,"href":"https:\/\/www1.unicap.br\/assecom1\/wp-json\/wp\/v2\/users\/65"}],"replies":[{"embeddable":true,"href":"https:\/\/www1.unicap.br\/assecom1\/wp-json\/wp\/v2\/comments?post=55023"}],"version-history":[{"count":6,"href":"https:\/\/www1.unicap.br\/assecom1\/wp-json\/wp\/v2\/posts\/55023\/revisions"}],"predecessor-version":[{"id":55058,"href":"https:\/\/www1.unicap.br\/assecom1\/wp-json\/wp\/v2\/posts\/55023\/revisions\/55058"}],"wp:featuredmedia":[{"embeddable":true,"href":"https:\/\/www1.unicap.br\/assecom1\/wp-json\/wp\/v2\/media\/55030"}],"wp:attachment":[{"href":"https:\/\/www1.unicap.br\/assecom1\/wp-json\/wp\/v2\/media?parent=55023"}],"wp:term":[{"taxonomy":"category","embeddable":true,"href":"https:\/\/www1.unicap.br\/assecom1\/wp-json\/wp\/v2\/categories?post=55023"},{"taxonomy":"post_tag","embeddable":true,"href":"https:\/\/www1.unicap.br\/assecom1\/wp-json\/wp\/v2\/tags?post=55023"}],"curies":[{"name":"wp","href":"https:\/\/api.w.org\/{rel}","templated":true}]}}