{"id":55007,"date":"2015-08-27T22:42:25","date_gmt":"2015-08-28T01:42:25","guid":{"rendered":"http:\/\/www.unicap.br\/assecom1\/?p=55007"},"modified":"2015-08-28T16:19:35","modified_gmt":"2015-08-28T19:19:35","slug":"abertura-da-ii-semana-socioambiental-da-unicap","status":"publish","type":"post","link":"https:\/\/www1.unicap.br\/assecom1\/abertura-da-ii-semana-socioambiental-da-unicap\/","title":{"rendered":"Abertura da II Semana Socioambiental da Unicap"},"content":{"rendered":"<p><a href=\"https:\/\/i1.wp.com\/www1.unicap.br\/assecom1\/wp-content\/uploads\/2015\/08\/IIsemana-socioambiental-0.png?ssl=1\"><img data-attachment-id=\"54911\" data-permalink=\"https:\/\/www1.unicap.br\/assecom1\/instituto-humanitas-unicap-realiza-ii-semana-socioambiental\/iisemana-socioambiental-0\/\" data-orig-file=\"https:\/\/i1.wp.com\/www1.unicap.br\/assecom1\/wp-content\/uploads\/2015\/08\/IIsemana-socioambiental-0.png?fit=735%2C317&amp;ssl=1\" data-orig-size=\"735,317\" data-comments-opened=\"1\" data-image-meta=\"{&quot;aperture&quot;:&quot;0&quot;,&quot;credit&quot;:&quot;&quot;,&quot;camera&quot;:&quot;&quot;,&quot;caption&quot;:&quot;&quot;,&quot;created_timestamp&quot;:&quot;0&quot;,&quot;copyright&quot;:&quot;&quot;,&quot;focal_length&quot;:&quot;0&quot;,&quot;iso&quot;:&quot;0&quot;,&quot;shutter_speed&quot;:&quot;0&quot;,&quot;title&quot;:&quot;&quot;,&quot;orientation&quot;:&quot;0&quot;}\" data-image-title=\"IIsemana-socioambiental-0\" data-image-description=\"\" data-medium-file=\"https:\/\/i1.wp.com\/www1.unicap.br\/assecom1\/wp-content\/uploads\/2015\/08\/IIsemana-socioambiental-0.png?fit=300%2C129&amp;ssl=1\" data-large-file=\"https:\/\/i1.wp.com\/www1.unicap.br\/assecom1\/wp-content\/uploads\/2015\/08\/IIsemana-socioambiental-0.png?fit=640%2C276&amp;ssl=1\" loading=\"lazy\" class=\"aligncenter wp-image-54911 size-full\" src=\"https:\/\/i1.wp.com\/www1.unicap.br\/assecom1\/wp-content\/uploads\/2015\/08\/IIsemana-socioambiental-0.png?resize=640%2C276&#038;ssl=1\" alt=\"IIsemana-socioambiental-0\" srcset=\"https:\/\/i1.wp.com\/www1.unicap.br\/assecom1\/wp-content\/uploads\/2015\/08\/IIsemana-socioambiental-0.png?w=735&amp;ssl=1 735w, https:\/\/i1.wp.com\/www1.unicap.br\/assecom1\/wp-content\/uploads\/2015\/08\/IIsemana-socioambiental-0.png?resize=300%2C129&amp;ssl=1 300w, https:\/\/i1.wp.com\/www1.unicap.br\/assecom1\/wp-content\/uploads\/2015\/08\/IIsemana-socioambiental-0.png?resize=50%2C22&amp;ssl=1 50w\" sizes=\"(max-width: 640px) 100vw, 640px\" data-recalc-dims=\"1\" \/><\/a><\/p>\n<p>Com o tema desta Semana \u201c\u00c1gua &amp; Energia: Desafios para um desenvolvimento sustent\u00e1vel\u201d, teve in\u00edcio na noite desta quarta-feira (26) a II Semana Socioambiental da Universidade Cat\u00f3lica de Pernambuco.\u00a0 A iniciativa pretende alertar as pessoas sobre as quest\u00f5es socioambientais e as novas matrizes e necessidades ecol\u00f3gicas do planeta.<\/p>\n<p>A solenidade contou com a presen\u00e7a do Reitor, Padre Pedro Rubens, do Pr\u00f3-reitor Comunit\u00e1rio em exerc\u00edcio, Padre Marco Mendes; e pelo diretor da Apac, Marcelo Asfora.<\/p>\n<p><a href=\"https:\/\/i1.wp.com\/www1.unicap.br\/assecom1\/wp-content\/uploads\/2015\/08\/DSC08797.jpg?ssl=1\"><img data-attachment-id=\"55012\" data-permalink=\"https:\/\/www1.unicap.br\/assecom1\/abertura-da-ii-semana-socioambiental-da-unicap\/dsc08797\/\" data-orig-file=\"https:\/\/i1.wp.com\/www1.unicap.br\/assecom1\/wp-content\/uploads\/2015\/08\/DSC08797.jpg?fit=4608%2C3456&amp;ssl=1\" data-orig-size=\"4608,3456\" data-comments-opened=\"1\" data-image-meta=\"{&quot;aperture&quot;:&quot;3.5&quot;,&quot;credit&quot;:&quot;&quot;,&quot;camera&quot;:&quot;DSC-TX10&quot;,&quot;caption&quot;:&quot;&quot;,&quot;created_timestamp&quot;:&quot;1440612934&quot;,&quot;copyright&quot;:&quot;&quot;,&quot;focal_length&quot;:&quot;4.43&quot;,&quot;iso&quot;:&quot;800&quot;,&quot;shutter_speed&quot;:&quot;0.066666666666667&quot;,&quot;title&quot;:&quot;&quot;,&quot;orientation&quot;:&quot;1&quot;}\" data-image-title=\"DSC08797\" data-image-description=\"\" data-medium-file=\"https:\/\/i1.wp.com\/www1.unicap.br\/assecom1\/wp-content\/uploads\/2015\/08\/DSC08797.jpg?fit=300%2C225&amp;ssl=1\" data-large-file=\"https:\/\/i1.wp.com\/www1.unicap.br\/assecom1\/wp-content\/uploads\/2015\/08\/DSC08797.jpg?fit=640%2C480&amp;ssl=1\" loading=\"lazy\" class=\"alignleft wp-image-55012 size-medium\" src=\"https:\/\/i1.wp.com\/www1.unicap.br\/assecom1\/wp-content\/uploads\/2015\/08\/DSC08797.jpg?resize=300%2C225&#038;ssl=1\" alt=\"DSC08797\" srcset=\"https:\/\/i1.wp.com\/www1.unicap.br\/assecom1\/wp-content\/uploads\/2015\/08\/DSC08797.jpg?resize=300%2C225&amp;ssl=1 300w, https:\/\/i1.wp.com\/www1.unicap.br\/assecom1\/wp-content\/uploads\/2015\/08\/DSC08797.jpg?resize=1024%2C768&amp;ssl=1 1024w, https:\/\/i1.wp.com\/www1.unicap.br\/assecom1\/wp-content\/uploads\/2015\/08\/DSC08797.jpg?resize=50%2C38&amp;ssl=1 50w, https:\/\/i1.wp.com\/www1.unicap.br\/assecom1\/wp-content\/uploads\/2015\/08\/DSC08797.jpg?w=1280&amp;ssl=1 1280w, https:\/\/i1.wp.com\/www1.unicap.br\/assecom1\/wp-content\/uploads\/2015\/08\/DSC08797.jpg?w=1920&amp;ssl=1 1920w\" sizes=\"(max-width: 300px) 100vw, 300px\" data-recalc-dims=\"1\" \/><\/a>Padre Pedro Rubens fez quest\u00e3o de agradecer a todos os respons\u00e1veis pelo evento: pesquisadores, alunos e professores, al\u00e9m de intensificar discurso sobre a necessidade da diminui\u00e7\u00e3o do descart\u00e1vel na sociedade. \u201cParece que o descart\u00e1vel est\u00e1 influenciando at\u00e9 as pessoas, as tornando descart\u00e1veis. Devemos diminuir o descart\u00e1vel, eliminar isso para que nossas vidas tamb\u00e9m n\u00e3o se tornem descart\u00e1veis\u201d, afirmou.<\/p>\n<p>&nbsp;<\/p>\n<p>&nbsp;<\/p>\n<p>&nbsp;<\/p>\n<div class=\"tiled-gallery type-rectangular tiled-gallery-unresized\" data-original-width=\"640\" data-carousel-extra='{&quot;blog_id&quot;:1,&quot;permalink&quot;:&quot;https:\\\/\\\/www1.unicap.br\\\/assecom1\\\/abertura-da-ii-semana-socioambiental-da-unicap\\\/&quot;,&quot;likes_blog_id&quot;:205082007}' itemscope itemtype=\"http:\/\/schema.org\/ImageGallery\" > <div class=\"gallery-row\" style=\"width: 640px; height: 321px;\" data-original-width=\"640\" data-original-height=\"321\" > <div class=\"gallery-group images-1\" style=\"width: 427px; height: 321px;\" data-original-width=\"427\" data-original-height=\"321\" > <div class=\"tiled-gallery-item tiled-gallery-item-large\" itemprop=\"associatedMedia\" itemscope itemtype=\"http:\/\/schema.org\/ImageObject\"> <a href=\"https:\/\/www1.unicap.br\/assecom1\/abertura-da-ii-semana-socioambiental-da-unicap\/dsc08796-3\/\" border=\"0\" itemprop=\"url\"> <meta itemprop=\"width\" content=\"423\"> <meta itemprop=\"height\" content=\"317\"> <img data-attachment-id=\"55013\" data-orig-file=\"https:\/\/www1.unicap.br\/assecom1\/wp-content\/uploads\/2015\/08\/DSC087961.jpg\" data-orig-size=\"4608,3456\" data-comments-opened=\"1\" data-image-meta=\"{&quot;aperture&quot;:&quot;3.5&quot;,&quot;credit&quot;:&quot;&quot;,&quot;camera&quot;:&quot;DSC-TX10&quot;,&quot;caption&quot;:&quot;&quot;,&quot;created_timestamp&quot;:&quot;1440617862&quot;,&quot;copyright&quot;:&quot;&quot;,&quot;focal_length&quot;:&quot;4.43&quot;,&quot;iso&quot;:&quot;800&quot;,&quot;shutter_speed&quot;:&quot;0.066666666666667&quot;,&quot;title&quot;:&quot;&quot;,&quot;orientation&quot;:&quot;1&quot;}\" data-image-title=\"DSC08796\" data-image-description=\"\" data-medium-file=\"https:\/\/i0.wp.com\/www1.unicap.br\/assecom1\/wp-content\/uploads\/2015\/08\/DSC087961.jpg?fit=300%2C225&#038;ssl=1\" data-large-file=\"https:\/\/i0.wp.com\/www1.unicap.br\/assecom1\/wp-content\/uploads\/2015\/08\/DSC087961.jpg?fit=640%2C480&#038;ssl=1\" src=\"https:\/\/i0.wp.com\/www1.unicap.br\/assecom1\/wp-content\/uploads\/2015\/08\/DSC087961.jpg?w=423&#038;h=317&#038;crop&#038;ssl=1\" width=\"423\" height=\"317\" data-original-width=\"423\" data-original-height=\"317\" itemprop=\"http:\/\/schema.org\/image\" title=\"DSC08796\" alt=\"DSC08796\" style=\"width: 423px; height: 317px;\" \/> <\/a> <\/div> <\/div> <!-- close group --> <div class=\"gallery-group images-2\" style=\"width: 213px; height: 321px;\" data-original-width=\"213\" data-original-height=\"321\" > <div class=\"tiled-gallery-item tiled-gallery-item-small\" itemprop=\"associatedMedia\" itemscope itemtype=\"http:\/\/schema.org\/ImageObject\"> <a href=\"https:\/\/www1.unicap.br\/assecom1\/abertura-da-ii-semana-socioambiental-da-unicap\/dsc08798\/\" border=\"0\" itemprop=\"url\"> <meta itemprop=\"width\" content=\"209\"> <meta itemprop=\"height\" content=\"157\"> <img data-attachment-id=\"55014\" data-orig-file=\"https:\/\/www1.unicap.br\/assecom1\/wp-content\/uploads\/2015\/08\/DSC08798.jpg\" data-orig-size=\"4608,3456\" data-comments-opened=\"1\" data-image-meta=\"{&quot;aperture&quot;:&quot;3.5&quot;,&quot;credit&quot;:&quot;&quot;,&quot;camera&quot;:&quot;DSC-TX10&quot;,&quot;caption&quot;:&quot;&quot;,&quot;created_timestamp&quot;:&quot;1440613241&quot;,&quot;copyright&quot;:&quot;&quot;,&quot;focal_length&quot;:&quot;4.43&quot;,&quot;iso&quot;:&quot;800&quot;,&quot;shutter_speed&quot;:&quot;0.066666666666667&quot;,&quot;title&quot;:&quot;&quot;,&quot;orientation&quot;:&quot;1&quot;}\" data-image-title=\"DSC08798\" data-image-description=\"\" data-medium-file=\"https:\/\/i2.wp.com\/www1.unicap.br\/assecom1\/wp-content\/uploads\/2015\/08\/DSC08798.jpg?fit=300%2C225&#038;ssl=1\" data-large-file=\"https:\/\/i2.wp.com\/www1.unicap.br\/assecom1\/wp-content\/uploads\/2015\/08\/DSC08798.jpg?fit=640%2C480&#038;ssl=1\" src=\"https:\/\/i2.wp.com\/www1.unicap.br\/assecom1\/wp-content\/uploads\/2015\/08\/DSC08798.jpg?w=209&#038;h=157&#038;crop&#038;ssl=1\" width=\"209\" height=\"157\" data-original-width=\"209\" data-original-height=\"157\" itemprop=\"http:\/\/schema.org\/image\" title=\"DSC08798\" alt=\"DSC08798\" style=\"width: 209px; height: 157px;\" \/> <\/a> <\/div> <div class=\"tiled-gallery-item tiled-gallery-item-small\" itemprop=\"associatedMedia\" itemscope itemtype=\"http:\/\/schema.org\/ImageObject\"> <a href=\"https:\/\/www1.unicap.br\/assecom1\/abertura-da-ii-semana-socioambiental-da-unicap\/dsc08799\/\" border=\"0\" itemprop=\"url\"> <meta itemprop=\"width\" content=\"209\"> <meta itemprop=\"height\" content=\"156\"> <img data-attachment-id=\"55015\" data-orig-file=\"https:\/\/www1.unicap.br\/assecom1\/wp-content\/uploads\/2015\/08\/DSC08799.jpg\" data-orig-size=\"4608,3456\" data-comments-opened=\"1\" data-image-meta=\"{&quot;aperture&quot;:&quot;3.5&quot;,&quot;credit&quot;:&quot;&quot;,&quot;camera&quot;:&quot;DSC-TX10&quot;,&quot;caption&quot;:&quot;&quot;,&quot;created_timestamp&quot;:&quot;1440614070&quot;,&quot;copyright&quot;:&quot;&quot;,&quot;focal_length&quot;:&quot;4.43&quot;,&quot;iso&quot;:&quot;1600&quot;,&quot;shutter_speed&quot;:&quot;0.066666666666667&quot;,&quot;title&quot;:&quot;&quot;,&quot;orientation&quot;:&quot;1&quot;}\" data-image-title=\"DSC08799\" data-image-description=\"\" data-medium-file=\"https:\/\/i0.wp.com\/www1.unicap.br\/assecom1\/wp-content\/uploads\/2015\/08\/DSC08799.jpg?fit=300%2C225&#038;ssl=1\" data-large-file=\"https:\/\/i0.wp.com\/www1.unicap.br\/assecom1\/wp-content\/uploads\/2015\/08\/DSC08799.jpg?fit=640%2C480&#038;ssl=1\" src=\"https:\/\/i0.wp.com\/www1.unicap.br\/assecom1\/wp-content\/uploads\/2015\/08\/DSC08799.jpg?w=209&#038;h=156&#038;crop&#038;ssl=1\" width=\"209\" height=\"156\" data-original-width=\"209\" data-original-height=\"156\" itemprop=\"http:\/\/schema.org\/image\" title=\"DSC08799\" alt=\"DSC08799\" style=\"width: 209px; height: 156px;\" \/> <\/a> <\/div> <\/div> <!-- close group --> <\/div> <!-- close row --> <\/div>\n<p>O evento foi o primeiro da agenda da II Semana Socioambiental da Unicap, e vai at\u00e9 o dia 28 deste m\u00eas. \u00a0Acompanhe o resto da programa\u00e7\u00e3o:<\/p>\n<p>27\/08\/2015<br \/>\n18H30 \u2013 RECEP\u00c7\u00c3O DOS PARTICIPANTES<br \/>\n18H50 \u2013\u00a0MESA REDONDA: \u201cOS PROBLEMAS E ALTERNATIVAS PARA A QUEST\u00c3O ENERG\u00c9TICA NO ESTADO DE PERNAMBUCO\u201d<br \/>\nCOORDENADOR DA MESA: ENGENHEIRO PAULO GAMA<br \/>\nDEBATEDORES: FRANCISCO BELO (FRS ENERGIA) E ANT\u00d4NIO VAREJ\u00c3O (CHESF)<br \/>\nLOCAL: AUDIT\u00d3RIO GI<br \/>\n28\/08\/2015<br \/>\n18H30 \u2013 RECEP\u00c7\u00c3O DOS PARTICIPANTES<br \/>\n18H50 \u2013 PALESTRA: \u201cPOL\u00cdTICA ESTADUAL DE ENFRENTAMENTO AS MUDAN\u00c7AS CLIM\u00c1TICAS\u201d<br \/>\nS\u00c9RGIO XAVIER (SECRET\u00c1RIO SEMAS-PE)<br \/>\nLOCAL: AUDIT\u00d3RIO GI<\/p>\n<p>&nbsp;<\/p>\n","protected":false},"excerpt":{"rendered":"<p>Com o tema desta Semana \u201c\u00c1gua &amp; Energia: Desafios para um desenvolvimento sustent\u00e1vel\u201d, teve in\u00edcio na noite desta quarta-feira (26) a II Semana Socioambiental da Universidade Cat\u00f3lica de Pernambuco.\u00a0 A iniciativa pretende alertar as pessoas sobre as quest\u00f5es socioambientais e as novas matrizes e necessidades ecol\u00f3gicas do planeta. A solenidade contou com a presen\u00e7a do [&hellip;]<\/p>\n","protected":false},"author":65,"featured_media":55012,"comment_status":"open","ping_status":"open","sticky":false,"template":"","format":"standard","meta":[],"categories":[4],"tags":[],"jetpack-related-posts":[],"_links":{"self":[{"href":"https:\/\/www1.unicap.br\/assecom1\/wp-json\/wp\/v2\/posts\/55007"}],"collection":[{"href":"https:\/\/www1.unicap.br\/assecom1\/wp-json\/wp\/v2\/posts"}],"about":[{"href":"https:\/\/www1.unicap.br\/assecom1\/wp-json\/wp\/v2\/types\/post"}],"author":[{"embeddable":true,"href":"https:\/\/www1.unicap.br\/assecom1\/wp-json\/wp\/v2\/users\/65"}],"replies":[{"embeddable":true,"href":"https:\/\/www1.unicap.br\/assecom1\/wp-json\/wp\/v2\/comments?post=55007"}],"version-history":[{"count":4,"href":"https:\/\/www1.unicap.br\/assecom1\/wp-json\/wp\/v2\/posts\/55007\/revisions"}],"predecessor-version":[{"id":55057,"href":"https:\/\/www1.unicap.br\/assecom1\/wp-json\/wp\/v2\/posts\/55007\/revisions\/55057"}],"wp:featuredmedia":[{"embeddable":true,"href":"https:\/\/www1.unicap.br\/assecom1\/wp-json\/wp\/v2\/media\/55012"}],"wp:attachment":[{"href":"https:\/\/www1.unicap.br\/assecom1\/wp-json\/wp\/v2\/media?parent=55007"}],"wp:term":[{"taxonomy":"category","embeddable":true,"href":"https:\/\/www1.unicap.br\/assecom1\/wp-json\/wp\/v2\/categories?post=55007"},{"taxonomy":"post_tag","embeddable":true,"href":"https:\/\/www1.unicap.br\/assecom1\/wp-json\/wp\/v2\/tags?post=55007"}],"curies":[{"name":"wp","href":"https:\/\/api.w.org\/{rel}","templated":true}]}}