{"id":54946,"date":"2015-08-25T19:10:59","date_gmt":"2015-08-25T22:10:59","guid":{"rendered":"http:\/\/www.unicap.br\/assecom1\/?p=54946"},"modified":"2015-08-27T19:22:39","modified_gmt":"2015-08-27T22:22:39","slug":"catolica-sediara-torneio-internacional-de-mediacao","status":"publish","type":"post","link":"https:\/\/www1.unicap.br\/assecom1\/catolica-sediara-torneio-internacional-de-mediacao\/","title":{"rendered":"Cat\u00f3lica sediar\u00e1 Torneio Internacional de Media\u00e7\u00e3o"},"content":{"rendered":"<figure id=\"attachment_55017\" aria-describedby=\"caption-attachment-55017\" style=\"width: 1024px\" class=\"wp-caption alignleft\"><a href=\"https:\/\/i2.wp.com\/www1.unicap.br\/assecom1\/wp-content\/uploads\/2015\/08\/Lapa.jpg?ssl=1\"><img data-attachment-id=\"55017\" data-permalink=\"https:\/\/www1.unicap.br\/assecom1\/catolica-sediara-torneio-internacional-de-mediacao\/lapa\/\" data-orig-file=\"https:\/\/i2.wp.com\/www1.unicap.br\/assecom1\/wp-content\/uploads\/2015\/08\/Lapa.jpg?fit=1280%2C720&amp;ssl=1\" data-orig-size=\"1280,720\" data-comments-opened=\"1\" data-image-meta=\"{&quot;aperture&quot;:&quot;0&quot;,&quot;credit&quot;:&quot;&quot;,&quot;camera&quot;:&quot;&quot;,&quot;caption&quot;:&quot;&quot;,&quot;created_timestamp&quot;:&quot;0&quot;,&quot;copyright&quot;:&quot;&quot;,&quot;focal_length&quot;:&quot;0&quot;,&quot;iso&quot;:&quot;0&quot;,&quot;shutter_speed&quot;:&quot;0&quot;,&quot;title&quot;:&quot;&quot;,&quot;orientation&quot;:&quot;0&quot;}\" data-image-title=\"Lapa\" data-image-description=\"\" data-medium-file=\"https:\/\/i2.wp.com\/www1.unicap.br\/assecom1\/wp-content\/uploads\/2015\/08\/Lapa.jpg?fit=300%2C169&amp;ssl=1\" data-large-file=\"https:\/\/i2.wp.com\/www1.unicap.br\/assecom1\/wp-content\/uploads\/2015\/08\/Lapa.jpg?fit=640%2C360&amp;ssl=1\" loading=\"lazy\" class=\"size-large wp-image-55017\" src=\"https:\/\/i2.wp.com\/www1.unicap.br\/assecom1\/wp-content\/uploads\/2015\/08\/Lapa.jpg?resize=640%2C360&#038;ssl=1\" alt=\"Fernando Lapa\" srcset=\"https:\/\/i2.wp.com\/www1.unicap.br\/assecom1\/wp-content\/uploads\/2015\/08\/Lapa.jpg?resize=1024%2C576&amp;ssl=1 1024w, https:\/\/i2.wp.com\/www1.unicap.br\/assecom1\/wp-content\/uploads\/2015\/08\/Lapa.jpg?resize=300%2C169&amp;ssl=1 300w, https:\/\/i2.wp.com\/www1.unicap.br\/assecom1\/wp-content\/uploads\/2015\/08\/Lapa.jpg?resize=50%2C28&amp;ssl=1 50w, https:\/\/i2.wp.com\/www1.unicap.br\/assecom1\/wp-content\/uploads\/2015\/08\/Lapa.jpg?w=1280&amp;ssl=1 1280w\" sizes=\"(max-width: 640px) 100vw, 640px\" data-recalc-dims=\"1\" \/><\/a><figcaption id=\"caption-attachment-55017\" class=\"wp-caption-text\">Fernando Lapa<\/figcaption><\/figure>\n<p>O N\u00facleo de Pr\u00e1tica Jur\u00eddica da Cat\u00f3lica (Astepi) ir\u00e1 sediar, entre os pr\u00f3ximos dias 1 e 4 de setembro, o I Torneio Internacional de Media\u00e7\u00e3o.\u00a0O evento \u00e9 organizado pela Escola Superior da Magistratura do Trabalho da 6\u00aa Regi\u00e3o (Esmatra 6) sob\u00a0a supervis\u00e3o da <em>The Internacional Academy of Dispute Resolution (INADR)<\/em> e com o apoio institucional dos cursos de gradua\u00e7\u00e3o e de mestrado em Direito da Unicap.<\/p>\n<p>O coordenador da Astepi, Prof. Fernando Lapa, destaca a import\u00e2ncia da media\u00e7\u00e3o para a forma\u00e7\u00e3o dos futuros advogados. \u201cO novo C\u00f3digo de Processo Civil, que entrar\u00e1 em vigor em mar\u00e7o\u00a0de 2016, j\u00e1 prev\u00ea a media\u00e7\u00e3o como parte do processo. Em vez de litigar, vamos fazer as partes dialogar mais. \u00c9 um avan\u00e7o extraordin\u00e1rio para os operadores do Direito. O advogado ter\u00e1 um papel importante na conscientiza\u00e7\u00e3o do cliente sobre a concilia\u00e7\u00e3o\u201d. Lapa ressalta tamb\u00e9m que esta \u00e9 a primeira vez que um torneio desse tipo \u00e9 realizado no Nordeste do Brasil.<\/p>\n<p>Podem participar da competi\u00e7\u00e3o, equipes de qualquer faculdade de Direito do Brasil e do exterior. A inscri\u00e7\u00f5es devem ser feitas at\u00e9 o pr\u00f3ximo dia 31 de agosto pelo e-mail esmatra@terra.com.br. N\u00e3o h\u00e1 limite quanto ao n\u00famero de equipes de uma mesma institui\u00e7\u00e3o.<\/p>\n<p><img data-attachment-id=\"54949\" data-permalink=\"https:\/\/www1.unicap.br\/assecom1\/catolica-sediara-torneio-internacional-de-mediacao\/torneio-internacional-de-mediacao-2\/\" data-orig-file=\"https:\/\/i1.wp.com\/www1.unicap.br\/assecom1\/wp-content\/uploads\/2015\/08\/Torneio-Internacional-de-Mediacao-2-e1440540647700.jpg?fit=460%2C368&amp;ssl=1\" data-orig-size=\"460,368\" data-comments-opened=\"1\" data-image-meta=\"{&quot;aperture&quot;:&quot;0&quot;,&quot;credit&quot;:&quot;&quot;,&quot;camera&quot;:&quot;&quot;,&quot;caption&quot;:&quot;&quot;,&quot;created_timestamp&quot;:&quot;0&quot;,&quot;copyright&quot;:&quot;&quot;,&quot;focal_length&quot;:&quot;0&quot;,&quot;iso&quot;:&quot;0&quot;,&quot;shutter_speed&quot;:&quot;0&quot;,&quot;title&quot;:&quot;&quot;,&quot;orientation&quot;:&quot;0&quot;}\" data-image-title=\"Torneio Internacional de Mediacao (2)\" data-image-description=\"\" data-medium-file=\"https:\/\/i1.wp.com\/www1.unicap.br\/assecom1\/wp-content\/uploads\/2015\/08\/Torneio-Internacional-de-Mediacao-2-e1440540647700.jpg?fit=300%2C240&amp;ssl=1\" data-large-file=\"https:\/\/i1.wp.com\/www1.unicap.br\/assecom1\/wp-content\/uploads\/2015\/08\/Torneio-Internacional-de-Mediacao-2-e1440540647700.jpg?fit=460%2C368&amp;ssl=1\" loading=\"lazy\" class=\"alignleft size-medium wp-image-54949\" src=\"https:\/\/i0.wp.com\/www1.unicap.br\/assecom1\/wp-content\/uploads\/2015\/08\/Torneio-Internacional-de-Mediacao-2.jpg?resize=221%2C300&#038;ssl=1\" alt=\"Torneio Internacional de Mediacao (2)\" data-recalc-dims=\"1\" \/>As\u00a0equipes podem ser formadas por alunos da gradua\u00e7\u00e3o, especializa\u00e7\u00e3o, mestrado em Direito ou egressos com menos de doze meses de formados, desde que eles n\u00e3o tenham atuado profissionalmente como advogados.<\/p>\n<p>A competi\u00e7\u00e3o ser\u00e1 realizada na sede da Astepi, localizada na Rua Afonso Pena, N\u00ba 249, no bairro de Santo Amaro, no Recife. Pela manh\u00e3, das 8h \u00e0s 12h e \u00e0 tarde, das 13h \u00e0s 17h. \u00a0Vale ressaltar que toda a disputa ser\u00e1 desenvolvida em ingl\u00eas.<\/p>\n<p>O torneio ser\u00e1 organizado em duas etapas, sendo uma fase de treinamento (1\u00ba e 2 de setembro) e a outra de competi\u00e7\u00e3o (3 e 4 de setembro). O treinamento ser\u00e1 dedicado \u00e0 prepara\u00e7\u00e3o das equipes e dos julgadores, envolvendo aulas te\u00f3ricas e pr\u00e1ticas sobre media\u00e7\u00e3o sob a condu\u00e7\u00e3o do diretor do torneio, o professor da <em>Drake University <\/em>(Iowa-EUA), Dick Calkins.<\/p>\n<p>A cada rodada, haver\u00e1 uma equipe representando o autor (com um advogado e um cliente), outra equipe representando o r\u00e9u ( com um advogado e um cliente), e dois mediadores de outras equipes que n\u00e3o participam da disputa. Eles v\u00e3o mediar um caso fict\u00edcio a ser apresentado pela organiza\u00e7\u00e3o do torneio. Cada disputa ter\u00e1 90 minutos de dura\u00e7\u00e3o.<\/p>\n<p>A Esmatra fornecer\u00e1 certificados de participa\u00e7\u00e3o para cada competidor \u00a0e cada julgador. Os vencedores ganhar\u00e3o bolsas integrais em cursos de p\u00f3s-gradua\u00e7\u00e3o e\/ou prepara\u00e7\u00e3o promovidos pela Esmatra. Outras informa\u00e7\u00f5es podem ser obtidas pelos telefones 3426-0110 ou 3241-8705. Confira a \u00edntegra do\u00a0<a href=\"https:\/\/www1.unicap.br\/assecom1\/wp-content\/uploads\/2015\/08\/Edital-do-I-Torneio-de-Mediacao-2.pdf\">Edital do I Torneio de Mediacao<\/a>.<\/p>\n","protected":false},"excerpt":{"rendered":"<p>O N\u00facleo de Pr\u00e1tica Jur\u00eddica da Cat\u00f3lica (Astepi) ir\u00e1 sediar, entre os pr\u00f3ximos dias 1 e 4 de setembro, o I Torneio Internacional de Media\u00e7\u00e3o.\u00a0O evento \u00e9 organizado pela Escola Superior da Magistratura do Trabalho da 6\u00aa Regi\u00e3o (Esmatra 6) sob\u00a0a supervis\u00e3o da The Internacional Academy of Dispute Resolution (INADR) e com o apoio institucional [&hellip;]<\/p>\n","protected":false},"author":8,"featured_media":54949,"comment_status":"open","ping_status":"open","sticky":false,"template":"","format":"standard","meta":[],"categories":[4],"tags":[],"jetpack-related-posts":[],"_links":{"self":[{"href":"https:\/\/www1.unicap.br\/assecom1\/wp-json\/wp\/v2\/posts\/54946"}],"collection":[{"href":"https:\/\/www1.unicap.br\/assecom1\/wp-json\/wp\/v2\/posts"}],"about":[{"href":"https:\/\/www1.unicap.br\/assecom1\/wp-json\/wp\/v2\/types\/post"}],"author":[{"embeddable":true,"href":"https:\/\/www1.unicap.br\/assecom1\/wp-json\/wp\/v2\/users\/8"}],"replies":[{"embeddable":true,"href":"https:\/\/www1.unicap.br\/assecom1\/wp-json\/wp\/v2\/comments?post=54946"}],"version-history":[{"count":5,"href":"https:\/\/www1.unicap.br\/assecom1\/wp-json\/wp\/v2\/posts\/54946\/revisions"}],"predecessor-version":[{"id":55019,"href":"https:\/\/www1.unicap.br\/assecom1\/wp-json\/wp\/v2\/posts\/54946\/revisions\/55019"}],"wp:featuredmedia":[{"embeddable":true,"href":"https:\/\/www1.unicap.br\/assecom1\/wp-json\/wp\/v2\/media\/54949"}],"wp:attachment":[{"href":"https:\/\/www1.unicap.br\/assecom1\/wp-json\/wp\/v2\/media?parent=54946"}],"wp:term":[{"taxonomy":"category","embeddable":true,"href":"https:\/\/www1.unicap.br\/assecom1\/wp-json\/wp\/v2\/categories?post=54946"},{"taxonomy":"post_tag","embeddable":true,"href":"https:\/\/www1.unicap.br\/assecom1\/wp-json\/wp\/v2\/tags?post=54946"}],"curies":[{"name":"wp","href":"https:\/\/api.w.org\/{rel}","templated":true}]}}