{"id":54466,"date":"2015-08-07T19:53:37","date_gmt":"2015-08-07T22:53:37","guid":{"rendered":"http:\/\/www.unicap.br\/assecom1\/?p=54466"},"modified":"2015-08-10T16:50:59","modified_gmt":"2015-08-10T19:50:59","slug":"patrimonio-cultural-do-recife-e-tema-de-minicurso-no-museu-de-arqueologia","status":"publish","type":"post","link":"https:\/\/www1.unicap.br\/assecom1\/patrimonio-cultural-do-recife-e-tema-de-minicurso-no-museu-de-arqueologia\/","title":{"rendered":"Patrim\u00f4nio cultural do Recife \u00e9 tema de minicurso no Museu de Arqueologia"},"content":{"rendered":"<p><img data-attachment-id=\"54532\" data-permalink=\"https:\/\/www1.unicap.br\/assecom1\/patrimonio-cultural-do-recife-e-tema-de-minicurso-no-museu-de-arqueologia\/a5442d14a3dc2f56981b84c2b48d99c8\/\" data-orig-file=\"https:\/\/i1.wp.com\/www1.unicap.br\/assecom1\/wp-content\/uploads\/2015\/08\/a5442d14a3dc2f56981b84c2b48d99c8.jpg?fit=1000%2C670&amp;ssl=1\" data-orig-size=\"1000,670\" data-comments-opened=\"1\" data-image-meta=\"{&quot;aperture&quot;:&quot;0&quot;,&quot;credit&quot;:&quot;&quot;,&quot;camera&quot;:&quot;&quot;,&quot;caption&quot;:&quot;&quot;,&quot;created_timestamp&quot;:&quot;0&quot;,&quot;copyright&quot;:&quot;&quot;,&quot;focal_length&quot;:&quot;0&quot;,&quot;iso&quot;:&quot;0&quot;,&quot;shutter_speed&quot;:&quot;0&quot;,&quot;title&quot;:&quot;&quot;,&quot;orientation&quot;:&quot;0&quot;}\" data-image-title=\"a5442d14a3dc2f56981b84c2b48d99c8\" data-image-description=\"\" data-medium-file=\"https:\/\/i1.wp.com\/www1.unicap.br\/assecom1\/wp-content\/uploads\/2015\/08\/a5442d14a3dc2f56981b84c2b48d99c8.jpg?fit=300%2C201&amp;ssl=1\" data-large-file=\"https:\/\/i1.wp.com\/www1.unicap.br\/assecom1\/wp-content\/uploads\/2015\/08\/a5442d14a3dc2f56981b84c2b48d99c8.jpg?fit=640%2C429&amp;ssl=1\" loading=\"lazy\" class=\"alignnone size-full wp-image-54532\" src=\"https:\/\/i1.wp.com\/www1.unicap.br\/assecom1\/wp-content\/uploads\/2015\/08\/a5442d14a3dc2f56981b84c2b48d99c8.jpg?resize=640%2C429&#038;ssl=1\" alt=\"a5442d14a3dc2f56981b84c2b48d99c8\" srcset=\"https:\/\/i1.wp.com\/www1.unicap.br\/assecom1\/wp-content\/uploads\/2015\/08\/a5442d14a3dc2f56981b84c2b48d99c8.jpg?w=1000&amp;ssl=1 1000w, https:\/\/i1.wp.com\/www1.unicap.br\/assecom1\/wp-content\/uploads\/2015\/08\/a5442d14a3dc2f56981b84c2b48d99c8.jpg?resize=300%2C200&amp;ssl=1 300w, https:\/\/i1.wp.com\/www1.unicap.br\/assecom1\/wp-content\/uploads\/2015\/08\/a5442d14a3dc2f56981b84c2b48d99c8.jpg?resize=50%2C34&amp;ssl=1 50w\" sizes=\"(max-width: 640px) 100vw, 640px\" data-recalc-dims=\"1\" \/>O Museu de Arqueologia da Cat\u00f3lica est\u00e1 com inscri\u00e7\u00f5es abertas para o minicurso <em>Conhecendo a Hist\u00f3ria<\/em> do Recife atrav\u00e9s do seu patrim\u00f4nio cultural. As aulas s\u00e3o destinadas a crian\u00e7as entre 10 e 14 anos e ser\u00e3o realizadas entre os pr\u00f3ximos dias 17 e 21 de agosto na sede do museu localizada no Pal\u00e1cio da Soledade.<\/p>\n<p>A taxa de inscri\u00e7\u00e3o \u00e9 de R$ 100,00 e inclui todo o material.\u00a0 As inscri\u00e7\u00f5es devem ser feitas no www.unicap.br. O curso faz parte da programa\u00e7\u00e3o da VIII Semana do Patrim\u00f4nio, promovida pelo Iphan e Fundarpe. Outras informa\u00e7\u00f5es podem ser obtidas pelo telefone 2119-4192.<\/p>\n","protected":false},"excerpt":{"rendered":"<p>O Museu de Arqueologia da Cat\u00f3lica est\u00e1 com inscri\u00e7\u00f5es abertas para o minicurso Conhecendo a Hist\u00f3ria do Recife atrav\u00e9s do seu patrim\u00f4nio cultural. As aulas s\u00e3o destinadas a crian\u00e7as entre 10 e 14 anos e ser\u00e3o realizadas entre os pr\u00f3ximos dias 17 e 21 de agosto na sede do museu localizada no Pal\u00e1cio da Soledade. [&hellip;]<\/p>\n","protected":false},"author":8,"featured_media":54532,"comment_status":"open","ping_status":"open","sticky":false,"template":"","format":"standard","meta":[],"categories":[286,4],"tags":[],"jetpack-related-posts":[],"_links":{"self":[{"href":"https:\/\/www1.unicap.br\/assecom1\/wp-json\/wp\/v2\/posts\/54466"}],"collection":[{"href":"https:\/\/www1.unicap.br\/assecom1\/wp-json\/wp\/v2\/posts"}],"about":[{"href":"https:\/\/www1.unicap.br\/assecom1\/wp-json\/wp\/v2\/types\/post"}],"author":[{"embeddable":true,"href":"https:\/\/www1.unicap.br\/assecom1\/wp-json\/wp\/v2\/users\/8"}],"replies":[{"embeddable":true,"href":"https:\/\/www1.unicap.br\/assecom1\/wp-json\/wp\/v2\/comments?post=54466"}],"version-history":[{"count":2,"href":"https:\/\/www1.unicap.br\/assecom1\/wp-json\/wp\/v2\/posts\/54466\/revisions"}],"predecessor-version":[{"id":54533,"href":"https:\/\/www1.unicap.br\/assecom1\/wp-json\/wp\/v2\/posts\/54466\/revisions\/54533"}],"wp:featuredmedia":[{"embeddable":true,"href":"https:\/\/www1.unicap.br\/assecom1\/wp-json\/wp\/v2\/media\/54532"}],"wp:attachment":[{"href":"https:\/\/www1.unicap.br\/assecom1\/wp-json\/wp\/v2\/media?parent=54466"}],"wp:term":[{"taxonomy":"category","embeddable":true,"href":"https:\/\/www1.unicap.br\/assecom1\/wp-json\/wp\/v2\/categories?post=54466"},{"taxonomy":"post_tag","embeddable":true,"href":"https:\/\/www1.unicap.br\/assecom1\/wp-json\/wp\/v2\/tags?post=54466"}],"curies":[{"name":"wp","href":"https:\/\/api.w.org\/{rel}","templated":true}]}}