{"id":54322,"date":"2015-08-04T18:24:25","date_gmt":"2015-08-04T21:24:25","guid":{"rendered":"http:\/\/www.unicap.br\/assecom1\/?p=54322"},"modified":"2015-08-04T18:34:39","modified_gmt":"2015-08-04T21:34:39","slug":"expoente-da-musica-portuguesa-na-unicap","status":"publish","type":"post","link":"https:\/\/www1.unicap.br\/assecom1\/expoente-da-musica-portuguesa-na-unicap\/","title":{"rendered":"Lan\u00e7amento de livro do Padre Tolentino ter\u00e1 expoente da m\u00fasica portuguesa"},"content":{"rendered":"<figure id=\"attachment_54324\" aria-describedby=\"caption-attachment-54324\" style=\"width: 1024px\" class=\"wp-caption alignleft\"><a href=\"https:\/\/i0.wp.com\/www1.unicap.br\/assecom1\/wp-content\/uploads\/2015\/08\/MG_3447.jpg?ssl=1\"><img data-attachment-id=\"54324\" data-permalink=\"https:\/\/www1.unicap.br\/assecom1\/expoente-da-musica-portuguesa-na-unicap\/_mg_3447\/\" data-orig-file=\"https:\/\/i0.wp.com\/www1.unicap.br\/assecom1\/wp-content\/uploads\/2015\/08\/MG_3447.jpg?fit=3861%2C2574&amp;ssl=1\" data-orig-size=\"3861,2574\" data-comments-opened=\"1\" data-image-meta=\"{&quot;aperture&quot;:&quot;2&quot;,&quot;credit&quot;:&quot;&quot;,&quot;camera&quot;:&quot;Canon EOS 5D Mark II&quot;,&quot;caption&quot;:&quot;&quot;,&quot;created_timestamp&quot;:&quot;1438703363&quot;,&quot;copyright&quot;:&quot;&quot;,&quot;focal_length&quot;:&quot;50&quot;,&quot;iso&quot;:&quot;500&quot;,&quot;shutter_speed&quot;:&quot;0.01&quot;,&quot;title&quot;:&quot;&quot;,&quot;orientation&quot;:&quot;0&quot;}\" data-image-title=\"_MG_3447\" data-image-description=\"\" data-medium-file=\"https:\/\/i0.wp.com\/www1.unicap.br\/assecom1\/wp-content\/uploads\/2015\/08\/MG_3447.jpg?fit=300%2C200&amp;ssl=1\" data-large-file=\"https:\/\/i0.wp.com\/www1.unicap.br\/assecom1\/wp-content\/uploads\/2015\/08\/MG_3447.jpg?fit=640%2C427&amp;ssl=1\" loading=\"lazy\" class=\"wp-image-54324 size-large\" src=\"https:\/\/i0.wp.com\/www1.unicap.br\/assecom1\/wp-content\/uploads\/2015\/08\/MG_3447.jpg?resize=640%2C427&#038;ssl=1\" alt=\"_MG_3447\" srcset=\"https:\/\/i0.wp.com\/www1.unicap.br\/assecom1\/wp-content\/uploads\/2015\/08\/MG_3447.jpg?resize=1024%2C683&amp;ssl=1 1024w, https:\/\/i0.wp.com\/www1.unicap.br\/assecom1\/wp-content\/uploads\/2015\/08\/MG_3447.jpg?resize=300%2C200&amp;ssl=1 300w, https:\/\/i0.wp.com\/www1.unicap.br\/assecom1\/wp-content\/uploads\/2015\/08\/MG_3447.jpg?resize=50%2C33&amp;ssl=1 50w, https:\/\/i0.wp.com\/www1.unicap.br\/assecom1\/wp-content\/uploads\/2015\/08\/MG_3447.jpg?w=1280&amp;ssl=1 1280w, https:\/\/i0.wp.com\/www1.unicap.br\/assecom1\/wp-content\/uploads\/2015\/08\/MG_3447.jpg?w=1920&amp;ssl=1 1920w\" sizes=\"(max-width: 640px) 100vw, 640px\" data-recalc-dims=\"1\" \/><\/a><figcaption id=\"caption-attachment-54324\" class=\"wp-caption-text\">Fotos: Gustavo Gl\u00f3ria<\/figcaption><\/figure>\n<p>Quem participar do lan\u00e7amento do livro do Padre Jos\u00e9 Tolentino nesta quarta-feira (5), \u00e0s 15h, ter\u00e1 uma oportunidade de assistir a um show de um dos\u00a0expoentes da m\u00fasica lusitana. O cantor e compositor Fernando Tordo ir\u00e1 se apresentar, no Sal\u00e3o Receptivo, juntamente com Percy Marques e com o m\u00fasico austr\u00edaco Sebastian Poch logo depois do debate no audit\u00f3rio G1.<\/p>\n<p>Tordo est\u00e1 comemorando 50 anos de carreira. &#8220;Ele \u00e9 o &#8216;Roberto \u00a0Carlos&#8217; de Portugal&#8221;, garante Percy. Fernando venceu o <a href=\"https:\/\/youtu.be\/ZrQzEXIUYQQ\">Festival RTP da Can\u00e7\u00e3o de 1973 com a m\u00fasica <em>Tourada <\/em><\/a>e o de 1977 com <a href=\"https:\/\/youtu.be\/4Xnn04MfRHw\"><em>Portugal no Cora\u00e7\u00e3o<\/em>.<\/a><\/p>\n<div class=\"tiled-gallery type-rectangular tiled-gallery-unresized\" data-original-width=\"640\" data-carousel-extra='{&quot;blog_id&quot;:1,&quot;permalink&quot;:&quot;https:\\\/\\\/www1.unicap.br\\\/assecom1\\\/expoente-da-musica-portuguesa-na-unicap\\\/&quot;,&quot;likes_blog_id&quot;:205082007}' itemscope itemtype=\"http:\/\/schema.org\/ImageGallery\" > <div class=\"gallery-row\" style=\"width: 640px; height: 302px;\" data-original-width=\"640\" data-original-height=\"302\" > <div class=\"gallery-group images-1\" style=\"width: 415px; height: 302px;\" data-original-width=\"415\" data-original-height=\"302\" > <div class=\"tiled-gallery-item tiled-gallery-item-large\" itemprop=\"associatedMedia\" itemscope itemtype=\"http:\/\/schema.org\/ImageObject\"> <a href=\"https:\/\/www1.unicap.br\/assecom1\/expoente-da-musica-portuguesa-na-unicap\/_mg_3429\/\" border=\"0\" itemprop=\"url\"> <meta itemprop=\"width\" content=\"411\"> <meta itemprop=\"height\" content=\"298\"> <img data-attachment-id=\"54326\" data-orig-file=\"https:\/\/www1.unicap.br\/assecom1\/wp-content\/uploads\/2015\/08\/MG_3429-e1438723439505.jpg\" data-orig-size=\"3059,2220\" data-comments-opened=\"1\" data-image-meta=\"{&quot;aperture&quot;:&quot;2&quot;,&quot;credit&quot;:&quot;&quot;,&quot;camera&quot;:&quot;Canon EOS 5D Mark II&quot;,&quot;caption&quot;:&quot;&quot;,&quot;created_timestamp&quot;:&quot;1438702442&quot;,&quot;copyright&quot;:&quot;&quot;,&quot;focal_length&quot;:&quot;50&quot;,&quot;iso&quot;:&quot;320&quot;,&quot;shutter_speed&quot;:&quot;0.016666666666667&quot;,&quot;title&quot;:&quot;&quot;,&quot;orientation&quot;:&quot;0&quot;}\" data-image-title=\"_MG_3429\" data-image-description=\"\" data-medium-file=\"https:\/\/i0.wp.com\/www1.unicap.br\/assecom1\/wp-content\/uploads\/2015\/08\/MG_3429-e1438723439505.jpg?fit=300%2C218&#038;ssl=1\" data-large-file=\"https:\/\/i0.wp.com\/www1.unicap.br\/assecom1\/wp-content\/uploads\/2015\/08\/MG_3429-e1438723439505.jpg?fit=640%2C464&#038;ssl=1\" src=\"https:\/\/i0.wp.com\/www1.unicap.br\/assecom1\/wp-content\/uploads\/2015\/08\/MG_3429-e1438723439505.jpg?w=411&#038;h=298&#038;crop&#038;ssl=1\" width=\"411\" height=\"298\" data-original-width=\"411\" data-original-height=\"298\" itemprop=\"http:\/\/schema.org\/image\" title=\"_MG_3429\" alt=\"Fernando Tordo\" style=\"width: 411px; height: 298px;\" \/> <\/a> <div class=\"tiled-gallery-caption\" itemprop=\"caption description\"> Fernando Tordo <\/div> <\/div> <\/div> <!-- close group --> <div class=\"gallery-group images-2\" style=\"width: 225px; height: 302px;\" data-original-width=\"225\" data-original-height=\"302\" > <div class=\"tiled-gallery-item tiled-gallery-item-small\" itemprop=\"associatedMedia\" itemscope itemtype=\"http:\/\/schema.org\/ImageObject\"> <a href=\"https:\/\/www1.unicap.br\/assecom1\/expoente-da-musica-portuguesa-na-unicap\/_mg_3461\/\" border=\"0\" itemprop=\"url\"> <meta itemprop=\"width\" content=\"221\"> <meta itemprop=\"height\" content=\"147\"> <img data-attachment-id=\"54325\" data-orig-file=\"https:\/\/www1.unicap.br\/assecom1\/wp-content\/uploads\/2015\/08\/MG_3461.jpg\" data-orig-size=\"3861,2574\" data-comments-opened=\"1\" data-image-meta=\"{&quot;aperture&quot;:&quot;2&quot;,&quot;credit&quot;:&quot;&quot;,&quot;camera&quot;:&quot;Canon EOS 5D Mark II&quot;,&quot;caption&quot;:&quot;&quot;,&quot;created_timestamp&quot;:&quot;1438703613&quot;,&quot;copyright&quot;:&quot;&quot;,&quot;focal_length&quot;:&quot;50&quot;,&quot;iso&quot;:&quot;500&quot;,&quot;shutter_speed&quot;:&quot;0.01&quot;,&quot;title&quot;:&quot;&quot;,&quot;orientation&quot;:&quot;0&quot;}\" data-image-title=\"_MG_3461\" data-image-description=\"\" data-medium-file=\"https:\/\/i0.wp.com\/www1.unicap.br\/assecom1\/wp-content\/uploads\/2015\/08\/MG_3461.jpg?fit=300%2C200&#038;ssl=1\" data-large-file=\"https:\/\/i0.wp.com\/www1.unicap.br\/assecom1\/wp-content\/uploads\/2015\/08\/MG_3461.jpg?fit=640%2C427&#038;ssl=1\" src=\"https:\/\/i0.wp.com\/www1.unicap.br\/assecom1\/wp-content\/uploads\/2015\/08\/MG_3461.jpg?w=221&#038;h=147&#038;crop&#038;ssl=1\" width=\"221\" height=\"147\" data-original-width=\"221\" data-original-height=\"147\" itemprop=\"http:\/\/schema.org\/image\" title=\"_MG_3461\" alt=\"Sebastian Poch\" style=\"width: 221px; height: 147px;\" \/> <\/a> <div class=\"tiled-gallery-caption\" itemprop=\"caption description\"> Sebastian Poch <\/div> <\/div> <div class=\"tiled-gallery-item tiled-gallery-item-small\" itemprop=\"associatedMedia\" itemscope itemtype=\"http:\/\/schema.org\/ImageObject\"> <a href=\"https:\/\/www1.unicap.br\/assecom1\/expoente-da-musica-portuguesa-na-unicap\/_mg_3452\/\" border=\"0\" itemprop=\"url\"> <meta itemprop=\"width\" content=\"221\"> <meta itemprop=\"height\" content=\"147\"> <img data-attachment-id=\"54327\" data-orig-file=\"https:\/\/www1.unicap.br\/assecom1\/wp-content\/uploads\/2015\/08\/MG_3452.jpg\" data-orig-size=\"3861,2574\" data-comments-opened=\"1\" data-image-meta=\"{&quot;aperture&quot;:&quot;2&quot;,&quot;credit&quot;:&quot;&quot;,&quot;camera&quot;:&quot;Canon EOS 5D Mark II&quot;,&quot;caption&quot;:&quot;&quot;,&quot;created_timestamp&quot;:&quot;1438703423&quot;,&quot;copyright&quot;:&quot;&quot;,&quot;focal_length&quot;:&quot;50&quot;,&quot;iso&quot;:&quot;320&quot;,&quot;shutter_speed&quot;:&quot;0.01&quot;,&quot;title&quot;:&quot;&quot;,&quot;orientation&quot;:&quot;0&quot;}\" data-image-title=\"_MG_3452\" data-image-description=\"\" data-medium-file=\"https:\/\/i1.wp.com\/www1.unicap.br\/assecom1\/wp-content\/uploads\/2015\/08\/MG_3452.jpg?fit=300%2C200&#038;ssl=1\" data-large-file=\"https:\/\/i1.wp.com\/www1.unicap.br\/assecom1\/wp-content\/uploads\/2015\/08\/MG_3452.jpg?fit=640%2C427&#038;ssl=1\" src=\"https:\/\/i1.wp.com\/www1.unicap.br\/assecom1\/wp-content\/uploads\/2015\/08\/MG_3452.jpg?w=221&#038;h=147&#038;crop&#038;ssl=1\" width=\"221\" height=\"147\" data-original-width=\"221\" data-original-height=\"147\" itemprop=\"http:\/\/schema.org\/image\" title=\"_MG_3452\" alt=\"Percy Marques\" style=\"width: 221px; height: 147px;\" \/> <\/a> <div class=\"tiled-gallery-caption\" itemprop=\"caption description\"> Percy Marques <\/div> <\/div> <\/div> <!-- close group --> <\/div> <!-- close row --> <\/div>\n<p>Junto com o poeta portugu\u00eas Jos\u00e9 Carlos Ary dos Santos ele comp\u00f4s outros cl\u00e1ssicos como\u00a0<em>Estrela da Tarde<\/em>, <em>Lisboa Menina<\/em> e <em>Mo\u00e7a<\/em>, <em>Cavalo \u00e0 Solta<\/em>, <em>Balada para os Nossos Filhos<\/em> e <em>O Amigo que eu canto<\/em>. &#8220;A minha gera\u00e7\u00e3o transformou o fado&#8221;, disse Fernando.<\/p>\n<p>Tordo est\u00e1 morando no Recife h\u00e1 um ano e meio. Ele preparou um show especial para a Unicap com can\u00e7\u00f5es que ser\u00e3o apresentadas pela primeira vez. &#8220;Tamb\u00e9m vou apresentar os cl\u00e1ssicos que marcaram a minha carreira e contar a hist\u00f3ria delas&#8221;.<\/p>\n<p>No\u00a0pocket show tamb\u00e9m haver\u00e1\u00a0versos musicados de grandes nomes da literaura brasileira como Vin\u00edcius de Moraes, Castro Alves, Manuel Bandeira, Millor Fernandes e Ariano Suassuna. &#8220;O meu filho Jo\u00e3o Tordo \u00e9 um grande escritor de Portugal e no lan\u00e7amento do \u00faltimo livro dele quem fez a apresenta\u00e7\u00e3o da obra foi o Padre Tolentino&#8221;, disse.<\/p>\n<p><strong><img data-attachment-id=\"54285\" data-permalink=\"https:\/\/www1.unicap.br\/assecom1\/vice-reitor-da-universidade-catolica-de-portugal-lancara-livro-na-unicap\/livro-6\/\" data-orig-file=\"https:\/\/i2.wp.com\/www1.unicap.br\/assecom1\/wp-content\/uploads\/2015\/07\/Livro.jpg?fit=272%2C400&amp;ssl=1\" data-orig-size=\"272,400\" data-comments-opened=\"1\" data-image-meta=\"{&quot;aperture&quot;:&quot;0&quot;,&quot;credit&quot;:&quot;&quot;,&quot;camera&quot;:&quot;&quot;,&quot;caption&quot;:&quot;&quot;,&quot;created_timestamp&quot;:&quot;0&quot;,&quot;copyright&quot;:&quot;&quot;,&quot;focal_length&quot;:&quot;0&quot;,&quot;iso&quot;:&quot;0&quot;,&quot;shutter_speed&quot;:&quot;0&quot;,&quot;title&quot;:&quot;&quot;,&quot;orientation&quot;:&quot;0&quot;}\" data-image-title=\"Livro\" data-image-description=\"\" data-medium-file=\"https:\/\/i2.wp.com\/www1.unicap.br\/assecom1\/wp-content\/uploads\/2015\/07\/Livro.jpg?fit=204%2C300&amp;ssl=1\" data-large-file=\"https:\/\/i2.wp.com\/www1.unicap.br\/assecom1\/wp-content\/uploads\/2015\/07\/Livro.jpg?fit=272%2C400&amp;ssl=1\" loading=\"lazy\" class=\"alignleft size-full wp-image-54285\" src=\"https:\/\/i2.wp.com\/www1.unicap.br\/assecom1\/wp-content\/uploads\/2015\/07\/Livro.jpg?resize=272%2C400&#038;ssl=1\" alt=\"Livro\" srcset=\"https:\/\/i2.wp.com\/www1.unicap.br\/assecom1\/wp-content\/uploads\/2015\/07\/Livro.jpg?w=272&amp;ssl=1 272w, https:\/\/i2.wp.com\/www1.unicap.br\/assecom1\/wp-content\/uploads\/2015\/07\/Livro.jpg?resize=204%2C300&amp;ssl=1 204w, https:\/\/i2.wp.com\/www1.unicap.br\/assecom1\/wp-content\/uploads\/2015\/07\/Livro.jpg?resize=34%2C50&amp;ssl=1 34w\" sizes=\"(max-width: 272px) 100vw, 272px\" data-recalc-dims=\"1\" \/>Livro<\/strong> &#8211; O\u00a0Vice-Reitor da Universidade Cat\u00f3lica Portuguesa, Prof. Dr. Padre Jos\u00e9 Tolentino Cala\u00e7a de Mendon\u00e7a, ir\u00e1\u00a0lan\u00e7ar, \u00e0s 15h, no audit\u00f3rio G1, o livro <em>A Leitura Infinita<\/em>, coeditado\u00a0pela Editora Paulinas e Unicap.\u00a0Al\u00e9m do Recife, a obra ter\u00e1 lan\u00e7amentos em S\u00e3o Paulo, Rio de Janeiro, Fortaleza, Bras\u00edlia e Belo Horizonte.<\/p>\n<p>O\u00a0evento de lan\u00e7amento na Unicap ter\u00e1 o formato de uma entrevista coletiva na qual ir\u00e3o participar\u00a0Reitor, Padre Pedro Rubens Ferreira Oliveira; a coordenadora do curso de Teologia,\u00a0Prof\u00aa. Dr\u00aa. Maria Aparecida Rodrigues Abr\u00e3o; o coordenador do curso de Filosofia;\u00a0Prof. Dr. Danilo Vaz Menezes; o diretor\u00a0do Centro de Teologia e Ci\u00eancias Humanas,\u00a0Prof. Dr. Degislando N\u00f3brega; e o doutorando do programa de P\u00f3s-gradua\u00e7\u00e3o\u00a0em Ci\u00eancias da Religi\u00e3o da Unicap, Prof. Lu\u00eds Carlos Pacheco.<\/p>\n<p>&nbsp;<\/p>\n","protected":false},"excerpt":{"rendered":"<p>Quem participar do lan\u00e7amento do livro do Padre Jos\u00e9 Tolentino nesta quarta-feira (5), \u00e0s 15h, ter\u00e1 uma oportunidade de assistir a um show de um dos\u00a0expoentes da m\u00fasica lusitana. O cantor e compositor Fernando Tordo ir\u00e1 se apresentar, no Sal\u00e3o Receptivo, juntamente com Percy Marques e com o m\u00fasico austr\u00edaco Sebastian Poch logo depois do [&hellip;]<\/p>\n","protected":false},"author":8,"featured_media":54326,"comment_status":"open","ping_status":"open","sticky":false,"template":"","format":"standard","meta":[],"categories":[4],"tags":[],"jetpack-related-posts":[],"_links":{"self":[{"href":"https:\/\/www1.unicap.br\/assecom1\/wp-json\/wp\/v2\/posts\/54322"}],"collection":[{"href":"https:\/\/www1.unicap.br\/assecom1\/wp-json\/wp\/v2\/posts"}],"about":[{"href":"https:\/\/www1.unicap.br\/assecom1\/wp-json\/wp\/v2\/types\/post"}],"author":[{"embeddable":true,"href":"https:\/\/www1.unicap.br\/assecom1\/wp-json\/wp\/v2\/users\/8"}],"replies":[{"embeddable":true,"href":"https:\/\/www1.unicap.br\/assecom1\/wp-json\/wp\/v2\/comments?post=54322"}],"version-history":[{"count":10,"href":"https:\/\/www1.unicap.br\/assecom1\/wp-json\/wp\/v2\/posts\/54322\/revisions"}],"predecessor-version":[{"id":54336,"href":"https:\/\/www1.unicap.br\/assecom1\/wp-json\/wp\/v2\/posts\/54322\/revisions\/54336"}],"wp:featuredmedia":[{"embeddable":true,"href":"https:\/\/www1.unicap.br\/assecom1\/wp-json\/wp\/v2\/media\/54326"}],"wp:attachment":[{"href":"https:\/\/www1.unicap.br\/assecom1\/wp-json\/wp\/v2\/media?parent=54322"}],"wp:term":[{"taxonomy":"category","embeddable":true,"href":"https:\/\/www1.unicap.br\/assecom1\/wp-json\/wp\/v2\/categories?post=54322"},{"taxonomy":"post_tag","embeddable":true,"href":"https:\/\/www1.unicap.br\/assecom1\/wp-json\/wp\/v2\/tags?post=54322"}],"curies":[{"name":"wp","href":"https:\/\/api.w.org\/{rel}","templated":true}]}}