{"id":54165,"date":"2015-07-30T15:40:54","date_gmt":"2015-07-30T18:40:54","guid":{"rendered":"http:\/\/www.unicap.br\/assecom1\/?p=54165"},"modified":"2015-08-03T15:46:56","modified_gmt":"2015-08-03T18:46:56","slug":"vice-reitor-da-universidade-catolica-de-portugal-lancara-livro-na-unicap","status":"publish","type":"post","link":"https:\/\/www1.unicap.br\/assecom1\/vice-reitor-da-universidade-catolica-de-portugal-lancara-livro-na-unicap\/","title":{"rendered":"Vice-reitor da Universidade Cat\u00f3lica de Portugal lan\u00e7ar\u00e1 livro na Unicap"},"content":{"rendered":"<p><strong><img data-attachment-id=\"54166\" data-permalink=\"https:\/\/www1.unicap.br\/assecom1\/vice-reitor-da-universidade-catolica-de-portugal-lancara-livro-na-unicap\/5-4\/\" data-orig-file=\"https:\/\/i1.wp.com\/www1.unicap.br\/assecom1\/wp-content\/uploads\/2015\/07\/5.jpg?fit=584%2C388&amp;ssl=1\" data-orig-size=\"584,388\" data-comments-opened=\"1\" data-image-meta=\"{&quot;aperture&quot;:&quot;0&quot;,&quot;credit&quot;:&quot;Antonio Pedro Monteiro&quot;,&quot;camera&quot;:&quot;&quot;,&quot;caption&quot;:&quot;&quot;,&quot;created_timestamp&quot;:&quot;0&quot;,&quot;copyright&quot;:&quot;Antonio Pedro Monteiro&quot;,&quot;focal_length&quot;:&quot;0&quot;,&quot;iso&quot;:&quot;0&quot;,&quot;shutter_speed&quot;:&quot;0&quot;,&quot;title&quot;:&quot;&quot;,&quot;orientation&quot;:&quot;0&quot;}\" data-image-title=\"5\" data-image-description=\"\" data-medium-file=\"https:\/\/i1.wp.com\/www1.unicap.br\/assecom1\/wp-content\/uploads\/2015\/07\/5.jpg?fit=300%2C199&amp;ssl=1\" data-large-file=\"https:\/\/i1.wp.com\/www1.unicap.br\/assecom1\/wp-content\/uploads\/2015\/07\/5.jpg?fit=584%2C388&amp;ssl=1\" loading=\"lazy\" class=\"alignnone  wp-image-54166\" src=\"https:\/\/i1.wp.com\/www1.unicap.br\/assecom1\/wp-content\/uploads\/2015\/07\/5.jpg?resize=640%2C425&#038;ssl=1\" alt=\"5\" srcset=\"https:\/\/i1.wp.com\/www1.unicap.br\/assecom1\/wp-content\/uploads\/2015\/07\/5.jpg?w=584&amp;ssl=1 584w, https:\/\/i1.wp.com\/www1.unicap.br\/assecom1\/wp-content\/uploads\/2015\/07\/5.jpg?resize=300%2C200&amp;ssl=1 300w, https:\/\/i1.wp.com\/www1.unicap.br\/assecom1\/wp-content\/uploads\/2015\/07\/5.jpg?resize=50%2C33&amp;ssl=1 50w\" sizes=\"(max-width: 640px) 100vw, 640px\" data-recalc-dims=\"1\" \/><\/strong><\/p>\n<p>O Vice-Reitor da Universidade Cat\u00f3lica Portuguesa, Prof. Dr. Padre Jos\u00e9 Tolentino Cala\u00e7a de Mendon\u00e7a, ir\u00e1 ministrar a aula inaugural do semestre letivo dos Programas de P\u00f3s-gradua\u00e7\u00e3o da Unicap. O evento, que ter\u00e1 como tema<em> B\u00edblia e Literatura.\u00a0\u00c9 poss\u00edvel aproximar S\u00e3o Paulo de Fernando Pessoa?<\/em>, ser\u00e1 realizado nesta quarta-feira (5), \u00e0s 10h, no anfiteatro do bloco G4.<\/p>\n<p>Neste mesmo dia, \u00e0s 15h, no audit\u00f3rio G1, o te\u00f3logo-biblista e poeta ir\u00e1 lan\u00e7ar o livro <em>A Leitura Infinita<\/em>, coeditado\u00a0pela Editora Paulinas e Unicap.<\/p>\n<p><a href=\"https:\/\/i2.wp.com\/www1.unicap.br\/assecom1\/wp-content\/uploads\/2015\/07\/Livro.jpg?ssl=1\"><img data-attachment-id=\"54285\" data-permalink=\"https:\/\/www1.unicap.br\/assecom1\/vice-reitor-da-universidade-catolica-de-portugal-lancara-livro-na-unicap\/livro-6\/\" data-orig-file=\"https:\/\/i2.wp.com\/www1.unicap.br\/assecom1\/wp-content\/uploads\/2015\/07\/Livro.jpg?fit=272%2C400&amp;ssl=1\" data-orig-size=\"272,400\" data-comments-opened=\"1\" data-image-meta=\"{&quot;aperture&quot;:&quot;0&quot;,&quot;credit&quot;:&quot;&quot;,&quot;camera&quot;:&quot;&quot;,&quot;caption&quot;:&quot;&quot;,&quot;created_timestamp&quot;:&quot;0&quot;,&quot;copyright&quot;:&quot;&quot;,&quot;focal_length&quot;:&quot;0&quot;,&quot;iso&quot;:&quot;0&quot;,&quot;shutter_speed&quot;:&quot;0&quot;,&quot;title&quot;:&quot;&quot;,&quot;orientation&quot;:&quot;0&quot;}\" data-image-title=\"Livro\" data-image-description=\"\" data-medium-file=\"https:\/\/i2.wp.com\/www1.unicap.br\/assecom1\/wp-content\/uploads\/2015\/07\/Livro.jpg?fit=204%2C300&amp;ssl=1\" data-large-file=\"https:\/\/i2.wp.com\/www1.unicap.br\/assecom1\/wp-content\/uploads\/2015\/07\/Livro.jpg?fit=272%2C400&amp;ssl=1\" loading=\"lazy\" class=\"alignleft size-full wp-image-54285\" src=\"https:\/\/i2.wp.com\/www1.unicap.br\/assecom1\/wp-content\/uploads\/2015\/07\/Livro.jpg?resize=272%2C400&#038;ssl=1\" alt=\"Livro\" srcset=\"https:\/\/i2.wp.com\/www1.unicap.br\/assecom1\/wp-content\/uploads\/2015\/07\/Livro.jpg?w=272&amp;ssl=1 272w, https:\/\/i2.wp.com\/www1.unicap.br\/assecom1\/wp-content\/uploads\/2015\/07\/Livro.jpg?resize=204%2C300&amp;ssl=1 204w, https:\/\/i2.wp.com\/www1.unicap.br\/assecom1\/wp-content\/uploads\/2015\/07\/Livro.jpg?resize=34%2C50&amp;ssl=1 34w\" sizes=\"(max-width: 272px) 100vw, 272px\" data-recalc-dims=\"1\" \/><\/a>O\u00a0evento de lan\u00e7amento ter\u00e1 o formato de uma entrevista coletiva na qual ir\u00e3o participar\u00a0Reitor da Unicap, Padre Pedro Rubens Ferreira Oliveira; a coordenadora do curso de Teologia da Unicap,\u00a0Prof\u00aa. Dr\u00aa. Maria Aparecida Rodrigues Abr\u00e3o; o coordenador do curso de Filosofia da Unicap;\u00a0Prof. Dr. Danilo Vaz Menezes; o diretor\u00a0do Centro de Teologia e Ci\u00eancias Humanas,\u00a0Prof. Dr. Degislando N\u00f3brega; e o doutorando do programa de mestrado em Ci\u00eancias da Religi\u00e3o da Unicap, Prof. Lu\u00eds Carlos Pacheco.<\/p>\n<p>Al\u00e9m do Recife, a obra ter\u00e1 lan\u00e7amentos em S\u00e3o Paulo, Rio de Janeiro, Fortaleza, Bras\u00edlia e Belo Horizonte.<\/p>\n","protected":false},"excerpt":{"rendered":"<p>O Vice-Reitor da Universidade Cat\u00f3lica Portuguesa, Prof. Dr. Padre Jos\u00e9 Tolentino Cala\u00e7a de Mendon\u00e7a, ir\u00e1 ministrar a aula inaugural do semestre letivo dos Programas de P\u00f3s-gradua\u00e7\u00e3o da Unicap. O evento, que ter\u00e1 como tema B\u00edblia e Literatura.\u00a0\u00c9 poss\u00edvel aproximar S\u00e3o Paulo de Fernando Pessoa?, ser\u00e1 realizado nesta quarta-feira (5), \u00e0s 10h, no anfiteatro do bloco [&hellip;]<\/p>\n","protected":false},"author":16,"featured_media":54166,"comment_status":"open","ping_status":"open","sticky":false,"template":"","format":"standard","meta":[],"categories":[4],"tags":[],"jetpack-related-posts":[],"_links":{"self":[{"href":"https:\/\/www1.unicap.br\/assecom1\/wp-json\/wp\/v2\/posts\/54165"}],"collection":[{"href":"https:\/\/www1.unicap.br\/assecom1\/wp-json\/wp\/v2\/posts"}],"about":[{"href":"https:\/\/www1.unicap.br\/assecom1\/wp-json\/wp\/v2\/types\/post"}],"author":[{"embeddable":true,"href":"https:\/\/www1.unicap.br\/assecom1\/wp-json\/wp\/v2\/users\/16"}],"replies":[{"embeddable":true,"href":"https:\/\/www1.unicap.br\/assecom1\/wp-json\/wp\/v2\/comments?post=54165"}],"version-history":[{"count":3,"href":"https:\/\/www1.unicap.br\/assecom1\/wp-json\/wp\/v2\/posts\/54165\/revisions"}],"predecessor-version":[{"id":54286,"href":"https:\/\/www1.unicap.br\/assecom1\/wp-json\/wp\/v2\/posts\/54165\/revisions\/54286"}],"wp:featuredmedia":[{"embeddable":true,"href":"https:\/\/www1.unicap.br\/assecom1\/wp-json\/wp\/v2\/media\/54166"}],"wp:attachment":[{"href":"https:\/\/www1.unicap.br\/assecom1\/wp-json\/wp\/v2\/media?parent=54165"}],"wp:term":[{"taxonomy":"category","embeddable":true,"href":"https:\/\/www1.unicap.br\/assecom1\/wp-json\/wp\/v2\/categories?post=54165"},{"taxonomy":"post_tag","embeddable":true,"href":"https:\/\/www1.unicap.br\/assecom1\/wp-json\/wp\/v2\/tags?post=54165"}],"curies":[{"name":"wp","href":"https:\/\/api.w.org\/{rel}","templated":true}]}}