{"id":53810,"date":"2015-07-03T16:05:25","date_gmt":"2015-07-03T19:05:25","guid":{"rendered":"http:\/\/www.unicap.br\/assecom1\/?p=53810"},"modified":"2015-07-07T17:06:34","modified_gmt":"2015-07-07T20:06:34","slug":"alunas-de-arquitetura-fazem-projeto-de-praca-da-fenearte-2015","status":"publish","type":"post","link":"https:\/\/www1.unicap.br\/assecom1\/alunas-de-arquitetura-fazem-projeto-de-praca-da-fenearte-2015\/","title":{"rendered":"Alunas de Arquitetura fazem projeto de pra\u00e7a da Fenearte 2015"},"content":{"rendered":"<p><a href=\"https:\/\/i1.wp.com\/www1.unicap.br\/assecom1\/wp-content\/uploads\/2015\/07\/Alunas-arquitetura-Fenearte.jpg?ssl=1\"><img data-attachment-id=\"53820\" data-permalink=\"https:\/\/www1.unicap.br\/assecom1\/alunas-de-arquitetura-fazem-projeto-de-praca-da-fenearte-2015\/alunas-arquitetura-fenearte\/\" data-orig-file=\"https:\/\/i1.wp.com\/www1.unicap.br\/assecom1\/wp-content\/uploads\/2015\/07\/Alunas-arquitetura-Fenearte.jpg?fit=3456%2C4608&amp;ssl=1\" data-orig-size=\"3456,4608\" data-comments-opened=\"1\" data-image-meta=\"{&quot;aperture&quot;:&quot;3&quot;,&quot;credit&quot;:&quot;&quot;,&quot;camera&quot;:&quot;COOLPIX P510&quot;,&quot;caption&quot;:&quot;&quot;,&quot;created_timestamp&quot;:&quot;1435868112&quot;,&quot;copyright&quot;:&quot;&quot;,&quot;focal_length&quot;:&quot;4.3&quot;,&quot;iso&quot;:&quot;400&quot;,&quot;shutter_speed&quot;:&quot;0.125&quot;,&quot;title&quot;:&quot;&quot;,&quot;orientation&quot;:&quot;1&quot;}\" data-image-title=\"Alunas arquitetura Fenearte\" data-image-description=\"\" data-medium-file=\"https:\/\/i1.wp.com\/www1.unicap.br\/assecom1\/wp-content\/uploads\/2015\/07\/Alunas-arquitetura-Fenearte.jpg?fit=225%2C300&amp;ssl=1\" data-large-file=\"https:\/\/i1.wp.com\/www1.unicap.br\/assecom1\/wp-content\/uploads\/2015\/07\/Alunas-arquitetura-Fenearte.jpg?fit=640%2C853&amp;ssl=1\" loading=\"lazy\" class=\"alignleft size-large wp-image-53820\" src=\"https:\/\/i1.wp.com\/www1.unicap.br\/assecom1\/wp-content\/uploads\/2015\/07\/Alunas-arquitetura-Fenearte.jpg?resize=640%2C853&#038;ssl=1\" alt=\"Alunas arquitetura Fenearte\" srcset=\"https:\/\/i1.wp.com\/www1.unicap.br\/assecom1\/wp-content\/uploads\/2015\/07\/Alunas-arquitetura-Fenearte.jpg?resize=768%2C1024&amp;ssl=1 768w, https:\/\/i1.wp.com\/www1.unicap.br\/assecom1\/wp-content\/uploads\/2015\/07\/Alunas-arquitetura-Fenearte.jpg?resize=225%2C300&amp;ssl=1 225w, https:\/\/i1.wp.com\/www1.unicap.br\/assecom1\/wp-content\/uploads\/2015\/07\/Alunas-arquitetura-Fenearte.jpg?resize=38%2C50&amp;ssl=1 38w, https:\/\/i1.wp.com\/www1.unicap.br\/assecom1\/wp-content\/uploads\/2015\/07\/Alunas-arquitetura-Fenearte.jpg?w=1280&amp;ssl=1 1280w, https:\/\/i1.wp.com\/www1.unicap.br\/assecom1\/wp-content\/uploads\/2015\/07\/Alunas-arquitetura-Fenearte.jpg?w=1920&amp;ssl=1 1920w\" sizes=\"(max-width: 640px) 100vw, 640px\" data-recalc-dims=\"1\" \/><\/a>Quem for \u00e0 Feira Nacional de Neg\u00f3cios do Artesanato (Fenearte 2015) poder\u00e1 contemplar um ambiente projetado por alunas do curso de Arquitetura e Urbanismo da Cat\u00f3lica. Trata-se de uma das pra\u00e7as de descanso instaladas no pavilh\u00e3o do Centro de Conven\u00e7\u00f5es de Pernambuco.<\/p>\n<p>O projeto, orientado pela coordenadora do curso Paula Maciel, foi assinado pelas estudantes do 8\u00ba per\u00edodo Bruna Branco, Marcela Beltr\u00e3o, Mariana Queiroz e Stephanie Gonzaga.<\/p>\n<div class=\"tiled-gallery type-rectangular tiled-gallery-unresized\" data-original-width=\"640\" data-carousel-extra='{&quot;blog_id&quot;:1,&quot;permalink&quot;:&quot;https:\\\/\\\/www1.unicap.br\\\/assecom1\\\/alunas-de-arquitetura-fazem-projeto-de-praca-da-fenearte-2015\\\/&quot;,&quot;likes_blog_id&quot;:205082007}' itemscope itemtype=\"http:\/\/schema.org\/ImageGallery\" > <div class=\"gallery-row\" style=\"width: 640px; height: 95px;\" data-original-width=\"640\" data-original-height=\"95\" > <div class=\"gallery-group images-1\" style=\"width: 140px; height: 95px;\" data-original-width=\"140\" data-original-height=\"95\" > <div class=\"tiled-gallery-item tiled-gallery-item-small\" itemprop=\"associatedMedia\" itemscope itemtype=\"http:\/\/schema.org\/ImageObject\"> <a href=\"https:\/\/www1.unicap.br\/assecom1\/alunas-de-arquitetura-fazem-projeto-de-praca-da-fenearte-2015\/fenearte-4\/\" border=\"0\" itemprop=\"url\"> <meta itemprop=\"width\" content=\"136\"> <meta itemprop=\"height\" content=\"91\"> <img data-attachment-id=\"53923\" data-orig-file=\"https:\/\/www1.unicap.br\/assecom1\/wp-content\/uploads\/2015\/07\/Fenearte-4.jpg\" data-orig-size=\"954,636\" data-comments-opened=\"1\" data-image-meta=\"{&quot;aperture&quot;:&quot;0&quot;,&quot;credit&quot;:&quot;&quot;,&quot;camera&quot;:&quot;&quot;,&quot;caption&quot;:&quot;&quot;,&quot;created_timestamp&quot;:&quot;0&quot;,&quot;copyright&quot;:&quot;&quot;,&quot;focal_length&quot;:&quot;0&quot;,&quot;iso&quot;:&quot;0&quot;,&quot;shutter_speed&quot;:&quot;0&quot;,&quot;title&quot;:&quot;&quot;,&quot;orientation&quot;:&quot;0&quot;}\" data-image-title=\"Fenearte 4\" data-image-description=\"\" data-medium-file=\"https:\/\/i2.wp.com\/www1.unicap.br\/assecom1\/wp-content\/uploads\/2015\/07\/Fenearte-4.jpg?fit=300%2C200&#038;ssl=1\" data-large-file=\"https:\/\/i2.wp.com\/www1.unicap.br\/assecom1\/wp-content\/uploads\/2015\/07\/Fenearte-4.jpg?fit=640%2C427&#038;ssl=1\" src=\"https:\/\/i2.wp.com\/www1.unicap.br\/assecom1\/wp-content\/uploads\/2015\/07\/Fenearte-4.jpg?w=136&#038;h=91&#038;crop&#038;ssl=1\" width=\"136\" height=\"91\" data-original-width=\"136\" data-original-height=\"91\" itemprop=\"http:\/\/schema.org\/image\" title=\"Fenearte 4\" alt=\"Fenearte 4\" style=\"width: 136px; height: 91px;\" \/> <\/a> <\/div> <\/div> <!-- close group --> <div class=\"gallery-group images-1\" style=\"width: 190px; height: 95px;\" data-original-width=\"190\" data-original-height=\"95\" > <div class=\"tiled-gallery-item tiled-gallery-item-small\" itemprop=\"associatedMedia\" itemscope itemtype=\"http:\/\/schema.org\/ImageObject\"> <a href=\"https:\/\/www1.unicap.br\/assecom1\/alunas-de-arquitetura-fazem-projeto-de-praca-da-fenearte-2015\/fenearte-1\/\" border=\"0\" itemprop=\"url\"> <meta itemprop=\"width\" content=\"186\"> <meta itemprop=\"height\" content=\"91\"> <img data-attachment-id=\"53924\" data-orig-file=\"https:\/\/www1.unicap.br\/assecom1\/wp-content\/uploads\/2015\/07\/Fenearte-1.jpg\" data-orig-size=\"925,452\" data-comments-opened=\"1\" data-image-meta=\"{&quot;aperture&quot;:&quot;0&quot;,&quot;credit&quot;:&quot;&quot;,&quot;camera&quot;:&quot;&quot;,&quot;caption&quot;:&quot;&quot;,&quot;created_timestamp&quot;:&quot;0&quot;,&quot;copyright&quot;:&quot;&quot;,&quot;focal_length&quot;:&quot;0&quot;,&quot;iso&quot;:&quot;0&quot;,&quot;shutter_speed&quot;:&quot;0&quot;,&quot;title&quot;:&quot;&quot;,&quot;orientation&quot;:&quot;0&quot;}\" data-image-title=\"Fenearte 1\" data-image-description=\"\" data-medium-file=\"https:\/\/i2.wp.com\/www1.unicap.br\/assecom1\/wp-content\/uploads\/2015\/07\/Fenearte-1.jpg?fit=300%2C147&#038;ssl=1\" data-large-file=\"https:\/\/i2.wp.com\/www1.unicap.br\/assecom1\/wp-content\/uploads\/2015\/07\/Fenearte-1.jpg?fit=640%2C313&#038;ssl=1\" src=\"https:\/\/i2.wp.com\/www1.unicap.br\/assecom1\/wp-content\/uploads\/2015\/07\/Fenearte-1.jpg?w=186&#038;h=91&#038;crop&#038;ssl=1\" width=\"186\" height=\"91\" data-original-width=\"186\" data-original-height=\"91\" itemprop=\"http:\/\/schema.org\/image\" title=\"Fenearte 1\" alt=\"Fenearte 1\" style=\"width: 186px; height: 91px;\" \/> <\/a> <\/div> <\/div> <!-- close group --> <div class=\"gallery-group images-1\" style=\"width: 125px; height: 95px;\" data-original-width=\"125\" data-original-height=\"95\" > <div class=\"tiled-gallery-item tiled-gallery-item-small\" itemprop=\"associatedMedia\" itemscope itemtype=\"http:\/\/schema.org\/ImageObject\"> <a href=\"https:\/\/www1.unicap.br\/assecom1\/alunas-de-arquitetura-fazem-projeto-de-praca-da-fenearte-2015\/fenearte-2\/\" border=\"0\" itemprop=\"url\"> <meta itemprop=\"width\" content=\"121\"> <meta itemprop=\"height\" content=\"91\"> <img data-attachment-id=\"53925\" data-orig-file=\"https:\/\/www1.unicap.br\/assecom1\/wp-content\/uploads\/2015\/07\/Fenearte-2.jpg\" data-orig-size=\"960,720\" data-comments-opened=\"1\" data-image-meta=\"{&quot;aperture&quot;:&quot;0&quot;,&quot;credit&quot;:&quot;&quot;,&quot;camera&quot;:&quot;&quot;,&quot;caption&quot;:&quot;&quot;,&quot;created_timestamp&quot;:&quot;0&quot;,&quot;copyright&quot;:&quot;&quot;,&quot;focal_length&quot;:&quot;0&quot;,&quot;iso&quot;:&quot;0&quot;,&quot;shutter_speed&quot;:&quot;0&quot;,&quot;title&quot;:&quot;&quot;,&quot;orientation&quot;:&quot;0&quot;}\" data-image-title=\"Fenearte 2\" data-image-description=\"\" data-medium-file=\"https:\/\/i1.wp.com\/www1.unicap.br\/assecom1\/wp-content\/uploads\/2015\/07\/Fenearte-2.jpg?fit=300%2C225&#038;ssl=1\" data-large-file=\"https:\/\/i1.wp.com\/www1.unicap.br\/assecom1\/wp-content\/uploads\/2015\/07\/Fenearte-2.jpg?fit=640%2C480&#038;ssl=1\" src=\"https:\/\/i1.wp.com\/www1.unicap.br\/assecom1\/wp-content\/uploads\/2015\/07\/Fenearte-2.jpg?w=121&#038;h=91&#038;crop&#038;ssl=1\" width=\"121\" height=\"91\" data-original-width=\"121\" data-original-height=\"91\" itemprop=\"http:\/\/schema.org\/image\" title=\"Fenearte 2\" alt=\"Fenearte 2\" style=\"width: 121px; height: 91px;\" \/> <\/a> <\/div> <\/div> <!-- close group --> <div class=\"gallery-group images-1\" style=\"width: 185px; height: 95px;\" data-original-width=\"185\" data-original-height=\"95\" > <div class=\"tiled-gallery-item tiled-gallery-item-small\" itemprop=\"associatedMedia\" itemscope itemtype=\"http:\/\/schema.org\/ImageObject\"> <a href=\"https:\/\/www1.unicap.br\/assecom1\/alunas-de-arquitetura-fazem-projeto-de-praca-da-fenearte-2015\/fenearte-3\/\" border=\"0\" itemprop=\"url\"> <meta itemprop=\"width\" content=\"181\"> <meta itemprop=\"height\" content=\"91\"> <img data-attachment-id=\"53926\" data-orig-file=\"https:\/\/www1.unicap.br\/assecom1\/wp-content\/uploads\/2015\/07\/Fenearte-3.jpg\" data-orig-size=\"960,480\" data-comments-opened=\"1\" data-image-meta=\"{&quot;aperture&quot;:&quot;0&quot;,&quot;credit&quot;:&quot;&quot;,&quot;camera&quot;:&quot;&quot;,&quot;caption&quot;:&quot;&quot;,&quot;created_timestamp&quot;:&quot;0&quot;,&quot;copyright&quot;:&quot;&quot;,&quot;focal_length&quot;:&quot;0&quot;,&quot;iso&quot;:&quot;0&quot;,&quot;shutter_speed&quot;:&quot;0&quot;,&quot;title&quot;:&quot;&quot;,&quot;orientation&quot;:&quot;0&quot;}\" data-image-title=\"Fenearte 3\" data-image-description=\"\" data-medium-file=\"https:\/\/i0.wp.com\/www1.unicap.br\/assecom1\/wp-content\/uploads\/2015\/07\/Fenearte-3.jpg?fit=300%2C150&#038;ssl=1\" data-large-file=\"https:\/\/i0.wp.com\/www1.unicap.br\/assecom1\/wp-content\/uploads\/2015\/07\/Fenearte-3.jpg?fit=640%2C320&#038;ssl=1\" src=\"https:\/\/i0.wp.com\/www1.unicap.br\/assecom1\/wp-content\/uploads\/2015\/07\/Fenearte-3.jpg?w=181&#038;h=91&#038;crop&#038;ssl=1\" width=\"181\" height=\"91\" data-original-width=\"181\" data-original-height=\"91\" itemprop=\"http:\/\/schema.org\/image\" title=\"Fenearte 3\" alt=\"Fenearte 3\" style=\"width: 181px; height: 91px;\" \/> <\/a> <\/div> <\/div> <!-- close group --> <\/div> <!-- close row --> <\/div>\n<p>Elas se inspiraram no universo do poeta popular Lourival Batista, conhecido como Louro do Paje\u00fa, um dos homenageados da Fenearte juntamente com o artes\u00e3o Manoel Borges da Silva, o Mestre Nuca de Tracunha\u00e9m. Lourival completaria um s\u00e9culo de vida em 2015.<\/p>\n<p>De acordo com Stephanie, a identidade visual foi baseada no poema <em>A parte que ilumina<\/em>. \u201cOs versos falam das mudan\u00e7as da vida provocadas pela passagem da juventude para a velhice. Interpretamos essas fases como quadros e trabalhamos com molduras\u201d, explicou ela.<\/p>\n<p>A pra\u00e7a tem bancos, piso e o\u00a0teto \u00e9 coberto com ripas de madeira. A execu\u00e7\u00e3o n\u00e3o foi tarefa f\u00e1cil. A equipe levou cinco dias para montar tudo. \u201cTrabalhamos nesses dias das 8h \u00e0s 22h. N\u00e3o ficamos apenas no projeto e contratamos um montador (R\u00f4mulo Nascimento) para nos ajudar. Foi um aprendizado muito grande\u201d, disse Stephanie.<\/p>\n","protected":false},"excerpt":{"rendered":"<p>Quem for \u00e0 Feira Nacional de Neg\u00f3cios do Artesanato (Fenearte 2015) poder\u00e1 contemplar um ambiente projetado por alunas do curso de Arquitetura e Urbanismo da Cat\u00f3lica. Trata-se de uma das pra\u00e7as de descanso instaladas no pavilh\u00e3o do Centro de Conven\u00e7\u00f5es de Pernambuco. O projeto, orientado pela coordenadora do curso Paula Maciel, foi assinado pelas estudantes [&hellip;]<\/p>\n","protected":false},"author":8,"featured_media":53820,"comment_status":"open","ping_status":"open","sticky":false,"template":"","format":"standard","meta":[],"categories":[4],"tags":[],"jetpack-related-posts":[],"_links":{"self":[{"href":"https:\/\/www1.unicap.br\/assecom1\/wp-json\/wp\/v2\/posts\/53810"}],"collection":[{"href":"https:\/\/www1.unicap.br\/assecom1\/wp-json\/wp\/v2\/posts"}],"about":[{"href":"https:\/\/www1.unicap.br\/assecom1\/wp-json\/wp\/v2\/types\/post"}],"author":[{"embeddable":true,"href":"https:\/\/www1.unicap.br\/assecom1\/wp-json\/wp\/v2\/users\/8"}],"replies":[{"embeddable":true,"href":"https:\/\/www1.unicap.br\/assecom1\/wp-json\/wp\/v2\/comments?post=53810"}],"version-history":[{"count":5,"href":"https:\/\/www1.unicap.br\/assecom1\/wp-json\/wp\/v2\/posts\/53810\/revisions"}],"predecessor-version":[{"id":53927,"href":"https:\/\/www1.unicap.br\/assecom1\/wp-json\/wp\/v2\/posts\/53810\/revisions\/53927"}],"wp:featuredmedia":[{"embeddable":true,"href":"https:\/\/www1.unicap.br\/assecom1\/wp-json\/wp\/v2\/media\/53820"}],"wp:attachment":[{"href":"https:\/\/www1.unicap.br\/assecom1\/wp-json\/wp\/v2\/media?parent=53810"}],"wp:term":[{"taxonomy":"category","embeddable":true,"href":"https:\/\/www1.unicap.br\/assecom1\/wp-json\/wp\/v2\/categories?post=53810"},{"taxonomy":"post_tag","embeddable":true,"href":"https:\/\/www1.unicap.br\/assecom1\/wp-json\/wp\/v2\/tags?post=53810"}],"curies":[{"name":"wp","href":"https:\/\/api.w.org\/{rel}","templated":true}]}}