{"id":53721,"date":"2015-06-29T18:18:51","date_gmt":"2015-06-29T21:18:51","guid":{"rendered":"http:\/\/www.unicap.br\/assecom1\/?p=53721"},"modified":"2015-06-30T09:58:38","modified_gmt":"2015-06-30T12:58:38","slug":"primeira-oficina-do-plano-centro-cidadao-sera-nesta-5a-feira","status":"publish","type":"post","link":"https:\/\/www1.unicap.br\/assecom1\/primeira-oficina-do-plano-centro-cidadao-sera-nesta-5a-feira\/","title":{"rendered":"Primeira oficina do Plano Centro Cidad\u00e3o ser\u00e1 nesta 5\u00aa feira"},"content":{"rendered":"<p>A primeira oficina colaborativa do Plano Cidad\u00e3o ser\u00e1 realizada nesta quinta-feira (2), das 8h30 \u00e0s 13h, no audit\u00f3rio G1 da Universidade Cat\u00f3lica de Pernambuco.<\/p>\n<p>O objetivo do encontro \u00e9 possibilitar o engajamento de agentes sociais na produ\u00e7\u00e3o e compartilhamento de informa\u00e7\u00f5es para o Plano Centro Cidad\u00e3o.<\/p>\n<p><a href=\"https:\/\/i0.wp.com\/www1.unicap.br\/assecom1\/wp-content\/uploads\/2015\/06\/Centro-Cidad\u00e3o.jpg?ssl=1\"><img data-attachment-id=\"53722\" data-permalink=\"https:\/\/www1.unicap.br\/assecom1\/primeira-oficina-do-plano-centro-cidadao-sera-nesta-5a-feira\/centro-cidadao\/\" data-orig-file=\"https:\/\/i1.wp.com\/www1.unicap.br\/assecom1\/wp-content\/uploads\/2015\/06\/Centro-Cidad\u00e3o-e1435612719762.jpg?fit=363%2C441&amp;ssl=1\" data-orig-size=\"363,441\" data-comments-opened=\"1\" data-image-meta=\"{&quot;aperture&quot;:&quot;0&quot;,&quot;credit&quot;:&quot;&quot;,&quot;camera&quot;:&quot;&quot;,&quot;caption&quot;:&quot;&quot;,&quot;created_timestamp&quot;:&quot;0&quot;,&quot;copyright&quot;:&quot;&quot;,&quot;focal_length&quot;:&quot;0&quot;,&quot;iso&quot;:&quot;0&quot;,&quot;shutter_speed&quot;:&quot;0&quot;,&quot;title&quot;:&quot;&quot;,&quot;orientation&quot;:&quot;0&quot;}\" data-image-title=\"Centro Cidad\u00e3o\" data-image-description=\"\" data-medium-file=\"https:\/\/i1.wp.com\/www1.unicap.br\/assecom1\/wp-content\/uploads\/2015\/06\/Centro-Cidad\u00e3o-e1435612719762.jpg?fit=247%2C300&amp;ssl=1\" data-large-file=\"https:\/\/i1.wp.com\/www1.unicap.br\/assecom1\/wp-content\/uploads\/2015\/06\/Centro-Cidad\u00e3o-e1435612719762.jpg?fit=363%2C441&amp;ssl=1\" loading=\"lazy\" class=\"alignleft size-medium wp-image-53722\" src=\"https:\/\/i0.wp.com\/www1.unicap.br\/assecom1\/wp-content\/uploads\/2015\/06\/Centro-Cidad\u00e3o.jpg?resize=300%2C216&#038;ssl=1\" alt=\"Centro Cidad\u00e3o\" data-recalc-dims=\"1\" \/><\/a>Ir\u00e3o participar da oficina, representantes de entidades organizadas da sociedade civil e de \u00f3rg\u00e3os p\u00fablicos diretamente envolvidos com a \u00e1rea de trabalho ou com a tem\u00e1tica que fazem parte do estudo.<\/p>\n<p>O Plano Centro Cidad\u00e3o \u00e9 um conv\u00eanio firmado entre a Unicap e a Prefeitura da Cidade do Recife que vai elaborar estudos e propostas urbanas para o Centro Expandido Continental.<\/p>\n<p>A regi\u00e3o abrange os bairros de Santo Amaro, Boa Vista, Soledade, Ilha do Leite, Coelhos e Paissandu.<\/p>\n","protected":false},"excerpt":{"rendered":"<p>A primeira oficina colaborativa do Plano Cidad\u00e3o ser\u00e1 realizada nesta quinta-feira (2), das 8h30 \u00e0s 13h, no audit\u00f3rio G1 da Universidade Cat\u00f3lica de Pernambuco. O objetivo do encontro \u00e9 possibilitar o engajamento de agentes sociais na produ\u00e7\u00e3o e compartilhamento de informa\u00e7\u00f5es para o Plano Centro Cidad\u00e3o. Ir\u00e3o participar da oficina, representantes de entidades organizadas da [&hellip;]<\/p>\n","protected":false},"author":8,"featured_media":53724,"comment_status":"open","ping_status":"open","sticky":false,"template":"","format":"standard","meta":[],"categories":[286,4],"tags":[],"jetpack-related-posts":[],"_links":{"self":[{"href":"https:\/\/www1.unicap.br\/assecom1\/wp-json\/wp\/v2\/posts\/53721"}],"collection":[{"href":"https:\/\/www1.unicap.br\/assecom1\/wp-json\/wp\/v2\/posts"}],"about":[{"href":"https:\/\/www1.unicap.br\/assecom1\/wp-json\/wp\/v2\/types\/post"}],"author":[{"embeddable":true,"href":"https:\/\/www1.unicap.br\/assecom1\/wp-json\/wp\/v2\/users\/8"}],"replies":[{"embeddable":true,"href":"https:\/\/www1.unicap.br\/assecom1\/wp-json\/wp\/v2\/comments?post=53721"}],"version-history":[{"count":1,"href":"https:\/\/www1.unicap.br\/assecom1\/wp-json\/wp\/v2\/posts\/53721\/revisions"}],"predecessor-version":[{"id":53723,"href":"https:\/\/www1.unicap.br\/assecom1\/wp-json\/wp\/v2\/posts\/53721\/revisions\/53723"}],"wp:featuredmedia":[{"embeddable":true,"href":"https:\/\/www1.unicap.br\/assecom1\/wp-json\/wp\/v2\/media\/53724"}],"wp:attachment":[{"href":"https:\/\/www1.unicap.br\/assecom1\/wp-json\/wp\/v2\/media?parent=53721"}],"wp:term":[{"taxonomy":"category","embeddable":true,"href":"https:\/\/www1.unicap.br\/assecom1\/wp-json\/wp\/v2\/categories?post=53721"},{"taxonomy":"post_tag","embeddable":true,"href":"https:\/\/www1.unicap.br\/assecom1\/wp-json\/wp\/v2\/tags?post=53721"}],"curies":[{"name":"wp","href":"https:\/\/api.w.org\/{rel}","templated":true}]}}