{"id":5372,"date":"2010-06-11T14:28:14","date_gmt":"2010-06-11T17:28:14","guid":{"rendered":"http:\/\/www.unicap.br\/assecom1\/?p=5372"},"modified":"2010-06-11T14:28:14","modified_gmt":"2010-06-11T17:28:14","slug":"curso-de-fisioterapia-promove-simposio-comunitario","status":"publish","type":"post","link":"https:\/\/www1.unicap.br\/assecom1\/curso-de-fisioterapia-promove-simposio-comunitario\/","title":{"rendered":"Curso de Fisioterapia promove simp\u00f3sio comunit\u00e1rio"},"content":{"rendered":"<p>O curso de Fisioterapia da Cat\u00f3lica realiza nos dias 5 e 6 de outubro o 1\u00ba Simp\u00f3sio Comunit\u00e1rio de Fisioterpia (SimComFisio). O evento faz parte das atividades da 8\u00aa Semana de Integra\u00e7\u00e3o da Unicap.<\/p>\n<p>O objetivo do simp\u00f3sio \u00e9 tornar conhecida a produ\u00e7\u00e3o cient\u00edfica dos alunos e professores da Cat\u00f3lica e conscientizar a popula\u00e7\u00e3o sobre a forma como a fisioterapia pode influenciar o desenvolvimento social e a infraestrutura urbana. Al\u00e9m dos estudantes e docentes, s\u00e3o esperados representantes das comunidades do Recife e gestores em sa\u00fade p\u00fablica.<!--more--><\/p>\n<p>O professor N\u00e9lson Henrique \u00e9 um dos organizadores do evento. Ele diz que observou nos bairros do Recife um grande n\u00famero de pacientes com dificuldades para locomo\u00e7\u00e3o, sem atendimento de um profissional especializado e que poderiam ter uma evolu\u00e7\u00e3o favor\u00e1vel caso recebessem a visita de um fisioterapeuta, por exemplo.<\/p>\n<p>Um dos casos era o de um homem sequelado ap\u00f3s acidente vascular cerebral (AVC) e que conseguiu sair da cama depois de alguns exerc\u00edcios realizados pelo professor. Esse paciente precisava descer uma escada para sair de casa. Segundo o professor, depois de um m\u00eas de tratamento ele j\u00e1 poderia usar as escadas.<\/p>\n<p>A popula\u00e7\u00e3o desconhece que o Sistema \u00danico de Sa\u00fade (SUS) \u00e9 obrigado, por lei, a prover atendimento domiciliar aos pacientes impossibilitados de se deslocar at\u00e9 a unidade de sa\u00fade.<\/p>\n<p>A inser\u00e7\u00e3o de fisioterapeutas, fonoaudi\u00f3logos e terapeutas ocupacionais nos quadros da aten\u00e7\u00e3o prim\u00e1ria \u00e0 sa\u00fade pode, a uma an\u00e1lise inicial, representar um aumento nos custos do SUS, mas a longo prazo ocorre o oposto. Um paciente limitado que recebe tratamento volta a trabalhar e produzir mais r\u00e1pido, al\u00e9m de ter menos chances de agravar seu estado, o que tamb\u00e9m evita interna\u00e7\u00f5es em hospitais.<\/p>\n<p>A amplia\u00e7\u00e3o da cobertura do sistema de sa\u00fade em rela\u00e7\u00e3o aos \u00a0fisioterapeutas beneficia n\u00e3o apenas a popula\u00e7\u00e3o, mas tamb\u00e9m os pr\u00f3prios profissionais, que ter\u00e3o um campo de trabalho mais amplo.<\/p>\n<p>Sa\u00fade do trabalhador e acessibilidade s\u00e3o alguns dos temas do simp\u00f3sio, que al\u00e9m dos debates sociopol\u00edticos, vai promover tamb\u00e9m atividades t\u00e9cnico-cient\u00edficas.<\/p>\n","protected":false},"excerpt":{"rendered":"<p>O curso de Fisioterapia da Cat\u00f3lica realiza nos dias 5 e 6 de outubro o 1\u00ba Simp\u00f3sio Comunit\u00e1rio de Fisioterpia (SimComFisio). O evento faz parte das atividades da 8\u00aa Semana de Integra\u00e7\u00e3o da Unicap. O objetivo do simp\u00f3sio \u00e9 tornar conhecida a produ\u00e7\u00e3o cient\u00edfica dos alunos e professores da Cat\u00f3lica e conscientizar a popula\u00e7\u00e3o sobre [&hellip;]<\/p>\n","protected":false},"author":5,"featured_media":0,"comment_status":"open","ping_status":"open","sticky":false,"template":"","format":"standard","meta":[],"categories":[4],"tags":[39,31],"jetpack-related-posts":[],"_links":{"self":[{"href":"https:\/\/www1.unicap.br\/assecom1\/wp-json\/wp\/v2\/posts\/5372"}],"collection":[{"href":"https:\/\/www1.unicap.br\/assecom1\/wp-json\/wp\/v2\/posts"}],"about":[{"href":"https:\/\/www1.unicap.br\/assecom1\/wp-json\/wp\/v2\/types\/post"}],"author":[{"embeddable":true,"href":"https:\/\/www1.unicap.br\/assecom1\/wp-json\/wp\/v2\/users\/5"}],"replies":[{"embeddable":true,"href":"https:\/\/www1.unicap.br\/assecom1\/wp-json\/wp\/v2\/comments?post=5372"}],"version-history":[{"count":0,"href":"https:\/\/www1.unicap.br\/assecom1\/wp-json\/wp\/v2\/posts\/5372\/revisions"}],"wp:attachment":[{"href":"https:\/\/www1.unicap.br\/assecom1\/wp-json\/wp\/v2\/media?parent=5372"}],"wp:term":[{"taxonomy":"category","embeddable":true,"href":"https:\/\/www1.unicap.br\/assecom1\/wp-json\/wp\/v2\/categories?post=5372"},{"taxonomy":"post_tag","embeddable":true,"href":"https:\/\/www1.unicap.br\/assecom1\/wp-json\/wp\/v2\/tags?post=5372"}],"curies":[{"name":"wp","href":"https:\/\/api.w.org\/{rel}","templated":true}]}}