{"id":53293,"date":"2015-05-25T20:28:12","date_gmt":"2015-05-25T23:28:12","guid":{"rendered":"http:\/\/www.unicap.br\/assecom1\/?p=53293"},"modified":"2015-05-26T14:52:59","modified_gmt":"2015-05-26T17:52:59","slug":"coordenadora-do-curso-de-historia-participa-de-seminario-sobre-patrimonio-imaterial-de-pernambuco","status":"publish","type":"post","link":"https:\/\/www1.unicap.br\/assecom1\/coordenadora-do-curso-de-historia-participa-de-seminario-sobre-patrimonio-imaterial-de-pernambuco\/","title":{"rendered":"Coordenadora do curso de Hist\u00f3ria participa de semin\u00e1rio sobre patrim\u00f4nio imaterial de Pernambuco"},"content":{"rendered":"<p><img data-attachment-id=\"53305\" data-permalink=\"https:\/\/www1.unicap.br\/assecom1\/coordenadora-do-curso-de-historia-participa-de-seminario-sobre-patrimonio-imaterial-de-pernambuco\/beatriz-brusantin-boletim\/\" data-orig-file=\"https:\/\/i2.wp.com\/www1.unicap.br\/assecom1\/wp-content\/uploads\/2015\/05\/Beatriz-Brusantin-Boletim.jpg?fit=800%2C831&amp;ssl=1\" data-orig-size=\"800,831\" data-comments-opened=\"1\" data-image-meta=\"{&quot;aperture&quot;:&quot;0&quot;,&quot;credit&quot;:&quot;&quot;,&quot;camera&quot;:&quot;&quot;,&quot;caption&quot;:&quot;&quot;,&quot;created_timestamp&quot;:&quot;0&quot;,&quot;copyright&quot;:&quot;&quot;,&quot;focal_length&quot;:&quot;0&quot;,&quot;iso&quot;:&quot;0&quot;,&quot;shutter_speed&quot;:&quot;0&quot;,&quot;title&quot;:&quot;&quot;,&quot;orientation&quot;:&quot;0&quot;}\" data-image-title=\"Beatriz-Brusantin-Boletim\" data-image-description=\"\" data-medium-file=\"https:\/\/i2.wp.com\/www1.unicap.br\/assecom1\/wp-content\/uploads\/2015\/05\/Beatriz-Brusantin-Boletim.jpg?fit=289%2C300&amp;ssl=1\" data-large-file=\"https:\/\/i2.wp.com\/www1.unicap.br\/assecom1\/wp-content\/uploads\/2015\/05\/Beatriz-Brusantin-Boletim.jpg?fit=640%2C665&amp;ssl=1\" loading=\"lazy\" class=\"alignnone size-full wp-image-53305\" src=\"https:\/\/i2.wp.com\/www1.unicap.br\/assecom1\/wp-content\/uploads\/2015\/05\/Beatriz-Brusantin-Boletim.jpg?resize=640%2C665&#038;ssl=1\" alt=\"Beatriz-Brusantin-Boletim\" srcset=\"https:\/\/i2.wp.com\/www1.unicap.br\/assecom1\/wp-content\/uploads\/2015\/05\/Beatriz-Brusantin-Boletim.jpg?w=800&amp;ssl=1 800w, https:\/\/i2.wp.com\/www1.unicap.br\/assecom1\/wp-content\/uploads\/2015\/05\/Beatriz-Brusantin-Boletim.jpg?resize=289%2C300&amp;ssl=1 289w, https:\/\/i2.wp.com\/www1.unicap.br\/assecom1\/wp-content\/uploads\/2015\/05\/Beatriz-Brusantin-Boletim.jpg?resize=48%2C50&amp;ssl=1 48w\" sizes=\"(max-width: 640px) 100vw, 640px\" data-recalc-dims=\"1\" \/>A coordenadora do curso de Hist\u00f3ria da Universidade Cat\u00f3lica de Pernambuco, Beatriz Brusantin, vai participar na tarde desta quarta-feira (27), na Caixa Cultural do Recife, do semin\u00e1rio <em>O Processo de Reconhecimento do Patrim\u00f4nio Imaterial de Pernambuco: invent\u00e1rios do Maracatu Na\u00e7\u00e3o, Maracatu de Baque Solto e Cavalo-Marinho<\/em>, que ter\u00e1 como tem\u00e1tica as pol\u00edticas de identifica\u00e7\u00e3o, registro e salvaguarda de bens culturais imateriais de Pernambuco. Como tema principal, a produ\u00e7\u00e3o dos Invent\u00e1rios Culturais de Refer\u00eancias Culturais \u2013 INRC, do Maracatu Na\u00e7\u00e3o, Maracatu de Baque Solto e Cavalo-Marinho pela Fundarpe, e ainda a titula\u00e7\u00e3o desses bens pelo Iphan como Patrim\u00f4nios Culturais Imateriais Brasileiros em dezembro de 2014.<\/p>\n<p>O semin\u00e1rio se integra \u00e0 programa\u00e7\u00e3o da exposi\u00e7\u00e3o <em>Patrim\u00f4nio Imaterial Brasileiro: a celebra\u00e7\u00e3o viva da cultura dos povos<\/em>, tamb\u00e9m apoiada pela Fundarpe, que trouxe para o Recife o panorama dos bens culturais imateriais do Brasil, reconhecidos por meio do Registro do Patrim\u00f4nio Cultural Imaterial Brasileiro (Decreto federal 3.551\/2000), promovido pelo Instituto do Patrim\u00f4nio Hist\u00f3rico e Art\u00edstico Nacional \u2013 Iphan.<\/p>\n<p>O evento, que visa promover a difus\u00e3o dos resultados das pesquisas com esses tr\u00eas bens culturais no estado de Pernambuco e ressaltar a import\u00e2ncia da sua titula\u00e7\u00e3o pelo Iphan, ter\u00e1 a presen\u00e7a dos coordenadores e pesquisadores dos invent\u00e1rios dos respectivos bens culturais, dos t\u00e9cnicos da Fundarpe e do Iphan de Pernambuco. Estar\u00e3o presentes ainda os representantes da Associa\u00e7\u00e3o dos Maracatus Na\u00e7\u00e3o de Pernambuco \u2013 AMANPE; da Associa\u00e7\u00e3o dos Maracatus de Baque Solto de Pernambuco &#8211; AMBS-PE; de mestres e maracatuzeiros e mestres de Cavalo Marinho. Objetiva-se ainda realizar nova edi\u00e7\u00e3o do semin\u00e1rio na Mata Norte de Pernambuco e demais regi\u00f5es de desenvolvimento do Estado de Pernambuco.<\/p>\n<p>O evento \u00e9 aberto ao p\u00fablico, mas sujeito a lota\u00e7\u00e3o do espa\u00e7o.<\/p>\n<p>Programa\u00e7\u00e3o:<\/p>\n<p>Pol\u00edtica de identifica\u00e7\u00e3o e registro dos bens culturais do estado de Pernambuco &#8211; Marcelo Renan Souza (GPCult\/Fundarpe)<br \/>\nO Invent\u00e1rio Nacional de Refer\u00eancias Culturais (INRC) \u2013 metodologia e aplica\u00e7\u00e3o &#8211; Giorge Bessoni (Antrop\u00f3logo &#8211; Iphan-PE)<br \/>\nInvent\u00e1rios do Maracatu Na\u00e7\u00e3o, Maracatu de Baque Solto e Cavalo-Marinho<br \/>\n\u2022\u00a0 \u00a0 \u00a0 \u00a0Prof. Dr\u00aa. Beatriz Brusantin (UNICAP) \u2013 Coordenadora do INRC do Cavalo-Marinho<br \/>\n\u2022\u00a0 \u00a0 \u00a0 \u00a0Prof. Dr\u00aa Isabel Guillen (UFPE) \u2013 Coordenadora do INRC do Maracatu Na\u00e7\u00e3o<br \/>\n\u2022\u00a0 \u00a0 \u00a0 \u00a0Dr\u00aa Maria Alice Amorim \u2013 Coordenadora do INRC do Maracatu de Baque Solto<\/p>\n<p>Maracatu Na\u00e7\u00e3o, Maracatu de Baque Solto e Cavalo-Marinho<br \/>\n\u2022\u00a0 \u00a0 \u00a0 \u00a0F\u00e1bio de Souza Sotero &#8211; Associa\u00e7\u00e3o dos Maracatus Na\u00e7\u00e3o de Pernambuco (AMANPE)<br \/>\n\u2022\u00a0 \u00a0 \u00a0 \u00a0Manoelzinho Salustiano &#8211; Associa\u00e7\u00e3o dos Maracatus de Baque Solto de Pernambuco (AMBS-PE)<br \/>\n\u2022\u00a0 \u00a0 \u00a0 \u00a0Mestre Grim\u00e1rio \u2013 Cavalo Marinho Boi Pintado<\/p>\n<p>Servi\u00e7o:<br \/>\nCaixa Cultural Recife<br \/>\nEndere\u00e7o: Avenida Alfredo Lisboa, 505 \u2013 Pra\u00e7a do Marco Zero \u2013 Bairro do Recife<br \/>\nMais informa\u00e7\u00f5es: (81) 3184-3068<br \/>\nInscri\u00e7\u00f5es gratuitas e limitadas: <a href=\"mailto:patrimonioimaterial@gmail.com\">patrimonioimaterial@gmail.com<\/a> (GPCult\/Fundarpe)<\/p>\n<p>&nbsp;<\/p>\n<p>Confira abaixo link do v\u00eddeo de candidatura do Cavalo-Marinho ao t\u00edtulo de Patrim\u00f4nio Cultural, do qual a professora Beatriz Brusantin foi roteirista, al\u00e9m de ter auxiliado na produ\u00e7\u00e3o.<\/p>\n<p><a href=\"https:\/\/www.youtube.com\/watch?v=EVOZAf4vucY\" target=\"_blank\">https:\/\/www.youtube.com\/watch?<wbr \/>v=EVOZAf4vucY<\/a><\/p>\n","protected":false},"excerpt":{"rendered":"<p>A coordenadora do curso de Hist\u00f3ria da Universidade Cat\u00f3lica de Pernambuco, Beatriz Brusantin, vai participar na tarde desta quarta-feira (27), na Caixa Cultural do Recife, do semin\u00e1rio O Processo de Reconhecimento do Patrim\u00f4nio Imaterial de Pernambuco: invent\u00e1rios do Maracatu Na\u00e7\u00e3o, Maracatu de Baque Solto e Cavalo-Marinho, que ter\u00e1 como tem\u00e1tica as pol\u00edticas de identifica\u00e7\u00e3o, registro [&hellip;]<\/p>\n","protected":false},"author":2,"featured_media":53307,"comment_status":"open","ping_status":"open","sticky":false,"template":"","format":"standard","meta":[],"categories":[4],"tags":[],"jetpack-related-posts":[],"_links":{"self":[{"href":"https:\/\/www1.unicap.br\/assecom1\/wp-json\/wp\/v2\/posts\/53293"}],"collection":[{"href":"https:\/\/www1.unicap.br\/assecom1\/wp-json\/wp\/v2\/posts"}],"about":[{"href":"https:\/\/www1.unicap.br\/assecom1\/wp-json\/wp\/v2\/types\/post"}],"author":[{"embeddable":true,"href":"https:\/\/www1.unicap.br\/assecom1\/wp-json\/wp\/v2\/users\/2"}],"replies":[{"embeddable":true,"href":"https:\/\/www1.unicap.br\/assecom1\/wp-json\/wp\/v2\/comments?post=53293"}],"version-history":[{"count":4,"href":"https:\/\/www1.unicap.br\/assecom1\/wp-json\/wp\/v2\/posts\/53293\/revisions"}],"predecessor-version":[{"id":53306,"href":"https:\/\/www1.unicap.br\/assecom1\/wp-json\/wp\/v2\/posts\/53293\/revisions\/53306"}],"wp:featuredmedia":[{"embeddable":true,"href":"https:\/\/www1.unicap.br\/assecom1\/wp-json\/wp\/v2\/media\/53307"}],"wp:attachment":[{"href":"https:\/\/www1.unicap.br\/assecom1\/wp-json\/wp\/v2\/media?parent=53293"}],"wp:term":[{"taxonomy":"category","embeddable":true,"href":"https:\/\/www1.unicap.br\/assecom1\/wp-json\/wp\/v2\/categories?post=53293"},{"taxonomy":"post_tag","embeddable":true,"href":"https:\/\/www1.unicap.br\/assecom1\/wp-json\/wp\/v2\/tags?post=53293"}],"curies":[{"name":"wp","href":"https:\/\/api.w.org\/{rel}","templated":true}]}}