{"id":53167,"date":"2015-05-18T22:24:21","date_gmt":"2015-05-19T01:24:21","guid":{"rendered":"http:\/\/www.unicap.br\/assecom1\/?p=53167"},"modified":"2015-05-19T09:36:52","modified_gmt":"2015-05-19T12:36:52","slug":"revista-historia-unicap-ja-esta-com-segundo-numero-publicado","status":"publish","type":"post","link":"https:\/\/www1.unicap.br\/assecom1\/revista-historia-unicap-ja-esta-com-segundo-numero-publicado\/","title":{"rendered":"Revista Hist\u00f3ria Unicap j\u00e1 est\u00e1 com segundo n\u00famero publicado"},"content":{"rendered":"<div><\/div>\n<div><img data-attachment-id=\"53175\" data-permalink=\"https:\/\/www1.unicap.br\/assecom1\/revista-historia-unicap-ja-esta-com-segundo-numero-publicado\/historia-fb\/\" data-orig-file=\"https:\/\/i1.wp.com\/www1.unicap.br\/assecom1\/wp-content\/uploads\/2015\/05\/historia-fb.jpg?fit=403%2C403&amp;ssl=1\" data-orig-size=\"403,403\" data-comments-opened=\"1\" data-image-meta=\"{&quot;aperture&quot;:&quot;0&quot;,&quot;credit&quot;:&quot;&quot;,&quot;camera&quot;:&quot;&quot;,&quot;caption&quot;:&quot;&quot;,&quot;created_timestamp&quot;:&quot;0&quot;,&quot;copyright&quot;:&quot;&quot;,&quot;focal_length&quot;:&quot;0&quot;,&quot;iso&quot;:&quot;0&quot;,&quot;shutter_speed&quot;:&quot;0&quot;,&quot;title&quot;:&quot;&quot;,&quot;orientation&quot;:&quot;0&quot;}\" data-image-title=\"historia Unicap\" data-image-description=\"\" data-medium-file=\"https:\/\/i1.wp.com\/www1.unicap.br\/assecom1\/wp-content\/uploads\/2015\/05\/historia-fb.jpg?fit=300%2C300&amp;ssl=1\" data-large-file=\"https:\/\/i1.wp.com\/www1.unicap.br\/assecom1\/wp-content\/uploads\/2015\/05\/historia-fb.jpg?fit=403%2C403&amp;ssl=1\" loading=\"lazy\" class=\"  wp-image-53175 aligncenter\" src=\"https:\/\/i1.wp.com\/www1.unicap.br\/assecom1\/wp-content\/uploads\/2015\/05\/historia-fb.jpg?resize=455%2C455&#038;ssl=1\" alt=\"historia Unicap\" srcset=\"https:\/\/i1.wp.com\/www1.unicap.br\/assecom1\/wp-content\/uploads\/2015\/05\/historia-fb.jpg?w=403&amp;ssl=1 403w, https:\/\/i1.wp.com\/www1.unicap.br\/assecom1\/wp-content\/uploads\/2015\/05\/historia-fb.jpg?resize=150%2C150&amp;ssl=1 150w, https:\/\/i1.wp.com\/www1.unicap.br\/assecom1\/wp-content\/uploads\/2015\/05\/historia-fb.jpg?resize=300%2C300&amp;ssl=1 300w, https:\/\/i1.wp.com\/www1.unicap.br\/assecom1\/wp-content\/uploads\/2015\/05\/historia-fb.jpg?resize=50%2C50&amp;ssl=1 50w\" sizes=\"(max-width: 455px) 100vw, 455px\" data-recalc-dims=\"1\" \/><\/div>\n<div>J\u00e1 foi publicado o segundo n\u00famero da revista <i>Hist\u00f3ria Unicap<\/i><i>\u00a0<\/i> e as submiss\u00f5es para a terceira edi\u00e7\u00e3o ainda est\u00e3o abertas. O novo n\u00famero da publica\u00e7\u00e3o contar\u00e1 com o dossi\u00ea &#8220;A Hist\u00f3ria atrav\u00e9s dos documentos arqueol\u00f3gicos&#8221;, coordenado pelas professoras Ana L\u00facia do Nascimento Oliveira e Suely Cristina Albuquerque de Luna, da Universidade Federal Rural de Pernambuco.<\/div>\n<div><\/div>\n<div><\/div>\n<p>&nbsp;<\/p>\n<div><\/div>\n<div><\/div>\n<div><\/div>\n","protected":false},"excerpt":{"rendered":"<p>J\u00e1 foi publicado o segundo n\u00famero da revista Hist\u00f3ria Unicap\u00a0 e as submiss\u00f5es para a terceira edi\u00e7\u00e3o ainda est\u00e3o abertas. O novo n\u00famero da publica\u00e7\u00e3o contar\u00e1 com o dossi\u00ea &#8220;A Hist\u00f3ria atrav\u00e9s dos documentos arqueol\u00f3gicos&#8221;, coordenado pelas professoras Ana L\u00facia do Nascimento Oliveira e Suely Cristina Albuquerque de Luna, da Universidade Federal Rural de Pernambuco. [&hellip;]<\/p>\n","protected":false},"author":2,"featured_media":53179,"comment_status":"open","ping_status":"open","sticky":false,"template":"","format":"standard","meta":[],"categories":[4],"tags":[],"jetpack-related-posts":[],"_links":{"self":[{"href":"https:\/\/www1.unicap.br\/assecom1\/wp-json\/wp\/v2\/posts\/53167"}],"collection":[{"href":"https:\/\/www1.unicap.br\/assecom1\/wp-json\/wp\/v2\/posts"}],"about":[{"href":"https:\/\/www1.unicap.br\/assecom1\/wp-json\/wp\/v2\/types\/post"}],"author":[{"embeddable":true,"href":"https:\/\/www1.unicap.br\/assecom1\/wp-json\/wp\/v2\/users\/2"}],"replies":[{"embeddable":true,"href":"https:\/\/www1.unicap.br\/assecom1\/wp-json\/wp\/v2\/comments?post=53167"}],"version-history":[{"count":5,"href":"https:\/\/www1.unicap.br\/assecom1\/wp-json\/wp\/v2\/posts\/53167\/revisions"}],"predecessor-version":[{"id":53178,"href":"https:\/\/www1.unicap.br\/assecom1\/wp-json\/wp\/v2\/posts\/53167\/revisions\/53178"}],"wp:featuredmedia":[{"embeddable":true,"href":"https:\/\/www1.unicap.br\/assecom1\/wp-json\/wp\/v2\/media\/53179"}],"wp:attachment":[{"href":"https:\/\/www1.unicap.br\/assecom1\/wp-json\/wp\/v2\/media?parent=53167"}],"wp:term":[{"taxonomy":"category","embeddable":true,"href":"https:\/\/www1.unicap.br\/assecom1\/wp-json\/wp\/v2\/categories?post=53167"},{"taxonomy":"post_tag","embeddable":true,"href":"https:\/\/www1.unicap.br\/assecom1\/wp-json\/wp\/v2\/tags?post=53167"}],"curies":[{"name":"wp","href":"https:\/\/api.w.org\/{rel}","templated":true}]}}