{"id":53022,"date":"2015-05-13T21:40:29","date_gmt":"2015-05-14T00:40:29","guid":{"rendered":"http:\/\/www.unicap.br\/assecom1\/?p=53022"},"modified":"2015-05-15T18:10:54","modified_gmt":"2015-05-15T21:10:54","slug":"reitor-recebe-medalha-do-trt","status":"publish","type":"post","link":"https:\/\/www1.unicap.br\/assecom1\/reitor-recebe-medalha-do-trt\/","title":{"rendered":"Reitor recebe medalha do TRT"},"content":{"rendered":"<div id=\"content\">\n<figure id=\"attachment_53134\" aria-describedby=\"caption-attachment-53134\" style=\"width: 1032px\" class=\"wp-caption alignnone\"><img data-attachment-id=\"53134\" data-permalink=\"https:\/\/www1.unicap.br\/assecom1\/reitor-recebe-medalha-do-trt\/attachment\/0\/\" data-orig-file=\"https:\/\/i0.wp.com\/www1.unicap.br\/assecom1\/wp-content\/uploads\/2015\/05\/02.jpg?fit=1032%2C688&amp;ssl=1\" data-orig-size=\"1032,688\" data-comments-opened=\"1\" data-image-meta=\"{&quot;aperture&quot;:&quot;0&quot;,&quot;credit&quot;:&quot;Danilo Galv\\u00e3o&quot;,&quot;camera&quot;:&quot;&quot;,&quot;caption&quot;:&quot;Cerim\\u00f4nia de entrega das medalhas Juiz Eurico de castro Chaves Filho e Concelheiro Jo\\u00e3o Alfredo, realizada no dia 13 de maio de 2015 no arc\\u00e1dia do passo.&quot;,&quot;created_timestamp&quot;:&quot;0&quot;,&quot;copyright&quot;:&quot;Danilo Galv\\u00e3o&quot;,&quot;focal_length&quot;:&quot;0&quot;,&quot;iso&quot;:&quot;0&quot;,&quot;shutter_speed&quot;:&quot;0&quot;,&quot;title&quot;:&quot;&quot;,&quot;orientation&quot;:&quot;0&quot;}\" data-image-title=\"0\" data-image-description=\"\" data-medium-file=\"https:\/\/i0.wp.com\/www1.unicap.br\/assecom1\/wp-content\/uploads\/2015\/05\/02.jpg?fit=300%2C200&amp;ssl=1\" data-large-file=\"https:\/\/i0.wp.com\/www1.unicap.br\/assecom1\/wp-content\/uploads\/2015\/05\/02.jpg?fit=640%2C427&amp;ssl=1\" loading=\"lazy\" class=\"size-full wp-image-53134\" src=\"https:\/\/i0.wp.com\/www1.unicap.br\/assecom1\/wp-content\/uploads\/2015\/05\/02.jpg?resize=640%2C427&#038;ssl=1\" alt=\"Cerim\u00f4nia de entrega das medalhas Juiz Eurico de castro Chaves Filho e Concelheiro Jo\u00e3o Alfredo, realizada no dia 13 de maio de 2015 no arc\u00e1dia do passo.\" srcset=\"https:\/\/i0.wp.com\/www1.unicap.br\/assecom1\/wp-content\/uploads\/2015\/05\/02.jpg?w=1032&amp;ssl=1 1032w, https:\/\/i0.wp.com\/www1.unicap.br\/assecom1\/wp-content\/uploads\/2015\/05\/02.jpg?resize=300%2C200&amp;ssl=1 300w, https:\/\/i0.wp.com\/www1.unicap.br\/assecom1\/wp-content\/uploads\/2015\/05\/02.jpg?resize=1024%2C683&amp;ssl=1 1024w, https:\/\/i0.wp.com\/www1.unicap.br\/assecom1\/wp-content\/uploads\/2015\/05\/02.jpg?resize=50%2C33&amp;ssl=1 50w\" sizes=\"(max-width: 640px) 100vw, 640px\" data-recalc-dims=\"1\" \/><figcaption id=\"caption-attachment-53134\" class=\"wp-caption-text\">Cerim\u00f4nia de entrega das medalhas Juiz Eurico de castro Chaves Filho e Concelheiro Jo\u00e3o Alfredo, realizada no dia 13 de maio de 2015 no arc\u00e1dia do passo.<\/figcaption><\/figure>\n<p><br class=\"page-title\" \/><\/p>\n<div class=\"region region-content\">\n<div id=\"block-system-main\" class=\"block block-system\">\n<div class=\"content\">\n<article id=\"node-7310\" class=\"node node-article\">\n<div class=\"content\">\n<div class=\"field field-name-body field-type-text-with-summary field-label-hidden\">\n<div class=\"field-items\">\n<div class=\"field-item even\">\n<div><\/div>\n<div>Com informa\u00e7\u00f5es da Assessoria de Comunica\u00e7\u00e3o do TRT<\/div>\n<div><\/div>\n<div>O Tribunal Regional do Trabalho da 6\u00aa Regi\u00e3o (TRT-PE) realizou a entrega da Medalha Conselheiro Jo\u00e3o Alfredo Corr\u00eaa de Oliveira e da Medalha Juiz Eurico de Castro Chaves Filho a 37 personalidades,\u00a0 no final da tarde desta quarta-feira (13), no Arc\u00e1dia Recep\u00e7\u00f5es do Pa\u00e7o Alf\u00e2ndega. A primeira foi concedida a personalidades que se destacaram por sua contribui\u00e7\u00e3o \u00e0 Justi\u00e7a Trabalhista pernambucana ou a outros campos de relev\u00e2ncia social; j\u00e1 a segunda prestigiou magistrados e servidores do Tribunal por raz\u00e3o de m\u00e9rito funcional. Professores, advogados, m\u00fasicos, escritores, m\u00e9dicos e pol\u00edticos est\u00e3o entre os homenageados deste ano.<\/div>\n<div><\/div>\n<div>A ministra do Tribunal Superior do Trabalho (TST) Maria de Assis Calsing; o presidente do TRT da 5\u00aa Regi\u00e3o (Bahia) e do Col\u00e9gio de Presidentes e Corregedores dos Tribunais Regionais do Trabalho (Coleprecor), desembargador Valt\u00e9rcio Ronaldo de Oliveira; o presidente do TRT da 1\u00aa Regi\u00e3o (Rio de Janeiro), desembargador Carlos Alberto Ara\u00fajo Drumond; o presidente do Tribunal Regional Federal da 5\u00aa Regi\u00e3o (TRF5), desembargador Marcelo Navarro Ribeiro Dantas; o presidente da Ordem dos Advogados do Brasil Seccional Pernambuco (OAB-PE), Pedro Henrique Braga Reynaldo Alves; e o procurador-chefe da Advocacia-Geral da Uni\u00e3o da 5\u00aa Regi\u00e3o (AGU), Rodrigo Cunha Veloso, foram alguns dos agraciados com a Medalha Conselheiro Jo\u00e3o Alfredo Corr\u00eaa de Oliveira.<\/div>\n<div><\/div>\n<div>\n<div><img loading=\"lazy\" class=\"alignleft\" src=\"https:\/\/i2.wp.com\/www.trt6.jus.br\/portal\/sites\/default\/files\/images\/medalhas.jpg?resize=480%2C388\" alt=\"\" data-recalc-dims=\"1\" \/><\/div>\n<p>Tamb\u00e9m receberam a maior honraria concedida pelo Tribunal do Trabalho de Pernambuco o compositor e diretor da Spokfrevo Orquestra, Inaldo Cavalcante de Albuquerque \u2013 &#8216;Maestro Spok&#8217;; o vice-diretor da Faculdade de Direito do Recife da Universidade Federal de Pernambuco (UFPE), Ivanildo de Figueiredo Andrade de Oliveira Filho; o Reitor da Universidade Cat\u00f3lica de Pernambuco (Unicap), Padre Pedro Rubens Ferreira Oliveira; e o titular da 9\u00aa Vara da Fam\u00edlia do Tribunal Regional do Trabalho de Pernambuco (TJPE) e idealizador e coordenador-geral da Orquestra Crian\u00e7a Cidad\u00e3, juiz Jo\u00e3o Jos\u00e9 Rocha Targino. Confira a lista completa de homenageados <u><strong><a href=\"http:\/\/www.trt6.jus.br\/portal\/sites\/default\/files\/portal\/noticias\/2015\/04\/13\/trt-pe-divulga-lista-dos-agraciados-com-medalhas\/convite_completo_pdf.pdf\" target=\"_blank\">AQUI<\/a><\/strong><\/u>.<\/div>\n<div><\/div>\n<div><strong>Medalha Conselheiro Jo\u00e3o Alfredo Corr\u00eaa de Oliveira:<\/strong> Institu\u00edda em 1987 pelo presidente do TRT-PE, desembargador Jos\u00e9 Guedes Corr\u00eaa Gondim Filho, a honraria leva o nome de Jo\u00e3o Alfredo de Oliveira, pol\u00edtico pernambucano que foi conselheiro de Estado no Brasil Imp\u00e9rio e importante figura na aboli\u00e7\u00e3o da escravatura, tendo participado da promulga\u00e7\u00e3o da Lei \u00c1urea, em 13 de maio de 1888.<\/div>\n<div><\/div>\n<div><strong>Medalha Juiz Eurico de Castro Chaves Filho: <\/strong>Tamb\u00e9m criada em 1987 pelo desembargador Jos\u00e9 Gondim Filho, a condecora\u00e7\u00e3o alude ao juiz Eurico de Castro Chaves Filho, que presidiu o Regional da 6\u00aa Regi\u00e3o nos per\u00edodos de 1946\/1951, 1955\/1959 e 1963\/1966. Durante sua gest\u00e3o, em 1946, o \u00f3rg\u00e3o passou a integrar o Poder Judici\u00e1rio da Uni\u00e3o.<\/div>\n<div><\/div>\n<\/div>\n<\/div>\n<\/div>\n<\/div>\n<\/article>\n<\/div>\n<\/div>\n<\/div>\n<\/div>\n","protected":false},"excerpt":{"rendered":"<p>Com informa\u00e7\u00f5es da Assessoria de Comunica\u00e7\u00e3o do TRT O Tribunal Regional do Trabalho da 6\u00aa Regi\u00e3o (TRT-PE) realizou a entrega da Medalha Conselheiro Jo\u00e3o Alfredo Corr\u00eaa de Oliveira e da Medalha Juiz Eurico de Castro Chaves Filho a 37 personalidades,\u00a0 no final da tarde desta quarta-feira (13), no Arc\u00e1dia Recep\u00e7\u00f5es do Pa\u00e7o Alf\u00e2ndega. A primeira [&hellip;]<\/p>\n","protected":false},"author":2,"featured_media":0,"comment_status":"open","ping_status":"open","sticky":false,"template":"","format":"standard","meta":[],"categories":[4],"tags":[],"jetpack-related-posts":[],"_links":{"self":[{"href":"https:\/\/www1.unicap.br\/assecom1\/wp-json\/wp\/v2\/posts\/53022"}],"collection":[{"href":"https:\/\/www1.unicap.br\/assecom1\/wp-json\/wp\/v2\/posts"}],"about":[{"href":"https:\/\/www1.unicap.br\/assecom1\/wp-json\/wp\/v2\/types\/post"}],"author":[{"embeddable":true,"href":"https:\/\/www1.unicap.br\/assecom1\/wp-json\/wp\/v2\/users\/2"}],"replies":[{"embeddable":true,"href":"https:\/\/www1.unicap.br\/assecom1\/wp-json\/wp\/v2\/comments?post=53022"}],"version-history":[{"count":4,"href":"https:\/\/www1.unicap.br\/assecom1\/wp-json\/wp\/v2\/posts\/53022\/revisions"}],"predecessor-version":[{"id":53136,"href":"https:\/\/www1.unicap.br\/assecom1\/wp-json\/wp\/v2\/posts\/53022\/revisions\/53136"}],"wp:attachment":[{"href":"https:\/\/www1.unicap.br\/assecom1\/wp-json\/wp\/v2\/media?parent=53022"}],"wp:term":[{"taxonomy":"category","embeddable":true,"href":"https:\/\/www1.unicap.br\/assecom1\/wp-json\/wp\/v2\/categories?post=53022"},{"taxonomy":"post_tag","embeddable":true,"href":"https:\/\/www1.unicap.br\/assecom1\/wp-json\/wp\/v2\/tags?post=53022"}],"curies":[{"name":"wp","href":"https:\/\/api.w.org\/{rel}","templated":true}]}}