{"id":52176,"date":"2015-04-07T17:46:13","date_gmt":"2015-04-07T20:46:13","guid":{"rendered":"http:\/\/www.unicap.br\/assecom1\/?p=52176"},"modified":"2015-04-08T15:25:39","modified_gmt":"2015-04-08T18:25:39","slug":"forum-discute-protagonismo-social-da-pessoa-idosa","status":"publish","type":"post","link":"https:\/\/www1.unicap.br\/assecom1\/forum-discute-protagonismo-social-da-pessoa-idosa\/","title":{"rendered":"F\u00f3rum discute Protagonismo Social da Pessoa Idosa"},"content":{"rendered":"<figure id=\"attachment_52193\" aria-describedby=\"caption-attachment-52193\" style=\"width: 1024px\" class=\"wp-caption alignleft\"><a href=\"https:\/\/i0.wp.com\/www1.unicap.br\/assecom1\/wp-content\/uploads\/2015\/04\/MG_8961.jpg?ssl=1\"><img data-attachment-id=\"52193\" data-permalink=\"https:\/\/www1.unicap.br\/assecom1\/forum-discute-protagonismo-social-da-pessoa-idosa\/_mg_8961\/\" data-orig-file=\"https:\/\/i0.wp.com\/www1.unicap.br\/assecom1\/wp-content\/uploads\/2015\/04\/MG_8961.jpg?fit=5616%2C3744&amp;ssl=1\" data-orig-size=\"5616,3744\" data-comments-opened=\"1\" data-image-meta=\"{&quot;aperture&quot;:&quot;2.5&quot;,&quot;credit&quot;:&quot;&quot;,&quot;camera&quot;:&quot;Canon EOS 5D Mark II&quot;,&quot;caption&quot;:&quot;&quot;,&quot;created_timestamp&quot;:&quot;1428418343&quot;,&quot;copyright&quot;:&quot;&quot;,&quot;focal_length&quot;:&quot;50&quot;,&quot;iso&quot;:&quot;400&quot;,&quot;shutter_speed&quot;:&quot;0.0125&quot;,&quot;title&quot;:&quot;&quot;,&quot;orientation&quot;:&quot;0&quot;}\" data-image-title=\"_MG_8961\" data-image-description=\"\" data-medium-file=\"https:\/\/i0.wp.com\/www1.unicap.br\/assecom1\/wp-content\/uploads\/2015\/04\/MG_8961.jpg?fit=300%2C200&amp;ssl=1\" data-large-file=\"https:\/\/i0.wp.com\/www1.unicap.br\/assecom1\/wp-content\/uploads\/2015\/04\/MG_8961.jpg?fit=640%2C427&amp;ssl=1\" loading=\"lazy\" class=\"wp-image-52193 size-large\" src=\"https:\/\/i0.wp.com\/www1.unicap.br\/assecom1\/wp-content\/uploads\/2015\/04\/MG_8961.jpg?resize=640%2C427&#038;ssl=1\" alt=\"_MG_8961\" srcset=\"https:\/\/i0.wp.com\/www1.unicap.br\/assecom1\/wp-content\/uploads\/2015\/04\/MG_8961.jpg?resize=1024%2C683&amp;ssl=1 1024w, https:\/\/i0.wp.com\/www1.unicap.br\/assecom1\/wp-content\/uploads\/2015\/04\/MG_8961.jpg?resize=300%2C200&amp;ssl=1 300w, https:\/\/i0.wp.com\/www1.unicap.br\/assecom1\/wp-content\/uploads\/2015\/04\/MG_8961.jpg?resize=50%2C33&amp;ssl=1 50w, https:\/\/i0.wp.com\/www1.unicap.br\/assecom1\/wp-content\/uploads\/2015\/04\/MG_8961.jpg?w=1280&amp;ssl=1 1280w, https:\/\/i0.wp.com\/www1.unicap.br\/assecom1\/wp-content\/uploads\/2015\/04\/MG_8961.jpg?w=1920&amp;ssl=1 1920w\" sizes=\"(max-width: 640px) 100vw, 640px\" data-recalc-dims=\"1\" \/><\/a><figcaption id=\"caption-attachment-52193\" class=\"wp-caption-text\">Fotos: Gustavo Gloria<\/figcaption><\/figure>\n<p>O F\u00f3rum Sobre Quest\u00f5es do Envelhecimento discutiu na tarde desta ter\u00e7a-feira (7) o Protagonismo Social da Pessoa Idosa. A professora do curso de Servi\u00e7o Social, Valdenice Jos\u00e9 Raimundo, e o professor do Mestrado em Ci\u00eancias da Linguagem e do curso de Filosfia, Karl Heinz-Efken, foram os palestrantes.<\/p>\n<p><a href=\"https:\/\/i2.wp.com\/www1.unicap.br\/assecom1\/wp-content\/uploads\/2015\/04\/MG_8903.jpg?ssl=1\"><img data-attachment-id=\"52195\" data-permalink=\"https:\/\/www1.unicap.br\/assecom1\/forum-discute-protagonismo-social-da-pessoa-idosa\/_mg_8903\/\" data-orig-file=\"https:\/\/i2.wp.com\/www1.unicap.br\/assecom1\/wp-content\/uploads\/2015\/04\/MG_8903.jpg?fit=5186%2C3457&amp;ssl=1\" data-orig-size=\"5186,3457\" data-comments-opened=\"1\" data-image-meta=\"{&quot;aperture&quot;:&quot;2&quot;,&quot;credit&quot;:&quot;&quot;,&quot;camera&quot;:&quot;Canon EOS 5D Mark II&quot;,&quot;caption&quot;:&quot;&quot;,&quot;created_timestamp&quot;:&quot;1428417012&quot;,&quot;copyright&quot;:&quot;&quot;,&quot;focal_length&quot;:&quot;50&quot;,&quot;iso&quot;:&quot;1600&quot;,&quot;shutter_speed&quot;:&quot;0.016666666666667&quot;,&quot;title&quot;:&quot;&quot;,&quot;orientation&quot;:&quot;0&quot;}\" data-image-title=\"_MG_8903\" data-image-description=\"\" data-medium-file=\"https:\/\/i2.wp.com\/www1.unicap.br\/assecom1\/wp-content\/uploads\/2015\/04\/MG_8903.jpg?fit=300%2C200&amp;ssl=1\" data-large-file=\"https:\/\/i2.wp.com\/www1.unicap.br\/assecom1\/wp-content\/uploads\/2015\/04\/MG_8903.jpg?fit=640%2C427&amp;ssl=1\" loading=\"lazy\" class=\"alignleft size-medium wp-image-52195\" src=\"https:\/\/i2.wp.com\/www1.unicap.br\/assecom1\/wp-content\/uploads\/2015\/04\/MG_8903.jpg?resize=300%2C200&#038;ssl=1\" alt=\"_MG_8903\" srcset=\"https:\/\/i2.wp.com\/www1.unicap.br\/assecom1\/wp-content\/uploads\/2015\/04\/MG_8903.jpg?resize=300%2C200&amp;ssl=1 300w, https:\/\/i2.wp.com\/www1.unicap.br\/assecom1\/wp-content\/uploads\/2015\/04\/MG_8903.jpg?resize=1024%2C683&amp;ssl=1 1024w, https:\/\/i2.wp.com\/www1.unicap.br\/assecom1\/wp-content\/uploads\/2015\/04\/MG_8903.jpg?resize=50%2C33&amp;ssl=1 50w, https:\/\/i2.wp.com\/www1.unicap.br\/assecom1\/wp-content\/uploads\/2015\/04\/MG_8903.jpg?w=1280&amp;ssl=1 1280w, https:\/\/i2.wp.com\/www1.unicap.br\/assecom1\/wp-content\/uploads\/2015\/04\/MG_8903.jpg?w=1920&amp;ssl=1 1920w\" sizes=\"(max-width: 300px) 100vw, 300px\" data-recalc-dims=\"1\" \/><\/a>O evento contou com a participa\u00e7\u00e3o especial de Edusa Pereira. Integrante dos Conselhos Estaduais da Mulher e dos Direitos dos Idosos, ela foi convidada pelo coordenador do F\u00f3rum, Prof. Jo\u00e3o Lu\u00eds, para subir ao palco do teatro do bloco B e falar um pouco. Ela destacou a import\u00e2ncia do papel da mulher idosa.<\/p>\n<p>&#8220;As m\u00e3es saem pra trabalhar e deixam os filhos com as av\u00f3s. Essas mulheres se tornam a segunda m\u00e3e e isso furta o direito de ser av\u00f3. Vejam como \u00e9 importante o papel da idosa nos dias de hoje&#8221;, ponderou.<\/p>\n<p><a href=\"https:\/\/i0.wp.com\/www1.unicap.br\/assecom1\/wp-content\/uploads\/2015\/04\/MG_8936.jpg?ssl=1\"><img data-attachment-id=\"52196\" data-permalink=\"https:\/\/www1.unicap.br\/assecom1\/forum-discute-protagonismo-social-da-pessoa-idosa\/_mg_8936\/\" data-orig-file=\"https:\/\/i0.wp.com\/www1.unicap.br\/assecom1\/wp-content\/uploads\/2015\/04\/MG_8936.jpg?fit=5214%2C3476&amp;ssl=1\" data-orig-size=\"5214,3476\" data-comments-opened=\"1\" data-image-meta=\"{&quot;aperture&quot;:&quot;5.6&quot;,&quot;credit&quot;:&quot;&quot;,&quot;camera&quot;:&quot;Canon EOS 5D Mark II&quot;,&quot;caption&quot;:&quot;&quot;,&quot;created_timestamp&quot;:&quot;1428417717&quot;,&quot;copyright&quot;:&quot;&quot;,&quot;focal_length&quot;:&quot;95&quot;,&quot;iso&quot;:&quot;2500&quot;,&quot;shutter_speed&quot;:&quot;0.016666666666667&quot;,&quot;title&quot;:&quot;&quot;,&quot;orientation&quot;:&quot;0&quot;}\" data-image-title=\"_MG_8936\" data-image-description=\"\" data-medium-file=\"https:\/\/i0.wp.com\/www1.unicap.br\/assecom1\/wp-content\/uploads\/2015\/04\/MG_8936.jpg?fit=300%2C200&amp;ssl=1\" data-large-file=\"https:\/\/i0.wp.com\/www1.unicap.br\/assecom1\/wp-content\/uploads\/2015\/04\/MG_8936.jpg?fit=640%2C427&amp;ssl=1\" loading=\"lazy\" class=\"alignleft size-medium wp-image-52196\" src=\"https:\/\/i0.wp.com\/www1.unicap.br\/assecom1\/wp-content\/uploads\/2015\/04\/MG_8936.jpg?resize=300%2C200&#038;ssl=1\" alt=\"_MG_8936\" srcset=\"https:\/\/i0.wp.com\/www1.unicap.br\/assecom1\/wp-content\/uploads\/2015\/04\/MG_8936.jpg?resize=300%2C200&amp;ssl=1 300w, https:\/\/i0.wp.com\/www1.unicap.br\/assecom1\/wp-content\/uploads\/2015\/04\/MG_8936.jpg?resize=1024%2C683&amp;ssl=1 1024w, https:\/\/i0.wp.com\/www1.unicap.br\/assecom1\/wp-content\/uploads\/2015\/04\/MG_8936.jpg?resize=50%2C33&amp;ssl=1 50w, https:\/\/i0.wp.com\/www1.unicap.br\/assecom1\/wp-content\/uploads\/2015\/04\/MG_8936.jpg?w=1280&amp;ssl=1 1280w, https:\/\/i0.wp.com\/www1.unicap.br\/assecom1\/wp-content\/uploads\/2015\/04\/MG_8936.jpg?w=1920&amp;ssl=1 1920w\" sizes=\"(max-width: 300px) 100vw, 300px\" data-recalc-dims=\"1\" \/><\/a>J\u00e1 a professora Valdenice destacou a rela\u00e7\u00e3o entre o protagonismo, liberdade e esperan\u00e7a. &#8220;Para ser protagonista, a pessoa tem que ser livre. Livre para fazer escolhas com base em possibilidades concretas&#8221;.<\/p>\n<p>A filosofia norteou o discurso do professor Karl Heinz-Efken que estabeleceu uma liga\u00e7\u00e3o entre o protagonismo social e pol\u00edtico na Terceira Idade.<\/p>\n<p>&nbsp;<\/p>\n<p><a href=\"https:\/\/i0.wp.com\/www1.unicap.br\/assecom1\/wp-content\/uploads\/2015\/04\/MG_8981.jpg?ssl=1\"><img data-attachment-id=\"52197\" data-permalink=\"https:\/\/www1.unicap.br\/assecom1\/forum-discute-protagonismo-social-da-pessoa-idosa\/_mg_8981\/\" data-orig-file=\"https:\/\/i0.wp.com\/www1.unicap.br\/assecom1\/wp-content\/uploads\/2015\/04\/MG_8981.jpg?fit=5616%2C3744&amp;ssl=1\" data-orig-size=\"5616,3744\" data-comments-opened=\"1\" data-image-meta=\"{&quot;aperture&quot;:&quot;5.6&quot;,&quot;credit&quot;:&quot;&quot;,&quot;camera&quot;:&quot;Canon EOS 5D Mark II&quot;,&quot;caption&quot;:&quot;&quot;,&quot;created_timestamp&quot;:&quot;1428419379&quot;,&quot;copyright&quot;:&quot;&quot;,&quot;focal_length&quot;:&quot;135&quot;,&quot;iso&quot;:&quot;3200&quot;,&quot;shutter_speed&quot;:&quot;0.02&quot;,&quot;title&quot;:&quot;&quot;,&quot;orientation&quot;:&quot;0&quot;}\" data-image-title=\"_MG_8981\" data-image-description=\"\" data-medium-file=\"https:\/\/i0.wp.com\/www1.unicap.br\/assecom1\/wp-content\/uploads\/2015\/04\/MG_8981.jpg?fit=300%2C200&amp;ssl=1\" data-large-file=\"https:\/\/i0.wp.com\/www1.unicap.br\/assecom1\/wp-content\/uploads\/2015\/04\/MG_8981.jpg?fit=640%2C427&amp;ssl=1\" loading=\"lazy\" class=\"alignleft size-medium wp-image-52197\" src=\"https:\/\/i0.wp.com\/www1.unicap.br\/assecom1\/wp-content\/uploads\/2015\/04\/MG_8981.jpg?resize=300%2C200&#038;ssl=1\" alt=\"_MG_8981\" srcset=\"https:\/\/i0.wp.com\/www1.unicap.br\/assecom1\/wp-content\/uploads\/2015\/04\/MG_8981.jpg?resize=300%2C200&amp;ssl=1 300w, https:\/\/i0.wp.com\/www1.unicap.br\/assecom1\/wp-content\/uploads\/2015\/04\/MG_8981.jpg?resize=1024%2C683&amp;ssl=1 1024w, https:\/\/i0.wp.com\/www1.unicap.br\/assecom1\/wp-content\/uploads\/2015\/04\/MG_8981.jpg?resize=50%2C33&amp;ssl=1 50w, https:\/\/i0.wp.com\/www1.unicap.br\/assecom1\/wp-content\/uploads\/2015\/04\/MG_8981.jpg?w=1280&amp;ssl=1 1280w, https:\/\/i0.wp.com\/www1.unicap.br\/assecom1\/wp-content\/uploads\/2015\/04\/MG_8981.jpg?w=1920&amp;ssl=1 1920w\" sizes=\"(max-width: 300px) 100vw, 300px\" data-recalc-dims=\"1\" \/><\/a>&#8220;O idoso hoje come\u00e7a a ter a sensa\u00e7\u00e3o de pertencimento a determinados grupos da sociedade. S\u00e3o pessoas essencialmente pol\u00edticas. No Brasil j\u00e1 temos cerca de 20 milh\u00f5es de pessoas com poder de voto. No caso da Alemanha, por exemplo, nenhum primeiro-ministro ou governador se elege sem os votos dos idosos. Isso \u00e9 uma conquista enorme&#8221;, explicou.<\/p>\n<p>&nbsp;<\/p>\n<div class=\"tiled-gallery type-rectangular tiled-gallery-unresized\" data-original-width=\"640\" data-carousel-extra='{&quot;blog_id&quot;:1,&quot;permalink&quot;:&quot;https:\\\/\\\/www1.unicap.br\\\/assecom1\\\/forum-discute-protagonismo-social-da-pessoa-idosa\\\/&quot;,&quot;likes_blog_id&quot;:205082007}' itemscope itemtype=\"http:\/\/schema.org\/ImageGallery\" > <div class=\"gallery-row\" style=\"width: 640px; height: 286px;\" data-original-width=\"640\" data-original-height=\"286\" > <div class=\"gallery-group images-1\" style=\"width: 427px; height: 286px;\" data-original-width=\"427\" data-original-height=\"286\" > <div class=\"tiled-gallery-item tiled-gallery-item-large\" itemprop=\"associatedMedia\" itemscope itemtype=\"http:\/\/schema.org\/ImageObject\"> <a href=\"https:\/\/www1.unicap.br\/assecom1\/forum-discute-protagonismo-social-da-pessoa-idosa\/_mg_9040\/\" border=\"0\" itemprop=\"url\"> <meta itemprop=\"width\" content=\"423\"> <meta itemprop=\"height\" content=\"282\"> <img data-attachment-id=\"52199\" data-orig-file=\"https:\/\/www1.unicap.br\/assecom1\/wp-content\/uploads\/2015\/04\/MG_9040.jpg\" data-orig-size=\"5616,3744\" data-comments-opened=\"1\" data-image-meta=\"{&quot;aperture&quot;:&quot;1.8&quot;,&quot;credit&quot;:&quot;&quot;,&quot;camera&quot;:&quot;Canon EOS 5D Mark II&quot;,&quot;caption&quot;:&quot;&quot;,&quot;created_timestamp&quot;:&quot;1428421357&quot;,&quot;copyright&quot;:&quot;&quot;,&quot;focal_length&quot;:&quot;50&quot;,&quot;iso&quot;:&quot;1000&quot;,&quot;shutter_speed&quot;:&quot;0.016666666666667&quot;,&quot;title&quot;:&quot;&quot;,&quot;orientation&quot;:&quot;0&quot;}\" data-image-title=\"_MG_9040\" data-image-description=\"\" data-medium-file=\"https:\/\/i0.wp.com\/www1.unicap.br\/assecom1\/wp-content\/uploads\/2015\/04\/MG_9040.jpg?fit=300%2C200&#038;ssl=1\" data-large-file=\"https:\/\/i0.wp.com\/www1.unicap.br\/assecom1\/wp-content\/uploads\/2015\/04\/MG_9040.jpg?fit=640%2C427&#038;ssl=1\" src=\"https:\/\/i0.wp.com\/www1.unicap.br\/assecom1\/wp-content\/uploads\/2015\/04\/MG_9040.jpg?w=423&#038;h=282&#038;crop&#038;ssl=1\" width=\"423\" height=\"282\" data-original-width=\"423\" data-original-height=\"282\" itemprop=\"http:\/\/schema.org\/image\" title=\"_MG_9040\" alt=\"_MG_9040\" style=\"width: 423px; height: 282px;\" \/> <\/a> <\/div> <\/div> <!-- close group --> <div class=\"gallery-group images-2\" style=\"width: 213px; height: 286px;\" data-original-width=\"213\" data-original-height=\"286\" > <div class=\"tiled-gallery-item tiled-gallery-item-small\" itemprop=\"associatedMedia\" itemscope itemtype=\"http:\/\/schema.org\/ImageObject\"> <a href=\"https:\/\/www1.unicap.br\/assecom1\/forum-discute-protagonismo-social-da-pessoa-idosa\/_mg_9119\/\" border=\"0\" itemprop=\"url\"> <meta itemprop=\"width\" content=\"209\"> <meta itemprop=\"height\" content=\"139\"> <img data-attachment-id=\"52198\" data-orig-file=\"https:\/\/www1.unicap.br\/assecom1\/wp-content\/uploads\/2015\/04\/MG_9119.jpg\" data-orig-size=\"5497,3665\" data-comments-opened=\"1\" data-image-meta=\"{&quot;aperture&quot;:&quot;3.5&quot;,&quot;credit&quot;:&quot;&quot;,&quot;camera&quot;:&quot;Canon EOS 5D Mark II&quot;,&quot;caption&quot;:&quot;&quot;,&quot;created_timestamp&quot;:&quot;1428423060&quot;,&quot;copyright&quot;:&quot;&quot;,&quot;focal_length&quot;:&quot;30&quot;,&quot;iso&quot;:&quot;4000&quot;,&quot;shutter_speed&quot;:&quot;0.016666666666667&quot;,&quot;title&quot;:&quot;&quot;,&quot;orientation&quot;:&quot;0&quot;}\" data-image-title=\"_MG_9119\" data-image-description=\"\" data-medium-file=\"https:\/\/i0.wp.com\/www1.unicap.br\/assecom1\/wp-content\/uploads\/2015\/04\/MG_9119.jpg?fit=300%2C200&#038;ssl=1\" data-large-file=\"https:\/\/i0.wp.com\/www1.unicap.br\/assecom1\/wp-content\/uploads\/2015\/04\/MG_9119.jpg?fit=640%2C427&#038;ssl=1\" src=\"https:\/\/i0.wp.com\/www1.unicap.br\/assecom1\/wp-content\/uploads\/2015\/04\/MG_9119.jpg?w=209&#038;h=139&#038;crop&#038;ssl=1\" width=\"209\" height=\"139\" data-original-width=\"209\" data-original-height=\"139\" itemprop=\"http:\/\/schema.org\/image\" title=\"_MG_9119\" alt=\"_MG_9119\" style=\"width: 209px; height: 139px;\" \/> <\/a> <\/div> <div class=\"tiled-gallery-item tiled-gallery-item-small\" itemprop=\"associatedMedia\" itemscope itemtype=\"http:\/\/schema.org\/ImageObject\"> <a href=\"https:\/\/www1.unicap.br\/assecom1\/forum-discute-protagonismo-social-da-pessoa-idosa\/_mg_9101\/\" border=\"0\" itemprop=\"url\"> <meta itemprop=\"width\" content=\"209\"> <meta itemprop=\"height\" content=\"139\"> <img data-attachment-id=\"52200\" data-orig-file=\"https:\/\/www1.unicap.br\/assecom1\/wp-content\/uploads\/2015\/04\/MG_9101.jpg\" data-orig-size=\"5616,3744\" data-comments-opened=\"1\" data-image-meta=\"{&quot;aperture&quot;:&quot;2.2&quot;,&quot;credit&quot;:&quot;&quot;,&quot;camera&quot;:&quot;Canon EOS 5D Mark II&quot;,&quot;caption&quot;:&quot;&quot;,&quot;created_timestamp&quot;:&quot;1428422725&quot;,&quot;copyright&quot;:&quot;&quot;,&quot;focal_length&quot;:&quot;50&quot;,&quot;iso&quot;:&quot;1600&quot;,&quot;shutter_speed&quot;:&quot;0.016666666666667&quot;,&quot;title&quot;:&quot;&quot;,&quot;orientation&quot;:&quot;0&quot;}\" data-image-title=\"_MG_9101\" data-image-description=\"\" data-medium-file=\"https:\/\/i0.wp.com\/www1.unicap.br\/assecom1\/wp-content\/uploads\/2015\/04\/MG_9101.jpg?fit=300%2C200&#038;ssl=1\" data-large-file=\"https:\/\/i0.wp.com\/www1.unicap.br\/assecom1\/wp-content\/uploads\/2015\/04\/MG_9101.jpg?fit=640%2C427&#038;ssl=1\" src=\"https:\/\/i0.wp.com\/www1.unicap.br\/assecom1\/wp-content\/uploads\/2015\/04\/MG_9101.jpg?w=209&#038;h=139&#038;crop&#038;ssl=1\" width=\"209\" height=\"139\" data-original-width=\"209\" data-original-height=\"139\" itemprop=\"http:\/\/schema.org\/image\" title=\"_MG_9101\" alt=\"_MG_9101\" style=\"width: 209px; height: 139px;\" \/> <\/a> <\/div> <\/div> <!-- close group --> <\/div> <!-- close row --> <div class=\"gallery-row\" style=\"width: 640px; height: 144px;\" data-original-width=\"640\" data-original-height=\"144\" > <div class=\"gallery-group images-1\" style=\"width: 214px; height: 144px;\" data-original-width=\"214\" data-original-height=\"144\" > <div class=\"tiled-gallery-item tiled-gallery-item-small\" itemprop=\"associatedMedia\" itemscope itemtype=\"http:\/\/schema.org\/ImageObject\"> <a href=\"https:\/\/www1.unicap.br\/assecom1\/forum-discute-protagonismo-social-da-pessoa-idosa\/_mg_9105\/\" border=\"0\" itemprop=\"url\"> <meta itemprop=\"width\" content=\"210\"> <meta itemprop=\"height\" content=\"140\"> <img data-attachment-id=\"52201\" data-orig-file=\"https:\/\/www1.unicap.br\/assecom1\/wp-content\/uploads\/2015\/04\/MG_9105.jpg\" data-orig-size=\"5616,3744\" data-comments-opened=\"1\" data-image-meta=\"{&quot;aperture&quot;:&quot;3.5&quot;,&quot;credit&quot;:&quot;&quot;,&quot;camera&quot;:&quot;Canon EOS 5D Mark II&quot;,&quot;caption&quot;:&quot;&quot;,&quot;created_timestamp&quot;:&quot;1428422826&quot;,&quot;copyright&quot;:&quot;&quot;,&quot;focal_length&quot;:&quot;28&quot;,&quot;iso&quot;:&quot;4000&quot;,&quot;shutter_speed&quot;:&quot;0.016666666666667&quot;,&quot;title&quot;:&quot;&quot;,&quot;orientation&quot;:&quot;0&quot;}\" data-image-title=\"_MG_9105\" data-image-description=\"\" data-medium-file=\"https:\/\/i2.wp.com\/www1.unicap.br\/assecom1\/wp-content\/uploads\/2015\/04\/MG_9105.jpg?fit=300%2C200&#038;ssl=1\" data-large-file=\"https:\/\/i2.wp.com\/www1.unicap.br\/assecom1\/wp-content\/uploads\/2015\/04\/MG_9105.jpg?fit=640%2C427&#038;ssl=1\" src=\"https:\/\/i2.wp.com\/www1.unicap.br\/assecom1\/wp-content\/uploads\/2015\/04\/MG_9105.jpg?w=210&#038;h=140&#038;crop&#038;ssl=1\" width=\"210\" height=\"140\" data-original-width=\"210\" data-original-height=\"140\" itemprop=\"http:\/\/schema.org\/image\" title=\"_MG_9105\" alt=\"_MG_9105\" style=\"width: 210px; height: 140px;\" \/> <\/a> <\/div> <\/div> <!-- close group --> <div class=\"gallery-group images-1\" style=\"width: 213px; height: 144px;\" data-original-width=\"213\" data-original-height=\"144\" > <div class=\"tiled-gallery-item tiled-gallery-item-small\" itemprop=\"associatedMedia\" itemscope itemtype=\"http:\/\/schema.org\/ImageObject\"> <a href=\"https:\/\/www1.unicap.br\/assecom1\/forum-discute-protagonismo-social-da-pessoa-idosa\/_mg_9109\/\" border=\"0\" itemprop=\"url\"> <meta itemprop=\"width\" content=\"209\"> <meta itemprop=\"height\" content=\"140\"> <img data-attachment-id=\"52202\" data-orig-file=\"https:\/\/www1.unicap.br\/assecom1\/wp-content\/uploads\/2015\/04\/MG_9109.jpg\" data-orig-size=\"5616,3744\" data-comments-opened=\"1\" data-image-meta=\"{&quot;aperture&quot;:&quot;4.5&quot;,&quot;credit&quot;:&quot;&quot;,&quot;camera&quot;:&quot;Canon EOS 5D Mark II&quot;,&quot;caption&quot;:&quot;&quot;,&quot;created_timestamp&quot;:&quot;1428422874&quot;,&quot;copyright&quot;:&quot;&quot;,&quot;focal_length&quot;:&quot;50&quot;,&quot;iso&quot;:&quot;4000&quot;,&quot;shutter_speed&quot;:&quot;0.016666666666667&quot;,&quot;title&quot;:&quot;&quot;,&quot;orientation&quot;:&quot;0&quot;}\" data-image-title=\"_MG_9109\" data-image-description=\"\" data-medium-file=\"https:\/\/i2.wp.com\/www1.unicap.br\/assecom1\/wp-content\/uploads\/2015\/04\/MG_9109.jpg?fit=300%2C200&#038;ssl=1\" data-large-file=\"https:\/\/i2.wp.com\/www1.unicap.br\/assecom1\/wp-content\/uploads\/2015\/04\/MG_9109.jpg?fit=640%2C427&#038;ssl=1\" src=\"https:\/\/i2.wp.com\/www1.unicap.br\/assecom1\/wp-content\/uploads\/2015\/04\/MG_9109.jpg?w=209&#038;h=140&#038;crop&#038;ssl=1\" width=\"209\" height=\"140\" data-original-width=\"209\" data-original-height=\"140\" itemprop=\"http:\/\/schema.org\/image\" title=\"_MG_9109\" alt=\"_MG_9109\" style=\"width: 209px; height: 140px;\" \/> <\/a> <\/div> <\/div> <!-- close group --> <div class=\"gallery-group images-1\" style=\"width: 213px; height: 144px;\" data-original-width=\"213\" data-original-height=\"144\" > <div class=\"tiled-gallery-item tiled-gallery-item-small\" itemprop=\"associatedMedia\" itemscope itemtype=\"http:\/\/schema.org\/ImageObject\"> <a href=\"https:\/\/www1.unicap.br\/assecom1\/forum-discute-protagonismo-social-da-pessoa-idosa\/_mg_9115\/\" border=\"0\" itemprop=\"url\"> <meta itemprop=\"width\" content=\"209\"> <meta itemprop=\"height\" content=\"140\"> <img data-attachment-id=\"52203\" data-orig-file=\"https:\/\/www1.unicap.br\/assecom1\/wp-content\/uploads\/2015\/04\/MG_9115.jpg\" data-orig-size=\"5616,3744\" data-comments-opened=\"1\" data-image-meta=\"{&quot;aperture&quot;:&quot;3.5&quot;,&quot;credit&quot;:&quot;&quot;,&quot;camera&quot;:&quot;Canon EOS 5D Mark II&quot;,&quot;caption&quot;:&quot;&quot;,&quot;created_timestamp&quot;:&quot;1428422995&quot;,&quot;copyright&quot;:&quot;&quot;,&quot;focal_length&quot;:&quot;35&quot;,&quot;iso&quot;:&quot;4000&quot;,&quot;shutter_speed&quot;:&quot;0.016666666666667&quot;,&quot;title&quot;:&quot;&quot;,&quot;orientation&quot;:&quot;0&quot;}\" data-image-title=\"_MG_9115\" data-image-description=\"\" data-medium-file=\"https:\/\/i2.wp.com\/www1.unicap.br\/assecom1\/wp-content\/uploads\/2015\/04\/MG_9115.jpg?fit=300%2C200&#038;ssl=1\" data-large-file=\"https:\/\/i2.wp.com\/www1.unicap.br\/assecom1\/wp-content\/uploads\/2015\/04\/MG_9115.jpg?fit=640%2C427&#038;ssl=1\" src=\"https:\/\/i2.wp.com\/www1.unicap.br\/assecom1\/wp-content\/uploads\/2015\/04\/MG_9115.jpg?w=209&#038;h=140&#038;crop&#038;ssl=1\" width=\"209\" height=\"140\" data-original-width=\"209\" data-original-height=\"140\" itemprop=\"http:\/\/schema.org\/image\" title=\"_MG_9115\" alt=\"_MG_9115\" style=\"width: 209px; height: 140px;\" \/> <\/a> <\/div> <\/div> <!-- close group --> <\/div> <!-- close row --> <\/div>\n","protected":false},"excerpt":{"rendered":"<p>O F\u00f3rum Sobre Quest\u00f5es do Envelhecimento discutiu na tarde desta ter\u00e7a-feira (7) o Protagonismo Social da Pessoa Idosa. A professora do curso de Servi\u00e7o Social, Valdenice Jos\u00e9 Raimundo, e o professor do Mestrado em Ci\u00eancias da Linguagem e do curso de Filosfia, Karl Heinz-Efken, foram os palestrantes. O evento contou com a participa\u00e7\u00e3o especial de [&hellip;]<\/p>\n","protected":false},"author":8,"featured_media":52193,"comment_status":"open","ping_status":"open","sticky":false,"template":"","format":"standard","meta":[],"categories":[4],"tags":[],"jetpack-related-posts":[],"_links":{"self":[{"href":"https:\/\/www1.unicap.br\/assecom1\/wp-json\/wp\/v2\/posts\/52176"}],"collection":[{"href":"https:\/\/www1.unicap.br\/assecom1\/wp-json\/wp\/v2\/posts"}],"about":[{"href":"https:\/\/www1.unicap.br\/assecom1\/wp-json\/wp\/v2\/types\/post"}],"author":[{"embeddable":true,"href":"https:\/\/www1.unicap.br\/assecom1\/wp-json\/wp\/v2\/users\/8"}],"replies":[{"embeddable":true,"href":"https:\/\/www1.unicap.br\/assecom1\/wp-json\/wp\/v2\/comments?post=52176"}],"version-history":[{"count":3,"href":"https:\/\/www1.unicap.br\/assecom1\/wp-json\/wp\/v2\/posts\/52176\/revisions"}],"predecessor-version":[{"id":52204,"href":"https:\/\/www1.unicap.br\/assecom1\/wp-json\/wp\/v2\/posts\/52176\/revisions\/52204"}],"wp:featuredmedia":[{"embeddable":true,"href":"https:\/\/www1.unicap.br\/assecom1\/wp-json\/wp\/v2\/media\/52193"}],"wp:attachment":[{"href":"https:\/\/www1.unicap.br\/assecom1\/wp-json\/wp\/v2\/media?parent=52176"}],"wp:term":[{"taxonomy":"category","embeddable":true,"href":"https:\/\/www1.unicap.br\/assecom1\/wp-json\/wp\/v2\/categories?post=52176"},{"taxonomy":"post_tag","embeddable":true,"href":"https:\/\/www1.unicap.br\/assecom1\/wp-json\/wp\/v2\/tags?post=52176"}],"curies":[{"name":"wp","href":"https:\/\/api.w.org\/{rel}","templated":true}]}}