{"id":51846,"date":"2015-03-20T14:25:43","date_gmt":"2015-03-20T17:25:43","guid":{"rendered":"http:\/\/www.unicap.br\/assecom1\/?p=51846"},"modified":"2015-03-20T16:12:47","modified_gmt":"2015-03-20T19:12:47","slug":"desafios-para-a-construcao-de-uma-engenharia-sustentavel-foi-tema-de-palestra-na-catolica","status":"publish","type":"post","link":"https:\/\/www1.unicap.br\/assecom1\/desafios-para-a-construcao-de-uma-engenharia-sustentavel-foi-tema-de-palestra-na-catolica\/","title":{"rendered":"Desafios para a Constru\u00e7\u00e3o de uma Engenharia Sustent\u00e1vel foi tema de palestra na Cat\u00f3lica"},"content":{"rendered":"<p><a href=\"https:\/\/i1.wp.com\/www1.unicap.br\/assecom1\/wp-content\/uploads\/2015\/03\/foto-2.png?ssl=1\"><img data-attachment-id=\"51855\" data-permalink=\"https:\/\/www1.unicap.br\/assecom1\/desafios-para-a-construcao-de-uma-engenharia-sustentavel-foi-tema-de-palestra-na-catolica\/foto-2-11\/\" data-orig-file=\"https:\/\/i1.wp.com\/www1.unicap.br\/assecom1\/wp-content\/uploads\/2015\/03\/foto-2.png?fit=640%2C360&amp;ssl=1\" data-orig-size=\"640,360\" data-comments-opened=\"1\" data-image-meta=\"{&quot;aperture&quot;:&quot;0&quot;,&quot;credit&quot;:&quot;&quot;,&quot;camera&quot;:&quot;&quot;,&quot;caption&quot;:&quot;&quot;,&quot;created_timestamp&quot;:&quot;0&quot;,&quot;copyright&quot;:&quot;&quot;,&quot;focal_length&quot;:&quot;0&quot;,&quot;iso&quot;:&quot;0&quot;,&quot;shutter_speed&quot;:&quot;0&quot;,&quot;title&quot;:&quot;&quot;,&quot;orientation&quot;:&quot;0&quot;}\" data-image-title=\"foto 2\" data-image-description=\"\" data-medium-file=\"https:\/\/i1.wp.com\/www1.unicap.br\/assecom1\/wp-content\/uploads\/2015\/03\/foto-2.png?fit=300%2C169&amp;ssl=1\" data-large-file=\"https:\/\/i1.wp.com\/www1.unicap.br\/assecom1\/wp-content\/uploads\/2015\/03\/foto-2.png?fit=640%2C360&amp;ssl=1\" loading=\"lazy\" class=\"alignnone size-full wp-image-51855\" src=\"https:\/\/i1.wp.com\/www1.unicap.br\/assecom1\/wp-content\/uploads\/2015\/03\/foto-2.png?resize=640%2C360&#038;ssl=1\" alt=\"foto 2\" srcset=\"https:\/\/i1.wp.com\/www1.unicap.br\/assecom1\/wp-content\/uploads\/2015\/03\/foto-2.png?w=640&amp;ssl=1 640w, https:\/\/i1.wp.com\/www1.unicap.br\/assecom1\/wp-content\/uploads\/2015\/03\/foto-2.png?resize=300%2C169&amp;ssl=1 300w, https:\/\/i1.wp.com\/www1.unicap.br\/assecom1\/wp-content\/uploads\/2015\/03\/foto-2.png?resize=50%2C28&amp;ssl=1 50w\" sizes=\"(max-width: 640px) 100vw, 640px\" data-recalc-dims=\"1\" \/><\/a><\/p>\n<p><a href=\"https:\/\/i1.wp.com\/www1.unicap.br\/assecom1\/wp-content\/uploads\/2015\/03\/foto-4.png?ssl=1\"><img data-attachment-id=\"51854\" data-permalink=\"https:\/\/www1.unicap.br\/assecom1\/desafios-para-a-construcao-de-uma-engenharia-sustentavel-foi-tema-de-palestra-na-catolica\/foto-4-2\/\" data-orig-file=\"https:\/\/i1.wp.com\/www1.unicap.br\/assecom1\/wp-content\/uploads\/2015\/03\/foto-4.png?fit=225%2C300&amp;ssl=1\" data-orig-size=\"225,300\" data-comments-opened=\"1\" data-image-meta=\"{&quot;aperture&quot;:&quot;0&quot;,&quot;credit&quot;:&quot;&quot;,&quot;camera&quot;:&quot;&quot;,&quot;caption&quot;:&quot;&quot;,&quot;created_timestamp&quot;:&quot;0&quot;,&quot;copyright&quot;:&quot;&quot;,&quot;focal_length&quot;:&quot;0&quot;,&quot;iso&quot;:&quot;0&quot;,&quot;shutter_speed&quot;:&quot;0&quot;,&quot;title&quot;:&quot;&quot;,&quot;orientation&quot;:&quot;0&quot;}\" data-image-title=\"foto 4\" data-image-description=\"\" data-medium-file=\"https:\/\/i1.wp.com\/www1.unicap.br\/assecom1\/wp-content\/uploads\/2015\/03\/foto-4.png?fit=225%2C300&amp;ssl=1\" data-large-file=\"https:\/\/i1.wp.com\/www1.unicap.br\/assecom1\/wp-content\/uploads\/2015\/03\/foto-4.png?fit=225%2C300&amp;ssl=1\" loading=\"lazy\" class=\"alignright size-medium wp-image-51854\" src=\"https:\/\/i1.wp.com\/www1.unicap.br\/assecom1\/wp-content\/uploads\/2015\/03\/foto-4.png?resize=225%2C300&#038;ssl=1\" alt=\"foto 4\" srcset=\"https:\/\/i1.wp.com\/www1.unicap.br\/assecom1\/wp-content\/uploads\/2015\/03\/foto-4.png?w=225&amp;ssl=1 225w, https:\/\/i1.wp.com\/www1.unicap.br\/assecom1\/wp-content\/uploads\/2015\/03\/foto-4.png?resize=38%2C50&amp;ssl=1 38w\" sizes=\"(max-width: 225px) 100vw, 225px\" data-recalc-dims=\"1\" \/><\/a>Foi realizada na noite de quinta-feira, dia 19, no audit\u00f3rio G2, a palestra intitulada \u201cDesafios para a Constru\u00e7\u00e3o de uma Engenharia Sustent\u00e1vel\u201d, proferida pelo Prof. Alexandre Gusm\u00e3o (UPE). A palestra abordou aspectos profissionais e de pesquisa, dentro das tend\u00eancias atuais da Engenharia e do contexto brasileiro<strong>. <\/strong>O evento foi uma iniciativa conjunta dos cursos de Gradua\u00e7\u00e3o e P\u00f3s-Gradua\u00e7\u00e3o em Engenharia Civil da Unicap, tendo apoio da Associa\u00e7\u00e3o Brasileira de Mec\u00e2nica dos Solos e Engenharia Geot\u00e9cnica, N\u00facleo Nordeste e do Instituto Brasileiro do Concreto, Diretoria Regional-PE. Cerca de 400 pessoas estiveram presentes ao evento.<\/p>\n<p><img data-attachment-id=\"51852\" data-permalink=\"https:\/\/www1.unicap.br\/assecom1\/desafios-para-a-construcao-de-uma-engenharia-sustentavel-foi-tema-de-palestra-na-catolica\/foto-1-10\/\" data-orig-file=\"https:\/\/i0.wp.com\/www1.unicap.br\/assecom1\/wp-content\/uploads\/2015\/03\/foto-1.png?fit=639%2C360&amp;ssl=1\" data-orig-size=\"639,360\" data-comments-opened=\"1\" data-image-meta=\"{&quot;aperture&quot;:&quot;0&quot;,&quot;credit&quot;:&quot;&quot;,&quot;camera&quot;:&quot;&quot;,&quot;caption&quot;:&quot;&quot;,&quot;created_timestamp&quot;:&quot;0&quot;,&quot;copyright&quot;:&quot;&quot;,&quot;focal_length&quot;:&quot;0&quot;,&quot;iso&quot;:&quot;0&quot;,&quot;shutter_speed&quot;:&quot;0&quot;,&quot;title&quot;:&quot;&quot;,&quot;orientation&quot;:&quot;0&quot;}\" data-image-title=\"foto 1\" data-image-description=\"\" data-medium-file=\"https:\/\/i0.wp.com\/www1.unicap.br\/assecom1\/wp-content\/uploads\/2015\/03\/foto-1.png?fit=300%2C169&amp;ssl=1\" data-large-file=\"https:\/\/i0.wp.com\/www1.unicap.br\/assecom1\/wp-content\/uploads\/2015\/03\/foto-1.png?fit=639%2C360&amp;ssl=1\" loading=\"lazy\" class=\"alignleft wp-image-51852 size-medium\" src=\"https:\/\/i0.wp.com\/www1.unicap.br\/assecom1\/wp-content\/uploads\/2015\/03\/foto-1.png?resize=300%2C169&#038;ssl=1\" alt=\"foto 1\" srcset=\"https:\/\/i0.wp.com\/www1.unicap.br\/assecom1\/wp-content\/uploads\/2015\/03\/foto-1.png?resize=300%2C169&amp;ssl=1 300w, https:\/\/i0.wp.com\/www1.unicap.br\/assecom1\/wp-content\/uploads\/2015\/03\/foto-1.png?resize=50%2C28&amp;ssl=1 50w, https:\/\/i0.wp.com\/www1.unicap.br\/assecom1\/wp-content\/uploads\/2015\/03\/foto-1.png?w=639&amp;ssl=1 639w\" sizes=\"(max-width: 300px) 100vw, 300px\" data-recalc-dims=\"1\" \/>A mesa de abertura contou com a presen\u00e7a do Coordenador da Gradua\u00e7\u00e3o, professor Caetano Monteiro, e do Coordenador da P\u00f3s-gradua\u00e7\u00e3o, professor Romilde Almeida. O professor Joaquim Oliveira atuou como coordenador do debate.<\/p>\n<p>&nbsp;<\/p>\n<p>&nbsp;<\/p>\n<p>&nbsp;<\/p>\n","protected":false},"excerpt":{"rendered":"<p>Foi realizada na noite de quinta-feira, dia 19, no audit\u00f3rio G2, a palestra intitulada \u201cDesafios para a Constru\u00e7\u00e3o de uma Engenharia Sustent\u00e1vel\u201d, proferida pelo Prof. Alexandre Gusm\u00e3o (UPE). A palestra abordou aspectos profissionais e de pesquisa, dentro das tend\u00eancias atuais da Engenharia e do contexto brasileiro. O evento foi uma iniciativa conjunta dos cursos de [&hellip;]<\/p>\n","protected":false},"author":2,"featured_media":51855,"comment_status":"open","ping_status":"open","sticky":false,"template":"","format":"standard","meta":[],"categories":[4],"tags":[],"jetpack-related-posts":[],"_links":{"self":[{"href":"https:\/\/www1.unicap.br\/assecom1\/wp-json\/wp\/v2\/posts\/51846"}],"collection":[{"href":"https:\/\/www1.unicap.br\/assecom1\/wp-json\/wp\/v2\/posts"}],"about":[{"href":"https:\/\/www1.unicap.br\/assecom1\/wp-json\/wp\/v2\/types\/post"}],"author":[{"embeddable":true,"href":"https:\/\/www1.unicap.br\/assecom1\/wp-json\/wp\/v2\/users\/2"}],"replies":[{"embeddable":true,"href":"https:\/\/www1.unicap.br\/assecom1\/wp-json\/wp\/v2\/comments?post=51846"}],"version-history":[{"count":3,"href":"https:\/\/www1.unicap.br\/assecom1\/wp-json\/wp\/v2\/posts\/51846\/revisions"}],"predecessor-version":[{"id":51856,"href":"https:\/\/www1.unicap.br\/assecom1\/wp-json\/wp\/v2\/posts\/51846\/revisions\/51856"}],"wp:featuredmedia":[{"embeddable":true,"href":"https:\/\/www1.unicap.br\/assecom1\/wp-json\/wp\/v2\/media\/51855"}],"wp:attachment":[{"href":"https:\/\/www1.unicap.br\/assecom1\/wp-json\/wp\/v2\/media?parent=51846"}],"wp:term":[{"taxonomy":"category","embeddable":true,"href":"https:\/\/www1.unicap.br\/assecom1\/wp-json\/wp\/v2\/categories?post=51846"},{"taxonomy":"post_tag","embeddable":true,"href":"https:\/\/www1.unicap.br\/assecom1\/wp-json\/wp\/v2\/tags?post=51846"}],"curies":[{"name":"wp","href":"https:\/\/api.w.org\/{rel}","templated":true}]}}