{"id":51743,"date":"2015-03-18T23:23:13","date_gmt":"2015-03-19T02:23:13","guid":{"rendered":"http:\/\/www.unicap.br\/assecom1\/?p=51743"},"modified":"2015-03-18T23:23:13","modified_gmt":"2015-03-19T02:23:13","slug":"mulher-e-deficiencia-direitos-garantias-e-inclusao-e-tema-de-palestra-na-semana-da-mulher","status":"publish","type":"post","link":"https:\/\/www1.unicap.br\/assecom1\/mulher-e-deficiencia-direitos-garantias-e-inclusao-e-tema-de-palestra-na-semana-da-mulher\/","title":{"rendered":"\u201cMulher e defici\u00eancia: direitos, garantias e inclus\u00e3o\u201d \u00e9 tema de palestra na Semana da Mulher"},"content":{"rendered":"<p><a href=\"https:\/\/i0.wp.com\/www1.unicap.br\/assecom1\/wp-content\/uploads\/2015\/03\/IMG_6450-e1426725913206.jpg?ssl=1\"><img data-attachment-id=\"51745\" data-permalink=\"https:\/\/www1.unicap.br\/assecom1\/mulher-e-deficiencia-direitos-garantias-e-inclusao-e-tema-de-palestra-na-semana-da-mulher\/img_6450\/\" data-orig-file=\"https:\/\/i0.wp.com\/www1.unicap.br\/assecom1\/wp-content\/uploads\/2015\/03\/IMG_6450-e1426725913206.jpg?fit=800%2C598&amp;ssl=1\" data-orig-size=\"800,598\" data-comments-opened=\"1\" data-image-meta=\"{&quot;aperture&quot;:&quot;2.8&quot;,&quot;credit&quot;:&quot;&quot;,&quot;camera&quot;:&quot;iPhone 4&quot;,&quot;caption&quot;:&quot;&quot;,&quot;created_timestamp&quot;:&quot;1426672765&quot;,&quot;copyright&quot;:&quot;&quot;,&quot;focal_length&quot;:&quot;3.85&quot;,&quot;iso&quot;:&quot;250&quot;,&quot;shutter_speed&quot;:&quot;0.066666666666667&quot;,&quot;title&quot;:&quot;&quot;,&quot;orientation&quot;:&quot;1&quot;}\" data-image-title=\"IMG_6450\" data-image-description=\"\" data-medium-file=\"https:\/\/i0.wp.com\/www1.unicap.br\/assecom1\/wp-content\/uploads\/2015\/03\/IMG_6450-e1426725913206.jpg?fit=300%2C224&amp;ssl=1\" data-large-file=\"https:\/\/i0.wp.com\/www1.unicap.br\/assecom1\/wp-content\/uploads\/2015\/03\/IMG_6450-e1426725913206.jpg?fit=640%2C478&amp;ssl=1\" loading=\"lazy\" class=\"alignnone size-full wp-image-51745\" src=\"https:\/\/i0.wp.com\/www1.unicap.br\/assecom1\/wp-content\/uploads\/2015\/03\/IMG_6450-e1426725913206.jpg?resize=640%2C478&#038;ssl=1\" alt=\"IMG_6450\" data-recalc-dims=\"1\" \/><\/a><\/p>\n<p>A programa\u00e7\u00e3o da manh\u00e3 desta quarta-feira, dia 18, da 13\u00aa Semana da Mulher na Unicap trouxe para o debate o tema \u201cMulher e defici\u00eancia: direitos, garantias e inclus\u00e3o\u201d, apresentado pela professora do Centro de Ci\u00eancias Jur\u00eddicas (CCJ) da Universidade Cat\u00f3lica de Pernambuco Carolina Valen\u00e7a Ferraz, que tamb\u00e9m \u00e9 advogada e consultora jur\u00eddica. A mesa foi coordenada pela professora Mirian de S\u00e1 Pereira, decana do CCJ.<\/p>\n<p><a href=\"https:\/\/i2.wp.com\/www1.unicap.br\/assecom1\/wp-content\/uploads\/2015\/03\/IMG_6438-e1426725870212.jpg?ssl=1\"><img data-attachment-id=\"51744\" data-permalink=\"https:\/\/www1.unicap.br\/assecom1\/mulher-e-deficiencia-direitos-garantias-e-inclusao-e-tema-de-palestra-na-semana-da-mulher\/img_6438\/\" data-orig-file=\"https:\/\/i2.wp.com\/www1.unicap.br\/assecom1\/wp-content\/uploads\/2015\/03\/IMG_6438-e1426725870212.jpg?fit=965%2C933&amp;ssl=1\" data-orig-size=\"965,933\" data-comments-opened=\"1\" data-image-meta=\"{&quot;aperture&quot;:&quot;2.8&quot;,&quot;credit&quot;:&quot;&quot;,&quot;camera&quot;:&quot;iPhone 4&quot;,&quot;caption&quot;:&quot;&quot;,&quot;created_timestamp&quot;:&quot;1426672019&quot;,&quot;copyright&quot;:&quot;&quot;,&quot;focal_length&quot;:&quot;3.85&quot;,&quot;iso&quot;:&quot;200&quot;,&quot;shutter_speed&quot;:&quot;0.066666666666667&quot;,&quot;title&quot;:&quot;&quot;,&quot;orientation&quot;:&quot;1&quot;}\" data-image-title=\"IMG_6438\" data-image-description=\"\" data-medium-file=\"https:\/\/i2.wp.com\/www1.unicap.br\/assecom1\/wp-content\/uploads\/2015\/03\/IMG_6438-e1426725870212.jpg?fit=300%2C290&amp;ssl=1\" data-large-file=\"https:\/\/i2.wp.com\/www1.unicap.br\/assecom1\/wp-content\/uploads\/2015\/03\/IMG_6438-e1426725870212.jpg?fit=640%2C478&amp;ssl=1\" loading=\"lazy\" class=\"alignleft size-medium wp-image-51744\" src=\"https:\/\/i0.wp.com\/www1.unicap.br\/assecom1\/wp-content\/uploads\/2015\/03\/IMG_6438-e1426725870212-300x290.jpg?resize=300%2C290&#038;ssl=1\" alt=\"IMG_6438\" srcset=\"https:\/\/i2.wp.com\/www1.unicap.br\/assecom1\/wp-content\/uploads\/2015\/03\/IMG_6438-e1426725870212.jpg?resize=300%2C290&amp;ssl=1 300w, https:\/\/i2.wp.com\/www1.unicap.br\/assecom1\/wp-content\/uploads\/2015\/03\/IMG_6438-e1426725870212.jpg?resize=60%2C57&amp;ssl=1 60w, https:\/\/i2.wp.com\/www1.unicap.br\/assecom1\/wp-content\/uploads\/2015\/03\/IMG_6438-e1426725870212.jpg?resize=50%2C48&amp;ssl=1 50w, https:\/\/i2.wp.com\/www1.unicap.br\/assecom1\/wp-content\/uploads\/2015\/03\/IMG_6438-e1426725870212.jpg?w=965&amp;ssl=1 965w\" sizes=\"(max-width: 300px) 100vw, 300px\" data-recalc-dims=\"1\" \/><\/a>A professora Carolina Ferraz come\u00e7ou sua palestra agradecendo ao Instituto Humanitas Unicap (IHU) pela iniciativa da promo\u00e7\u00e3o da Semana da Mulher e em dar visibilidade \u00e0s quest\u00f5es dos vulner\u00e1veis junto aos alunos da Universidade. \u201cNa figura de Padre L\u00facio (Padre L\u00facio Fl\u00e1vio Cirne Ribeiro, Pr\u00f3-reitor Comunit\u00e1rio e coordenador do IHU) eu gostaria de agradecer o importante papel do Humanitas e dizer que sempre, a qualquer momento, eu estarei a servi\u00e7o dessa causa t\u00e3o importante abra\u00e7ada pelo Humanitas\u201d.<\/p>\n<p>\u201cMinha fala de hoje \u00e9 principalmente na discuss\u00e3o da prote\u00e7\u00e3o jur\u00eddica, na tutela protetiva das mulheres com defici\u00eancia. Eu iniciaria essa conversa com voc\u00eas j\u00e1 levantando a discuss\u00e3o acerca do que a gente entende por ser mulher, pois tem que se fazer a\u00a0distin\u00e7\u00e3o entre\u00a0sexo biol\u00f3gico e a identidade de g\u00eanero. Eu posso ter uma pessoa com sexo biol\u00f3gico masculino mas com identidade de g\u00eanero feminina e, me parece que na atualidade, a gente n\u00e3o acolher essa pessoa na condi\u00e7\u00e3o de mulher seria discriminat\u00f3rio.\u00a0Isso \u00e9 uma luta que n\u00e3o est\u00e1 pacificada, se levarmos em considera\u00e7\u00e3o a ideia de que parte do movimento de mulheres n\u00e3o aceita, n\u00e3o admite, n\u00e3o leva em considera\u00e7\u00e3o a possibilidade de se discutir a exist\u00eancia de mulheres transcendendo essa quest\u00e3o de sexo biol\u00f3gico. Ent\u00e3o, \u00e9 extremamente relevante que possamos fazer essa discuss\u00e3o da quest\u00e3o entre sexo biol\u00f3gico e identidade de g\u00eanero\u201d, destacou Ferraz.<\/p>\n<p>&#8220;\u00c9 ineg\u00e1vel que as mulheres est\u00e3o submetidas a uma situa\u00e7\u00e3o de hipervulnerabilidade. O\u00a0que eu estou querendo dizer com isso? Estou afirmando expressamente que pelo fato de serem mulheres, elas est\u00e3o vulner\u00e1veis e quando a gente tem atrelado a isso a quest\u00e3o de ser mulher, uma quest\u00e3o de defici\u00eancia, n\u00f3s temos, al\u00e9m do fato de integrar uma condi\u00e7\u00e3o de vulnerabilidade por estar sujeita a um maior n\u00famero de viol\u00eancia, de discrimina\u00e7\u00e3o, de desigualdade, a defici\u00eancia tamb\u00e9m acresce a isso. Por incr\u00edvel que pare\u00e7a isso \u00e9 muito importante que seja dito: a sociedade, n\u00e3o s\u00f3 brasileira, tem um tratamento com a defici\u00eancia, em dois aspectos, que s\u00e3o extremamente desagregadores. O\u00a0primeiro \u00e9 de comisera\u00e7\u00e3o, de pena. Em\u00a0rela\u00e7\u00e3o a um ser humano ningu\u00e9m pode ter pena, porque pena \u00e9 um sentimento mesquinho para se nutrir por algu\u00e9m. O outro sentimento que \u00e9 desagregador \u00e9 repugn\u00e2ncia, como se ter defici\u00eancia fosse ser menos que uma pessoa&#8221;, enfatizou a professora Carolina.<\/p>\n<p><a href=\"https:\/\/i1.wp.com\/www1.unicap.br\/assecom1\/wp-content\/uploads\/2015\/03\/IMG_6471-e1426726005947.jpg?ssl=1\"><img data-attachment-id=\"51746\" data-permalink=\"https:\/\/www1.unicap.br\/assecom1\/mulher-e-deficiencia-direitos-garantias-e-inclusao-e-tema-de-palestra-na-semana-da-mulher\/img_6471\/\" data-orig-file=\"https:\/\/i1.wp.com\/www1.unicap.br\/assecom1\/wp-content\/uploads\/2015\/03\/IMG_6471-e1426726005947.jpg?fit=800%2C598&amp;ssl=1\" data-orig-size=\"800,598\" data-comments-opened=\"1\" data-image-meta=\"{&quot;aperture&quot;:&quot;2.8&quot;,&quot;credit&quot;:&quot;&quot;,&quot;camera&quot;:&quot;iPhone 4&quot;,&quot;caption&quot;:&quot;&quot;,&quot;created_timestamp&quot;:&quot;1426674589&quot;,&quot;copyright&quot;:&quot;&quot;,&quot;focal_length&quot;:&quot;3.85&quot;,&quot;iso&quot;:&quot;320&quot;,&quot;shutter_speed&quot;:&quot;0.066666666666667&quot;,&quot;title&quot;:&quot;&quot;,&quot;orientation&quot;:&quot;1&quot;}\" data-image-title=\"IMG_6471\" data-image-description=\"\" data-medium-file=\"https:\/\/i1.wp.com\/www1.unicap.br\/assecom1\/wp-content\/uploads\/2015\/03\/IMG_6471-e1426726005947.jpg?fit=300%2C224&amp;ssl=1\" data-large-file=\"https:\/\/i1.wp.com\/www1.unicap.br\/assecom1\/wp-content\/uploads\/2015\/03\/IMG_6471-e1426726005947.jpg?fit=640%2C478&amp;ssl=1\" loading=\"lazy\" class=\"alignright size-medium wp-image-51746\" src=\"https:\/\/i0.wp.com\/www1.unicap.br\/assecom1\/wp-content\/uploads\/2015\/03\/IMG_6471.jpg?resize=300%2C224&#038;ssl=1\" alt=\"IMG_6471\" data-recalc-dims=\"1\" \/><\/a>O evento contou com um momento emocionante, a homenagem \u00e0 professora Mirian de S\u00e1 Pereira como protagonista no curso de Direito da Unicap. Em um depoimento emocionado, a professora Carolina Ferraz declarou que tinha sido aluna da professora Mirian e que era muito grata pela forma\u00e7\u00e3o cidad\u00e3 e human\u00edstica que recebeu dela. Outro momento foi a declama\u00e7\u00e3o do poema \u201cA mulher se tornou independente, para mostrar que o mundo tem seu valor\u201d, de autoria da professora e poetisa Rosa Maria Freitas e do advogado e poeta Pedro Torres Filho. A interpreta\u00e7\u00e3o do poema foi feita pela aluna e poetisa Carina Acioli, integrante do Grupo de Estudos Direito e Literatura.<\/p>\n<p>Por fim, professora Mirian de S\u00e1 Pereira agradeceu \u00e0s homenagens dizendo: \u201cAqui na Universidade Cat\u00f3lica existe esse sentimento de comunidade, n\u00e3o somos apenas uma sociedade educativa, somos uma comunidade de pessoas, discentes e docentes, que vivem todos no mesmo espa\u00e7o, no mesmo lugar, desejando as mesmas coisas para as novas gera\u00e7\u00f5es. Eu digo sempre que a universidade est\u00e1 de bra\u00e7os abertos para receber voc\u00eas e \u00e9 com esse s\u00edmbolo, de um abra\u00e7o, que eu agrade\u00e7o a voc\u00eas tudo que foi dito sobre mim.\u201d<\/p>\n","protected":false},"excerpt":{"rendered":"<p>A programa\u00e7\u00e3o da manh\u00e3 desta quarta-feira, dia 18, da 13\u00aa Semana da Mulher na Unicap trouxe para o debate o tema \u201cMulher e defici\u00eancia: direitos, garantias e inclus\u00e3o\u201d, apresentado pela professora do Centro de Ci\u00eancias Jur\u00eddicas (CCJ) da Universidade Cat\u00f3lica de Pernambuco Carolina Valen\u00e7a Ferraz, que tamb\u00e9m \u00e9 advogada e consultora jur\u00eddica. A mesa foi [&hellip;]<\/p>\n","protected":false},"author":3,"featured_media":51745,"comment_status":"open","ping_status":"open","sticky":false,"template":"","format":"standard","meta":[],"categories":[4],"tags":[],"jetpack-related-posts":[],"_links":{"self":[{"href":"https:\/\/www1.unicap.br\/assecom1\/wp-json\/wp\/v2\/posts\/51743"}],"collection":[{"href":"https:\/\/www1.unicap.br\/assecom1\/wp-json\/wp\/v2\/posts"}],"about":[{"href":"https:\/\/www1.unicap.br\/assecom1\/wp-json\/wp\/v2\/types\/post"}],"author":[{"embeddable":true,"href":"https:\/\/www1.unicap.br\/assecom1\/wp-json\/wp\/v2\/users\/3"}],"replies":[{"embeddable":true,"href":"https:\/\/www1.unicap.br\/assecom1\/wp-json\/wp\/v2\/comments?post=51743"}],"version-history":[{"count":6,"href":"https:\/\/www1.unicap.br\/assecom1\/wp-json\/wp\/v2\/posts\/51743\/revisions"}],"predecessor-version":[{"id":51753,"href":"https:\/\/www1.unicap.br\/assecom1\/wp-json\/wp\/v2\/posts\/51743\/revisions\/51753"}],"wp:featuredmedia":[{"embeddable":true,"href":"https:\/\/www1.unicap.br\/assecom1\/wp-json\/wp\/v2\/media\/51745"}],"wp:attachment":[{"href":"https:\/\/www1.unicap.br\/assecom1\/wp-json\/wp\/v2\/media?parent=51743"}],"wp:term":[{"taxonomy":"category","embeddable":true,"href":"https:\/\/www1.unicap.br\/assecom1\/wp-json\/wp\/v2\/categories?post=51743"},{"taxonomy":"post_tag","embeddable":true,"href":"https:\/\/www1.unicap.br\/assecom1\/wp-json\/wp\/v2\/tags?post=51743"}],"curies":[{"name":"wp","href":"https:\/\/api.w.org\/{rel}","templated":true}]}}