{"id":51575,"date":"2015-03-12T22:19:35","date_gmt":"2015-03-13T01:19:35","guid":{"rendered":"http:\/\/www.unicap.br\/assecom1\/?p=51575"},"modified":"2015-03-12T22:19:57","modified_gmt":"2015-03-13T01:19:57","slug":"catolica-sedia-i-encontro-nordestino-pelo-direito-a-comunicacao","status":"publish","type":"post","link":"https:\/\/www1.unicap.br\/assecom1\/catolica-sedia-i-encontro-nordestino-pelo-direito-a-comunicacao\/","title":{"rendered":"Cat\u00f3lica sedia I Encontro Nordestino pelo Direito \u00e0 Comunica\u00e7\u00e3o"},"content":{"rendered":"<figure id=\"attachment_51576\" aria-describedby=\"caption-attachment-51576\" style=\"width: 941px\" class=\"wp-caption alignnone\"><img data-attachment-id=\"51576\" data-permalink=\"https:\/\/www1.unicap.br\/assecom1\/catolica-sedia-i-encontro-nordestino-pelo-direito-a-comunicacao\/imagem1\/\" data-orig-file=\"https:\/\/i2.wp.com\/www1.unicap.br\/assecom1\/wp-content\/uploads\/2015\/03\/imagem1.jpg?fit=941%2C775&amp;ssl=1\" data-orig-size=\"941,775\" data-comments-opened=\"1\" data-image-meta=\"{&quot;aperture&quot;:&quot;0&quot;,&quot;credit&quot;:&quot;&quot;,&quot;camera&quot;:&quot;&quot;,&quot;caption&quot;:&quot;&quot;,&quot;created_timestamp&quot;:&quot;0&quot;,&quot;copyright&quot;:&quot;&quot;,&quot;focal_length&quot;:&quot;0&quot;,&quot;iso&quot;:&quot;0&quot;,&quot;shutter_speed&quot;:&quot;0&quot;,&quot;title&quot;:&quot;&quot;,&quot;orientation&quot;:&quot;0&quot;}\" data-image-title=\"imagem1\" data-image-description=\"\" data-medium-file=\"https:\/\/i2.wp.com\/www1.unicap.br\/assecom1\/wp-content\/uploads\/2015\/03\/imagem1.jpg?fit=300%2C247&amp;ssl=1\" data-large-file=\"https:\/\/i2.wp.com\/www1.unicap.br\/assecom1\/wp-content\/uploads\/2015\/03\/imagem1.jpg?fit=640%2C527&amp;ssl=1\" loading=\"lazy\" class=\"wp-image-51576 size-full\" src=\"https:\/\/i2.wp.com\/www1.unicap.br\/assecom1\/wp-content\/uploads\/2015\/03\/imagem1.jpg?resize=640%2C527&#038;ssl=1\" alt=\"imagem1\" srcset=\"https:\/\/i2.wp.com\/www1.unicap.br\/assecom1\/wp-content\/uploads\/2015\/03\/imagem1.jpg?w=941&amp;ssl=1 941w, https:\/\/i2.wp.com\/www1.unicap.br\/assecom1\/wp-content\/uploads\/2015\/03\/imagem1.jpg?resize=300%2C247&amp;ssl=1 300w, https:\/\/i2.wp.com\/www1.unicap.br\/assecom1\/wp-content\/uploads\/2015\/03\/imagem1.jpg?resize=50%2C41&amp;ssl=1 50w\" sizes=\"(max-width: 640px) 100vw, 640px\" data-recalc-dims=\"1\" \/><figcaption id=\"caption-attachment-51576\" class=\"wp-caption-text\">Fotos e imagens: Organiza\u00e7\u00e3o do Evento \/ Divulga\u00e7\u00e3o<\/figcaption><\/figure>\n<p>Teve in\u00edcio na noite desta quinta-feira, dia 12, Na Universidade Cat\u00f3lica de Pernambuco, o I Encontro Nordestino pelo Direito \u00e0 Comunica\u00e7\u00e3o (ENeDC). O encontro \u00e9 organizado pelo curso de Jornalismo da Unicap, Centro de Cultura Luiz Freire, F\u00f3rum Pernambucano de Comunica\u00e7\u00e3o (FNDC-PE) e diversas entidades parceiras do Nordeste.<\/p>\n<p><a href=\"https:\/\/i2.wp.com\/www1.unicap.br\/assecom1\/wp-content\/uploads\/2015\/03\/imagem3-.jpg?ssl=1\"><img data-attachment-id=\"51582\" data-permalink=\"https:\/\/www1.unicap.br\/assecom1\/catolica-sedia-i-encontro-nordestino-pelo-direito-a-comunicacao\/imagem3\/\" data-orig-file=\"https:\/\/i2.wp.com\/www1.unicap.br\/assecom1\/wp-content\/uploads\/2015\/03\/imagem3-.jpg?fit=1024%2C764&amp;ssl=1\" data-orig-size=\"1024,764\" data-comments-opened=\"1\" data-image-meta=\"{&quot;aperture&quot;:&quot;0&quot;,&quot;credit&quot;:&quot;&quot;,&quot;camera&quot;:&quot;&quot;,&quot;caption&quot;:&quot;&quot;,&quot;created_timestamp&quot;:&quot;0&quot;,&quot;copyright&quot;:&quot;&quot;,&quot;focal_length&quot;:&quot;0&quot;,&quot;iso&quot;:&quot;0&quot;,&quot;shutter_speed&quot;:&quot;0&quot;,&quot;title&quot;:&quot;&quot;,&quot;orientation&quot;:&quot;0&quot;}\" data-image-title=\"imagem3-\" data-image-description=\"\" data-medium-file=\"https:\/\/i2.wp.com\/www1.unicap.br\/assecom1\/wp-content\/uploads\/2015\/03\/imagem3-.jpg?fit=300%2C224&amp;ssl=1\" data-large-file=\"https:\/\/i2.wp.com\/www1.unicap.br\/assecom1\/wp-content\/uploads\/2015\/03\/imagem3-.jpg?fit=640%2C478&amp;ssl=1\" loading=\"lazy\" class=\"alignleft size-medium wp-image-51582\" src=\"https:\/\/i2.wp.com\/www1.unicap.br\/assecom1\/wp-content\/uploads\/2015\/03\/imagem3-.jpg?resize=300%2C224&#038;ssl=1\" alt=\"imagem3-\" srcset=\"https:\/\/i2.wp.com\/www1.unicap.br\/assecom1\/wp-content\/uploads\/2015\/03\/imagem3-.jpg?resize=300%2C224&amp;ssl=1 300w, https:\/\/i2.wp.com\/www1.unicap.br\/assecom1\/wp-content\/uploads\/2015\/03\/imagem3-.jpg?w=1024&amp;ssl=1 1024w, https:\/\/i2.wp.com\/www1.unicap.br\/assecom1\/wp-content\/uploads\/2015\/03\/imagem3-.jpg?resize=50%2C37&amp;ssl=1 50w\" sizes=\"(max-width: 300px) 100vw, 300px\" data-recalc-dims=\"1\" \/><\/a><\/p>\n<p>\u201cSomando vozes pela liberdade de express\u00e3o\u201d foi o tema da Mesa de Abertura realizada no Audit\u00f3rio G2, 1\u00ba andar do bloco G. O diretor do Centro de Ci\u00eancias Sociais (CCS), professor Silas Pacheco, deu as boas-vindas aos participantes, cumprimentando-os em nome do Reitor e Pr\u00f3-reitores. Em seguida, Ivan Moraes Filho, do Centro de Cultura Luiz Freire, convidou os participantes para compor a mesa: Rosane Bertotti, presidente do F\u00f3rum Nacional pela Democratiza\u00e7\u00e3o da Comunica\u00e7\u00e3o (FNDC); C\u00e9sar Bola\u00f1o, professor do Departamento de Economia da universidade Federal de Sergipe (UFS); Oct\u00e1vio Pieranti, assessor da Secretaria-Executiva do Minist\u00e9rio das Comunica\u00e7\u00f5es, e Luciana Santos, deputada federal por Pernambuco, integrante da frente Parlamentar pela Liberdade de Express\u00e3o e Direito \u00e0 Comunica\u00e7\u00e3o com Participa\u00e7\u00e3o Popular (Frentcom).<\/p>\n<p>O I Encontro Nordestino pelo Direito \u00e0 Comunica\u00e7\u00e3o acontece at\u00e9 14 de mar\u00e7o e \u00e9 uma etapa preparat\u00f3ria para o Encontro Nacional pelo Direito \u00e0 Comunica\u00e7\u00e3o (ENDC), que ser\u00e1 realizado em Belo Horizonte (MG), de 10 a 12 de abril de 2015. O encontro que \u00e9 destinado a estudantes, professores, ativistas, \u201cmidialivristas\u201d e outras pessoas interessadas na democratiza\u00e7\u00e3o dos meios de comunica\u00e7\u00e3o que participar\u00e3o de uma s\u00e9rie de debates, palestras, oficinas, relatos de experi\u00eancia e mostra de trabalhos cient\u00edficos sobre o tema do direito humano \u00e0 comunica\u00e7\u00e3o.<\/p>\n<p>O Encontro est\u00e1 sendo transmitido, ao vivo, pela internet no link: <strong><a href=\"https:\/\/www.facebook.com\/encontroNe\/app_173159136224800\">CLIQUE AQUI E ASSISTA O ENeDC AO VIVO<\/a><\/strong><\/p>\n<p>Acompanhe algumas faixas com mensagens que foram colocadas no Audit\u00f3rio:<\/p>\n<div class=\"tiled-gallery type-rectangular tiled-gallery-unresized\" data-original-width=\"640\" data-carousel-extra='{&quot;blog_id&quot;:1,&quot;permalink&quot;:&quot;https:\\\/\\\/www1.unicap.br\\\/assecom1\\\/catolica-sedia-i-encontro-nordestino-pelo-direito-a-comunicacao\\\/&quot;,&quot;likes_blog_id&quot;:205082007}' itemscope itemtype=\"http:\/\/schema.org\/ImageGallery\" > <div class=\"gallery-row\" style=\"width: 640px; height: 426px;\" data-original-width=\"640\" data-original-height=\"426\" > <div class=\"gallery-group images-1\" style=\"width: 410px; height: 426px;\" data-original-width=\"410\" data-original-height=\"426\" > <div class=\"tiled-gallery-item tiled-gallery-item-large\" itemprop=\"associatedMedia\" itemscope itemtype=\"http:\/\/schema.org\/ImageObject\"> <a href=\"https:\/\/www1.unicap.br\/assecom1\/catolica-sedia-i-encontro-nordestino-pelo-direito-a-comunicacao\/faixa1\/\" border=\"0\" itemprop=\"url\"> <meta itemprop=\"width\" content=\"406\"> <meta itemprop=\"height\" content=\"422\"> <img data-attachment-id=\"51580\" data-orig-file=\"https:\/\/www1.unicap.br\/assecom1\/wp-content\/uploads\/2015\/03\/faixa1.png\" data-orig-size=\"923,960\" data-comments-opened=\"1\" data-image-meta=\"{&quot;aperture&quot;:&quot;0&quot;,&quot;credit&quot;:&quot;&quot;,&quot;camera&quot;:&quot;&quot;,&quot;caption&quot;:&quot;&quot;,&quot;created_timestamp&quot;:&quot;0&quot;,&quot;copyright&quot;:&quot;&quot;,&quot;focal_length&quot;:&quot;0&quot;,&quot;iso&quot;:&quot;0&quot;,&quot;shutter_speed&quot;:&quot;0&quot;,&quot;title&quot;:&quot;&quot;,&quot;orientation&quot;:&quot;0&quot;}\" data-image-title=\"faixa1\" data-image-description=\"\" data-medium-file=\"https:\/\/i0.wp.com\/www1.unicap.br\/assecom1\/wp-content\/uploads\/2015\/03\/faixa1.png?fit=288%2C300&#038;ssl=1\" data-large-file=\"https:\/\/i0.wp.com\/www1.unicap.br\/assecom1\/wp-content\/uploads\/2015\/03\/faixa1.png?fit=640%2C666&#038;ssl=1\" src=\"https:\/\/i0.wp.com\/www1.unicap.br\/assecom1\/wp-content\/uploads\/2015\/03\/faixa1.png?w=406&#038;h=422&#038;crop&#038;ssl=1\" width=\"406\" height=\"422\" data-original-width=\"406\" data-original-height=\"422\" itemprop=\"http:\/\/schema.org\/image\" title=\"faixa1\" alt=\"faixa1\" style=\"width: 406px; height: 422px;\" \/> <\/a> <\/div> <\/div> <!-- close group --> <div class=\"gallery-group images-2\" style=\"width: 230px; height: 426px;\" data-original-width=\"230\" data-original-height=\"426\" > <div class=\"tiled-gallery-item tiled-gallery-item-small\" itemprop=\"associatedMedia\" itemscope itemtype=\"http:\/\/schema.org\/ImageObject\"> <a href=\"https:\/\/www1.unicap.br\/assecom1\/catolica-sedia-i-encontro-nordestino-pelo-direito-a-comunicacao\/faixa2\/\" border=\"0\" itemprop=\"url\"> <meta itemprop=\"width\" content=\"226\"> <meta itemprop=\"height\" content=\"205\"> <img data-attachment-id=\"51579\" data-orig-file=\"https:\/\/www1.unicap.br\/assecom1\/wp-content\/uploads\/2015\/03\/faixa2.png\" data-orig-size=\"639,577\" data-comments-opened=\"1\" data-image-meta=\"{&quot;aperture&quot;:&quot;0&quot;,&quot;credit&quot;:&quot;&quot;,&quot;camera&quot;:&quot;&quot;,&quot;caption&quot;:&quot;&quot;,&quot;created_timestamp&quot;:&quot;0&quot;,&quot;copyright&quot;:&quot;&quot;,&quot;focal_length&quot;:&quot;0&quot;,&quot;iso&quot;:&quot;0&quot;,&quot;shutter_speed&quot;:&quot;0&quot;,&quot;title&quot;:&quot;&quot;,&quot;orientation&quot;:&quot;0&quot;}\" data-image-title=\"faixa2\" data-image-description=\"\" data-medium-file=\"https:\/\/i2.wp.com\/www1.unicap.br\/assecom1\/wp-content\/uploads\/2015\/03\/faixa2.png?fit=300%2C271&#038;ssl=1\" data-large-file=\"https:\/\/i2.wp.com\/www1.unicap.br\/assecom1\/wp-content\/uploads\/2015\/03\/faixa2.png?fit=639%2C577&#038;ssl=1\" src=\"https:\/\/i2.wp.com\/www1.unicap.br\/assecom1\/wp-content\/uploads\/2015\/03\/faixa2.png?w=226&#038;h=205&#038;crop&#038;ssl=1\" width=\"226\" height=\"205\" data-original-width=\"226\" data-original-height=\"205\" itemprop=\"http:\/\/schema.org\/image\" title=\"faixa2\" alt=\"faixa2\" style=\"width: 226px; height: 205px;\" \/> <\/a> <\/div> <div class=\"tiled-gallery-item tiled-gallery-item-small\" itemprop=\"associatedMedia\" itemscope itemtype=\"http:\/\/schema.org\/ImageObject\"> <a href=\"https:\/\/www1.unicap.br\/assecom1\/catolica-sedia-i-encontro-nordestino-pelo-direito-a-comunicacao\/faixa3\/\" border=\"0\" itemprop=\"url\"> <meta itemprop=\"width\" content=\"226\"> <meta itemprop=\"height\" content=\"213\"> <img data-attachment-id=\"51578\" data-orig-file=\"https:\/\/www1.unicap.br\/assecom1\/wp-content\/uploads\/2015\/03\/faixa3.jpg\" data-orig-size=\"960,905\" data-comments-opened=\"1\" data-image-meta=\"{&quot;aperture&quot;:&quot;0&quot;,&quot;credit&quot;:&quot;&quot;,&quot;camera&quot;:&quot;&quot;,&quot;caption&quot;:&quot;&quot;,&quot;created_timestamp&quot;:&quot;0&quot;,&quot;copyright&quot;:&quot;&quot;,&quot;focal_length&quot;:&quot;0&quot;,&quot;iso&quot;:&quot;0&quot;,&quot;shutter_speed&quot;:&quot;0&quot;,&quot;title&quot;:&quot;&quot;,&quot;orientation&quot;:&quot;0&quot;}\" data-image-title=\"faixa3\" data-image-description=\"\" data-medium-file=\"https:\/\/i1.wp.com\/www1.unicap.br\/assecom1\/wp-content\/uploads\/2015\/03\/faixa3.jpg?fit=300%2C283&#038;ssl=1\" data-large-file=\"https:\/\/i1.wp.com\/www1.unicap.br\/assecom1\/wp-content\/uploads\/2015\/03\/faixa3.jpg?fit=640%2C603&#038;ssl=1\" src=\"https:\/\/i1.wp.com\/www1.unicap.br\/assecom1\/wp-content\/uploads\/2015\/03\/faixa3.jpg?w=226&#038;h=213&#038;crop&#038;ssl=1\" width=\"226\" height=\"213\" data-original-width=\"226\" data-original-height=\"213\" itemprop=\"http:\/\/schema.org\/image\" title=\"faixa3\" alt=\"faixa3\" style=\"width: 226px; height: 213px;\" \/> <\/a> <\/div> <\/div> <!-- close group --> <\/div> <!-- close row --> <div class=\"gallery-row\" style=\"width: 640px; height: 232px;\" data-original-width=\"640\" data-original-height=\"232\" > <div class=\"gallery-group images-1\" style=\"width: 640px; height: 232px;\" data-original-width=\"640\" data-original-height=\"232\" > <div class=\"tiled-gallery-item tiled-gallery-item-large\" itemprop=\"associatedMedia\" itemscope itemtype=\"http:\/\/schema.org\/ImageObject\"> <a href=\"https:\/\/www1.unicap.br\/assecom1\/catolica-sedia-i-encontro-nordestino-pelo-direito-a-comunicacao\/faixa4\/\" border=\"0\" itemprop=\"url\"> <meta itemprop=\"width\" content=\"636\"> <meta itemprop=\"height\" content=\"228\"> <img data-attachment-id=\"51577\" data-orig-file=\"https:\/\/www1.unicap.br\/assecom1\/wp-content\/uploads\/2015\/03\/faixa4.png\" data-orig-size=\"930,334\" data-comments-opened=\"1\" data-image-meta=\"{&quot;aperture&quot;:&quot;0&quot;,&quot;credit&quot;:&quot;&quot;,&quot;camera&quot;:&quot;&quot;,&quot;caption&quot;:&quot;&quot;,&quot;created_timestamp&quot;:&quot;0&quot;,&quot;copyright&quot;:&quot;&quot;,&quot;focal_length&quot;:&quot;0&quot;,&quot;iso&quot;:&quot;0&quot;,&quot;shutter_speed&quot;:&quot;0&quot;,&quot;title&quot;:&quot;&quot;,&quot;orientation&quot;:&quot;0&quot;}\" data-image-title=\"faixa4\" data-image-description=\"\" data-medium-file=\"https:\/\/i2.wp.com\/www1.unicap.br\/assecom1\/wp-content\/uploads\/2015\/03\/faixa4.png?fit=300%2C108&#038;ssl=1\" data-large-file=\"https:\/\/i2.wp.com\/www1.unicap.br\/assecom1\/wp-content\/uploads\/2015\/03\/faixa4.png?fit=640%2C230&#038;ssl=1\" src=\"https:\/\/i2.wp.com\/www1.unicap.br\/assecom1\/wp-content\/uploads\/2015\/03\/faixa4.png?w=636&#038;h=228&#038;crop&#038;ssl=1\" width=\"636\" height=\"228\" data-original-width=\"636\" data-original-height=\"228\" itemprop=\"http:\/\/schema.org\/image\" title=\"faixa4\" alt=\"faixa4\" style=\"width: 636px; height: 228px;\" \/> <\/a> <\/div> <\/div> <!-- close group --> <\/div> <!-- close row --> <\/div>\n<p>&nbsp;<\/p>\n<p>&nbsp;<\/p>\n<p>&nbsp;<\/p>\n<p>&nbsp;<\/p>\n<p>&nbsp;<\/p>\n","protected":false},"excerpt":{"rendered":"<p>Teve in\u00edcio na noite desta quinta-feira, dia 12, Na Universidade Cat\u00f3lica de Pernambuco, o I Encontro Nordestino pelo Direito \u00e0 Comunica\u00e7\u00e3o (ENeDC). O encontro \u00e9 organizado pelo curso de Jornalismo da Unicap, Centro de Cultura Luiz Freire, F\u00f3rum Pernambucano de Comunica\u00e7\u00e3o (FNDC-PE) e diversas entidades parceiras do Nordeste. \u201cSomando vozes pela liberdade de express\u00e3o\u201d foi [&hellip;]<\/p>\n","protected":false},"author":3,"featured_media":51581,"comment_status":"open","ping_status":"open","sticky":false,"template":"","format":"standard","meta":[],"categories":[4],"tags":[],"jetpack-related-posts":[],"_links":{"self":[{"href":"https:\/\/www1.unicap.br\/assecom1\/wp-json\/wp\/v2\/posts\/51575"}],"collection":[{"href":"https:\/\/www1.unicap.br\/assecom1\/wp-json\/wp\/v2\/posts"}],"about":[{"href":"https:\/\/www1.unicap.br\/assecom1\/wp-json\/wp\/v2\/types\/post"}],"author":[{"embeddable":true,"href":"https:\/\/www1.unicap.br\/assecom1\/wp-json\/wp\/v2\/users\/3"}],"replies":[{"embeddable":true,"href":"https:\/\/www1.unicap.br\/assecom1\/wp-json\/wp\/v2\/comments?post=51575"}],"version-history":[{"count":3,"href":"https:\/\/www1.unicap.br\/assecom1\/wp-json\/wp\/v2\/posts\/51575\/revisions"}],"predecessor-version":[{"id":51585,"href":"https:\/\/www1.unicap.br\/assecom1\/wp-json\/wp\/v2\/posts\/51575\/revisions\/51585"}],"wp:featuredmedia":[{"embeddable":true,"href":"https:\/\/www1.unicap.br\/assecom1\/wp-json\/wp\/v2\/media\/51581"}],"wp:attachment":[{"href":"https:\/\/www1.unicap.br\/assecom1\/wp-json\/wp\/v2\/media?parent=51575"}],"wp:term":[{"taxonomy":"category","embeddable":true,"href":"https:\/\/www1.unicap.br\/assecom1\/wp-json\/wp\/v2\/categories?post=51575"},{"taxonomy":"post_tag","embeddable":true,"href":"https:\/\/www1.unicap.br\/assecom1\/wp-json\/wp\/v2\/tags?post=51575"}],"curies":[{"name":"wp","href":"https:\/\/api.w.org\/{rel}","templated":true}]}}