{"id":51461,"date":"2015-03-11T12:48:49","date_gmt":"2015-03-11T15:48:49","guid":{"rendered":"http:\/\/www.unicap.br\/assecom1\/?p=51461"},"modified":"2015-03-11T12:51:42","modified_gmt":"2015-03-11T15:51:42","slug":"fasa-e-embelleze-realizam-acao-em-homenagem-as-mulheres","status":"publish","type":"post","link":"https:\/\/www1.unicap.br\/assecom1\/fasa-e-embelleze-realizam-acao-em-homenagem-as-mulheres\/","title":{"rendered":"Fasa e Embelleze realizam a\u00e7\u00e3o em homenagem \u00e0s mulheres"},"content":{"rendered":"<figure id=\"attachment_51464\" aria-describedby=\"caption-attachment-51464\" style=\"width: 700px\" class=\"wp-caption aligncenter\"><a href=\"https:\/\/i2.wp.com\/www1.unicap.br\/assecom1\/wp-content\/uploads\/2015\/03\/DSL9636.jpg?ssl=1\"><img data-attachment-id=\"51464\" data-permalink=\"https:\/\/www1.unicap.br\/assecom1\/fasa-e-embelleze-realizam-acao-em-homenagem-as-mulheres\/_dsl9636\/\" data-orig-file=\"https:\/\/i2.wp.com\/www1.unicap.br\/assecom1\/wp-content\/uploads\/2015\/03\/DSL9636.jpg?fit=700%2C464&amp;ssl=1\" data-orig-size=\"700,464\" data-comments-opened=\"1\" data-image-meta=\"{&quot;aperture&quot;:&quot;9&quot;,&quot;credit&quot;:&quot;&quot;,&quot;camera&quot;:&quot;NIKON D7000&quot;,&quot;caption&quot;:&quot;&quot;,&quot;created_timestamp&quot;:&quot;1425919541&quot;,&quot;copyright&quot;:&quot;&quot;,&quot;focal_length&quot;:&quot;58&quot;,&quot;iso&quot;:&quot;2500&quot;,&quot;shutter_speed&quot;:&quot;0.016666666666667&quot;,&quot;title&quot;:&quot;&quot;,&quot;orientation&quot;:&quot;1&quot;}\" data-image-title=\"_DSL9636\" data-image-description=\"\" data-medium-file=\"https:\/\/i2.wp.com\/www1.unicap.br\/assecom1\/wp-content\/uploads\/2015\/03\/DSL9636.jpg?fit=300%2C199&amp;ssl=1\" data-large-file=\"https:\/\/i2.wp.com\/www1.unicap.br\/assecom1\/wp-content\/uploads\/2015\/03\/DSL9636.jpg?fit=640%2C424&amp;ssl=1\" loading=\"lazy\" class=\"size-full wp-image-51464\" src=\"https:\/\/i2.wp.com\/www1.unicap.br\/assecom1\/wp-content\/uploads\/2015\/03\/DSL9636.jpg?resize=640%2C424&#038;ssl=1\" alt=\"Foto: Amaro Neto\/divulga\u00e7\u00e3o\" srcset=\"https:\/\/i2.wp.com\/www1.unicap.br\/assecom1\/wp-content\/uploads\/2015\/03\/DSL9636.jpg?w=700&amp;ssl=1 700w, https:\/\/i2.wp.com\/www1.unicap.br\/assecom1\/wp-content\/uploads\/2015\/03\/DSL9636.jpg?resize=300%2C200&amp;ssl=1 300w, https:\/\/i2.wp.com\/www1.unicap.br\/assecom1\/wp-content\/uploads\/2015\/03\/DSL9636.jpg?resize=50%2C33&amp;ssl=1 50w\" sizes=\"(max-width: 640px) 100vw, 640px\" data-recalc-dims=\"1\" \/><\/a><figcaption id=\"caption-attachment-51464\" class=\"wp-caption-text\">Foto: Amaro Neto\/divulga\u00e7\u00e3o<\/figcaption><\/figure>\n<p>A Funda\u00e7\u00e3o Ant\u00f4nio dos Santos Abranches (Fasa), em parceria com o Instituto Embelleze, movimentou os corredores do bloco A com uma a\u00e7\u00e3o em homenagem \u00e0s mulheres. A iniciativa, que consistia na presen\u00e7a de seis maquiadoras profissionais (formadas pelo instituto), ofereceu sess\u00f5es gr\u00e1tis de maquiagem, al\u00e9m de dicas de beleza e cuidados com a pele \u00e0s alunas, professoras e funcion\u00e1rias da Universidade, que quiseram participar. A a\u00e7\u00e3o teve in\u00edcio \u00e0s 16h e seguiu at\u00e9 as 19h.<\/p>\n<p>&nbsp;<\/p>\n","protected":false},"excerpt":{"rendered":"<p>A Funda\u00e7\u00e3o Ant\u00f4nio dos Santos Abranches (Fasa), em parceria com o Instituto Embelleze, movimentou os corredores do bloco A com uma a\u00e7\u00e3o em homenagem \u00e0s mulheres. A iniciativa, que consistia na presen\u00e7a de seis maquiadoras profissionais (formadas pelo instituto), ofereceu sess\u00f5es gr\u00e1tis de maquiagem, al\u00e9m de dicas de beleza e cuidados com a pele \u00e0s [&hellip;]<\/p>\n","protected":false},"author":58,"featured_media":0,"comment_status":"open","ping_status":"open","sticky":false,"template":"","format":"standard","meta":[],"categories":[4],"tags":[],"jetpack-related-posts":[],"_links":{"self":[{"href":"https:\/\/www1.unicap.br\/assecom1\/wp-json\/wp\/v2\/posts\/51461"}],"collection":[{"href":"https:\/\/www1.unicap.br\/assecom1\/wp-json\/wp\/v2\/posts"}],"about":[{"href":"https:\/\/www1.unicap.br\/assecom1\/wp-json\/wp\/v2\/types\/post"}],"author":[{"embeddable":true,"href":"https:\/\/www1.unicap.br\/assecom1\/wp-json\/wp\/v2\/users\/58"}],"replies":[{"embeddable":true,"href":"https:\/\/www1.unicap.br\/assecom1\/wp-json\/wp\/v2\/comments?post=51461"}],"version-history":[{"count":4,"href":"https:\/\/www1.unicap.br\/assecom1\/wp-json\/wp\/v2\/posts\/51461\/revisions"}],"predecessor-version":[{"id":51477,"href":"https:\/\/www1.unicap.br\/assecom1\/wp-json\/wp\/v2\/posts\/51461\/revisions\/51477"}],"wp:attachment":[{"href":"https:\/\/www1.unicap.br\/assecom1\/wp-json\/wp\/v2\/media?parent=51461"}],"wp:term":[{"taxonomy":"category","embeddable":true,"href":"https:\/\/www1.unicap.br\/assecom1\/wp-json\/wp\/v2\/categories?post=51461"},{"taxonomy":"post_tag","embeddable":true,"href":"https:\/\/www1.unicap.br\/assecom1\/wp-json\/wp\/v2\/tags?post=51461"}],"curies":[{"name":"wp","href":"https:\/\/api.w.org\/{rel}","templated":true}]}}