{"id":51326,"date":"2015-03-02T13:51:53","date_gmt":"2015-03-02T16:51:53","guid":{"rendered":"http:\/\/www.unicap.br\/assecom1\/?p=51326"},"modified":"2015-03-03T11:33:08","modified_gmt":"2015-03-03T14:33:08","slug":"curso-de-direito-da-catolica-obtem-nota-5-na-avaliacao-do-mec","status":"publish","type":"post","link":"https:\/\/www1.unicap.br\/assecom1\/curso-de-direito-da-catolica-obtem-nota-5-na-avaliacao-do-mec\/","title":{"rendered":"Curso de Direito da Cat\u00f3lica obt\u00e9m conceito 5 na avalia\u00e7\u00e3o do MEC"},"content":{"rendered":"<p><img data-attachment-id=\"51363\" data-permalink=\"https:\/\/www1.unicap.br\/assecom1\/curso-de-direito-da-catolica-obtem-nota-5-na-avaliacao-do-mec\/bn-direito-mec\/\" data-orig-file=\"https:\/\/i0.wp.com\/www1.unicap.br\/assecom1\/wp-content\/uploads\/2015\/03\/bn-direito-mec.jpg?fit=600%2C600&amp;ssl=1\" data-orig-size=\"600,600\" data-comments-opened=\"1\" data-image-meta=\"{&quot;aperture&quot;:&quot;0&quot;,&quot;credit&quot;:&quot;&quot;,&quot;camera&quot;:&quot;&quot;,&quot;caption&quot;:&quot;&quot;,&quot;created_timestamp&quot;:&quot;0&quot;,&quot;copyright&quot;:&quot;&quot;,&quot;focal_length&quot;:&quot;0&quot;,&quot;iso&quot;:&quot;0&quot;,&quot;shutter_speed&quot;:&quot;0&quot;,&quot;title&quot;:&quot;&quot;,&quot;orientation&quot;:&quot;0&quot;}\" data-image-title=\"bn direito mec\" data-image-description=\"\" data-medium-file=\"https:\/\/i0.wp.com\/www1.unicap.br\/assecom1\/wp-content\/uploads\/2015\/03\/bn-direito-mec.jpg?fit=300%2C300&amp;ssl=1\" data-large-file=\"https:\/\/i0.wp.com\/www1.unicap.br\/assecom1\/wp-content\/uploads\/2015\/03\/bn-direito-mec.jpg?fit=600%2C600&amp;ssl=1\" loading=\"lazy\" class=\"alignnone  wp-image-51363\" src=\"https:\/\/i0.wp.com\/www1.unicap.br\/assecom1\/wp-content\/uploads\/2015\/03\/bn-direito-mec.jpg?resize=640%2C640&#038;ssl=1\" alt=\"bn direito mec\" srcset=\"https:\/\/i0.wp.com\/www1.unicap.br\/assecom1\/wp-content\/uploads\/2015\/03\/bn-direito-mec.jpg?w=600&amp;ssl=1 600w, https:\/\/i0.wp.com\/www1.unicap.br\/assecom1\/wp-content\/uploads\/2015\/03\/bn-direito-mec.jpg?resize=150%2C150&amp;ssl=1 150w, https:\/\/i0.wp.com\/www1.unicap.br\/assecom1\/wp-content\/uploads\/2015\/03\/bn-direito-mec.jpg?resize=300%2C300&amp;ssl=1 300w, https:\/\/i0.wp.com\/www1.unicap.br\/assecom1\/wp-content\/uploads\/2015\/03\/bn-direito-mec.jpg?resize=50%2C50&amp;ssl=1 50w\" sizes=\"(max-width: 640px) 100vw, 640px\" data-recalc-dims=\"1\" \/>O curso de Direito da Universidade Cat\u00f3lica de Pernambuco acaba de conquistar a nota m\u00e1xima na avalia\u00e7\u00e3o do Minist\u00e9rio da Educa\u00e7\u00e3o (MEC). O conceito 5 est\u00e1 sendo muito comemorado pelos gestores, professores, alunos e funcion\u00e1rios do curso, que tem 55 anos de funda\u00e7\u00e3o e \u00e9 um dos 89 do pa\u00eds que possuem o Selo OAB Recomenda, concedido pela Ordem dos Advogados do Brasil.<\/p>\n<p>Muito feliz com a conquista, a coordenadora do curso, Prof\u00aa Dr\u00aa Mar\u00edlia Montenegro, atribui o resultado ao trabalho conjunto realizado numa institui\u00e7\u00e3o muito consolidada como a Cat\u00f3lica. Ela enfatizou ainda que o curso de Direito da Unicap vem se renovando ano a ano sem perder suas caracter\u00edsticas. &#8220;Temos no nosso curso um encontro de gera\u00e7\u00f5es. Temos professores com mais de 40 anos de atividades na universidade trabalhando lado a lado com ex-alunos, como eu, por exemplo, que, por outro lado, j\u00e1 trabalho com ex-alunos meus&#8221;, ressaltou Mar\u00edlia.<\/p>\n<p>Segundo a coordenadora do curso, chamou muito a aten\u00e7\u00e3o dos avaliadores o fato de a Cat\u00f3lica possuir a pr\u00e1tica jur\u00eddica desde a d\u00e9cada de 1970, quando ainda n\u00e3o era obrigat\u00f3ria. Atualmente, a Unicap possui 11 n\u00facleos de pr\u00e1tica jur\u00eddica na Regi\u00e3o Metropolitana do Recife, onde os alunos, sob a supervis\u00e3o dos professores, prestam assist\u00eancia jur\u00eddica gratuita \u00e0 popula\u00e7\u00e3o. A Cat\u00f3lica conta ainda com um juizado de pequenas causas, criado em parceria com o Tribunal de Justi\u00e7a de Pernambuco, e mant\u00e9m conv\u00eanio com a Vara da Mulher para atendimento \u00e0s v\u00edtimas de viol\u00eancia.<\/p>\n<p>De acordo com a Mar\u00edlia, tamb\u00e9m chamou a aten\u00e7\u00e3o dos avaliadores a qualidade do acervo e dos funcion\u00e1rios da biblioteca da Unicap.<\/p>\n<p>Atualmente o curso tem cerca de 3.500 alunos e 124 professores, dois quais 45 s\u00e3o doutores.<\/p>\n<p>&nbsp;<\/p>\n<p>&nbsp;<\/p>\n<p>&nbsp;<\/p>\n","protected":false},"excerpt":{"rendered":"<p>O curso de Direito da Universidade Cat\u00f3lica de Pernambuco acaba de conquistar a nota m\u00e1xima na avalia\u00e7\u00e3o do Minist\u00e9rio da Educa\u00e7\u00e3o (MEC). O conceito 5 est\u00e1 sendo muito comemorado pelos gestores, professores, alunos e funcion\u00e1rios do curso, que tem 55 anos de funda\u00e7\u00e3o e \u00e9 um dos 89 do pa\u00eds que possuem o Selo OAB [&hellip;]<\/p>\n","protected":false},"author":2,"featured_media":51363,"comment_status":"open","ping_status":"open","sticky":false,"template":"","format":"standard","meta":[],"categories":[286,4],"tags":[],"jetpack-related-posts":[],"_links":{"self":[{"href":"https:\/\/www1.unicap.br\/assecom1\/wp-json\/wp\/v2\/posts\/51326"}],"collection":[{"href":"https:\/\/www1.unicap.br\/assecom1\/wp-json\/wp\/v2\/posts"}],"about":[{"href":"https:\/\/www1.unicap.br\/assecom1\/wp-json\/wp\/v2\/types\/post"}],"author":[{"embeddable":true,"href":"https:\/\/www1.unicap.br\/assecom1\/wp-json\/wp\/v2\/users\/2"}],"replies":[{"embeddable":true,"href":"https:\/\/www1.unicap.br\/assecom1\/wp-json\/wp\/v2\/comments?post=51326"}],"version-history":[{"count":9,"href":"https:\/\/www1.unicap.br\/assecom1\/wp-json\/wp\/v2\/posts\/51326\/revisions"}],"predecessor-version":[{"id":51364,"href":"https:\/\/www1.unicap.br\/assecom1\/wp-json\/wp\/v2\/posts\/51326\/revisions\/51364"}],"wp:featuredmedia":[{"embeddable":true,"href":"https:\/\/www1.unicap.br\/assecom1\/wp-json\/wp\/v2\/media\/51363"}],"wp:attachment":[{"href":"https:\/\/www1.unicap.br\/assecom1\/wp-json\/wp\/v2\/media?parent=51326"}],"wp:term":[{"taxonomy":"category","embeddable":true,"href":"https:\/\/www1.unicap.br\/assecom1\/wp-json\/wp\/v2\/categories?post=51326"},{"taxonomy":"post_tag","embeddable":true,"href":"https:\/\/www1.unicap.br\/assecom1\/wp-json\/wp\/v2\/tags?post=51326"}],"curies":[{"name":"wp","href":"https:\/\/api.w.org\/{rel}","templated":true}]}}