{"id":51182,"date":"2015-02-23T11:08:37","date_gmt":"2015-02-23T14:08:37","guid":{"rendered":"http:\/\/www.unicap.br\/assecom1\/?p=51182"},"modified":"2015-02-23T11:08:37","modified_gmt":"2015-02-23T14:08:37","slug":"quarta-ambiental-comeca-temporada-2015-dia-25","status":"publish","type":"post","link":"https:\/\/www1.unicap.br\/assecom1\/quarta-ambiental-comeca-temporada-2015-dia-25\/","title":{"rendered":"Quarta Ambiental come\u00e7a temporada 2015, dia 25"},"content":{"rendered":"<p>A Universidade Cat\u00f3lica de Pernambuco, por meio do curso de Engenharia Ambiental, inicia\u00a0nesta quarta-feira, dia 25 de fevereiro, as atividades de 2015 do Quarta Ambiental, com a palestra &#8220;Monitoramento Ambiental em aterros Sanit\u00e1rios&#8221;, ministrada pela professora do curso de Engenharia Civil da Cat\u00f3lica, Dra. Cec\u00edlia Lins. A palestra acontece \u00e0s 17h, na sala 113, do bloco D. O evento \u00e9 aberto ao p\u00fablico em geral e n\u00e3o h\u00e1 necessidade de inscri\u00e7\u00e3o pr\u00e9via.<\/p>\n","protected":false},"excerpt":{"rendered":"<p>A Universidade Cat\u00f3lica de Pernambuco, por meio do curso de Engenharia Ambiental, inicia\u00a0nesta quarta-feira, dia 25 de fevereiro, as atividades de 2015 do Quarta Ambiental, com a palestra &#8220;Monitoramento Ambiental em aterros Sanit\u00e1rios&#8221;, ministrada pela professora do curso de Engenharia Civil da Cat\u00f3lica, Dra. Cec\u00edlia Lins. A palestra acontece \u00e0s 17h, na sala 113, do [&hellip;]<\/p>\n","protected":false},"author":3,"featured_media":50946,"comment_status":"open","ping_status":"open","sticky":false,"template":"","format":"standard","meta":[],"categories":[4],"tags":[],"jetpack-related-posts":[],"_links":{"self":[{"href":"https:\/\/www1.unicap.br\/assecom1\/wp-json\/wp\/v2\/posts\/51182"}],"collection":[{"href":"https:\/\/www1.unicap.br\/assecom1\/wp-json\/wp\/v2\/posts"}],"about":[{"href":"https:\/\/www1.unicap.br\/assecom1\/wp-json\/wp\/v2\/types\/post"}],"author":[{"embeddable":true,"href":"https:\/\/www1.unicap.br\/assecom1\/wp-json\/wp\/v2\/users\/3"}],"replies":[{"embeddable":true,"href":"https:\/\/www1.unicap.br\/assecom1\/wp-json\/wp\/v2\/comments?post=51182"}],"version-history":[{"count":1,"href":"https:\/\/www1.unicap.br\/assecom1\/wp-json\/wp\/v2\/posts\/51182\/revisions"}],"predecessor-version":[{"id":51183,"href":"https:\/\/www1.unicap.br\/assecom1\/wp-json\/wp\/v2\/posts\/51182\/revisions\/51183"}],"wp:featuredmedia":[{"embeddable":true,"href":"https:\/\/www1.unicap.br\/assecom1\/wp-json\/wp\/v2\/media\/50946"}],"wp:attachment":[{"href":"https:\/\/www1.unicap.br\/assecom1\/wp-json\/wp\/v2\/media?parent=51182"}],"wp:term":[{"taxonomy":"category","embeddable":true,"href":"https:\/\/www1.unicap.br\/assecom1\/wp-json\/wp\/v2\/categories?post=51182"},{"taxonomy":"post_tag","embeddable":true,"href":"https:\/\/www1.unicap.br\/assecom1\/wp-json\/wp\/v2\/tags?post=51182"}],"curies":[{"name":"wp","href":"https:\/\/api.w.org\/{rel}","templated":true}]}}