{"id":51150,"date":"2015-02-11T19:52:26","date_gmt":"2015-02-11T22:52:26","guid":{"rendered":"http:\/\/www.unicap.br\/assecom1\/?p=51150"},"modified":"2015-02-12T14:56:01","modified_gmt":"2015-02-12T17:56:01","slug":"inscricoes-abertas-para-o-intercambio-estudantil-da-catolica","status":"publish","type":"post","link":"https:\/\/www1.unicap.br\/assecom1\/inscricoes-abertas-para-o-intercambio-estudantil-da-catolica\/","title":{"rendered":"Inscri\u00e7\u00f5es abertas para o Interc\u00e2mbio Estudantil da Cat\u00f3lica"},"content":{"rendered":"<p><a href=\"https:\/\/i0.wp.com\/www1.unicap.br\/assecom1\/wp-content\/uploads\/2015\/02\/divulga\u00e7\u00e3o_edital.jpg?ssl=1\"><img data-attachment-id=\"51151\" data-permalink=\"https:\/\/www1.unicap.br\/assecom1\/inscricoes-abertas-para-o-intercambio-estudantil-da-catolica\/divulgacao_edital\/\" data-orig-file=\"https:\/\/i0.wp.com\/www1.unicap.br\/assecom1\/wp-content\/uploads\/2015\/02\/divulga\u00e7\u00e3o_edital.jpg?fit=612%2C642&amp;ssl=1\" data-orig-size=\"612,642\" data-comments-opened=\"1\" data-image-meta=\"{&quot;aperture&quot;:&quot;0&quot;,&quot;credit&quot;:&quot;&quot;,&quot;camera&quot;:&quot;&quot;,&quot;caption&quot;:&quot;&quot;,&quot;created_timestamp&quot;:&quot;0&quot;,&quot;copyright&quot;:&quot;&quot;,&quot;focal_length&quot;:&quot;0&quot;,&quot;iso&quot;:&quot;0&quot;,&quot;shutter_speed&quot;:&quot;0&quot;,&quot;title&quot;:&quot;&quot;,&quot;orientation&quot;:&quot;1&quot;}\" data-image-title=\"divulga\u00e7\u00e3o_edital\" data-image-description=\"\" data-medium-file=\"https:\/\/i0.wp.com\/www1.unicap.br\/assecom1\/wp-content\/uploads\/2015\/02\/divulga\u00e7\u00e3o_edital.jpg?fit=286%2C300&amp;ssl=1\" data-large-file=\"https:\/\/i0.wp.com\/www1.unicap.br\/assecom1\/wp-content\/uploads\/2015\/02\/divulga\u00e7\u00e3o_edital.jpg?fit=612%2C642&amp;ssl=1\" loading=\"lazy\" class=\"alignnone size-full wp-image-51151\" src=\"https:\/\/i0.wp.com\/www1.unicap.br\/assecom1\/wp-content\/uploads\/2015\/02\/divulga\u00e7\u00e3o_edital.jpg?resize=612%2C642&#038;ssl=1\" alt=\"divulga\u00e7\u00e3o_edital\" srcset=\"https:\/\/i0.wp.com\/www1.unicap.br\/assecom1\/wp-content\/uploads\/2015\/02\/divulga\u00e7\u00e3o_edital.jpg?w=612&amp;ssl=1 612w, https:\/\/i0.wp.com\/www1.unicap.br\/assecom1\/wp-content\/uploads\/2015\/02\/divulga\u00e7\u00e3o_edital.jpg?resize=286%2C300&amp;ssl=1 286w, https:\/\/i0.wp.com\/www1.unicap.br\/assecom1\/wp-content\/uploads\/2015\/02\/divulga\u00e7\u00e3o_edital.jpg?resize=48%2C50&amp;ssl=1 48w\" sizes=\"(max-width: 612px) 100vw, 612px\" data-recalc-dims=\"1\" \/><\/a><\/p>\n<p>A Universidade Cat\u00f3lica de Pernambuco integra uma vasta rede de mobilidade universit\u00e1ria no Brasil e no exterior. Por meio do Programa de Interc\u00e2mbio Estudantil, os alunos podem viver uma rica experi\u00eancia acad\u00eamica em uma das institui\u00e7\u00f5es de ensino superior, nacionais ou internacionais, com as quais a Unicap mant\u00e9m conv\u00eanio.<\/p>\n<p>Informa\u00e7\u00f5es pelo site <a href=\"http:\/\/www.unicap.br\/intercambio\" target=\"_blank\">www.unicap.br\/intercambio<\/a> ou pelo fone 2119-4298.<\/p>\n","protected":false},"excerpt":{"rendered":"<p>A Universidade Cat\u00f3lica de Pernambuco integra uma vasta rede de mobilidade universit\u00e1ria no Brasil e no exterior. Por meio do Programa de Interc\u00e2mbio Estudantil, os alunos podem viver uma rica experi\u00eancia acad\u00eamica em uma das institui\u00e7\u00f5es de ensino superior, nacionais ou internacionais, com as quais a Unicap mant\u00e9m conv\u00eanio. Informa\u00e7\u00f5es pelo site www.unicap.br\/intercambio ou pelo [&hellip;]<\/p>\n","protected":false},"author":3,"featured_media":51151,"comment_status":"open","ping_status":"open","sticky":false,"template":"","format":"standard","meta":[],"categories":[4],"tags":[],"jetpack-related-posts":[],"_links":{"self":[{"href":"https:\/\/www1.unicap.br\/assecom1\/wp-json\/wp\/v2\/posts\/51150"}],"collection":[{"href":"https:\/\/www1.unicap.br\/assecom1\/wp-json\/wp\/v2\/posts"}],"about":[{"href":"https:\/\/www1.unicap.br\/assecom1\/wp-json\/wp\/v2\/types\/post"}],"author":[{"embeddable":true,"href":"https:\/\/www1.unicap.br\/assecom1\/wp-json\/wp\/v2\/users\/3"}],"replies":[{"embeddable":true,"href":"https:\/\/www1.unicap.br\/assecom1\/wp-json\/wp\/v2\/comments?post=51150"}],"version-history":[{"count":2,"href":"https:\/\/www1.unicap.br\/assecom1\/wp-json\/wp\/v2\/posts\/51150\/revisions"}],"predecessor-version":[{"id":51159,"href":"https:\/\/www1.unicap.br\/assecom1\/wp-json\/wp\/v2\/posts\/51150\/revisions\/51159"}],"wp:featuredmedia":[{"embeddable":true,"href":"https:\/\/www1.unicap.br\/assecom1\/wp-json\/wp\/v2\/media\/51151"}],"wp:attachment":[{"href":"https:\/\/www1.unicap.br\/assecom1\/wp-json\/wp\/v2\/media?parent=51150"}],"wp:term":[{"taxonomy":"category","embeddable":true,"href":"https:\/\/www1.unicap.br\/assecom1\/wp-json\/wp\/v2\/categories?post=51150"},{"taxonomy":"post_tag","embeddable":true,"href":"https:\/\/www1.unicap.br\/assecom1\/wp-json\/wp\/v2\/tags?post=51150"}],"curies":[{"name":"wp","href":"https:\/\/api.w.org\/{rel}","templated":true}]}}