{"id":50697,"date":"2015-01-06T15:03:24","date_gmt":"2015-01-06T18:03:24","guid":{"rendered":"http:\/\/www.unicap.br\/assecom1\/?p=50697"},"modified":"2015-01-08T16:08:27","modified_gmt":"2015-01-08T19:08:27","slug":"catolica-lamenta-falecimento-de-ex-aluno-de-relacoes-publicas","status":"publish","type":"post","link":"https:\/\/www1.unicap.br\/assecom1\/catolica-lamenta-falecimento-de-ex-aluno-de-relacoes-publicas\/","title":{"rendered":"Cat\u00f3lica lamenta falecimento de ex-aluno de Rela\u00e7\u00f5es P\u00fablicas"},"content":{"rendered":"<p><a href=\"https:\/\/i2.wp.com\/www1.unicap.br\/assecom1\/wp-content\/uploads\/2015\/01\/76559_1690209661456_5544536_n.jpg?ssl=1\"><img data-attachment-id=\"50707\" data-permalink=\"https:\/\/www1.unicap.br\/assecom1\/catolica-lamenta-falecimento-de-ex-aluno-de-relacoes-publicas\/76559_1690209661456_5544536_n\/\" data-orig-file=\"https:\/\/i2.wp.com\/www1.unicap.br\/assecom1\/wp-content\/uploads\/2015\/01\/76559_1690209661456_5544536_n.jpg?fit=160%2C160&amp;ssl=1\" data-orig-size=\"160,160\" data-comments-opened=\"1\" data-image-meta=\"{&quot;aperture&quot;:&quot;0&quot;,&quot;credit&quot;:&quot;&quot;,&quot;camera&quot;:&quot;&quot;,&quot;caption&quot;:&quot;&quot;,&quot;created_timestamp&quot;:&quot;0&quot;,&quot;copyright&quot;:&quot;&quot;,&quot;focal_length&quot;:&quot;0&quot;,&quot;iso&quot;:&quot;0&quot;,&quot;shutter_speed&quot;:&quot;0&quot;,&quot;title&quot;:&quot;&quot;,&quot;orientation&quot;:&quot;0&quot;}\" data-image-title=\"76559_1690209661456_5544536_n\" data-image-description=\"\" data-medium-file=\"https:\/\/i2.wp.com\/www1.unicap.br\/assecom1\/wp-content\/uploads\/2015\/01\/76559_1690209661456_5544536_n.jpg?fit=160%2C160&amp;ssl=1\" data-large-file=\"https:\/\/i2.wp.com\/www1.unicap.br\/assecom1\/wp-content\/uploads\/2015\/01\/76559_1690209661456_5544536_n.jpg?fit=160%2C160&amp;ssl=1\" loading=\"lazy\" class=\"alignleft size-full wp-image-50707\" src=\"https:\/\/i2.wp.com\/www1.unicap.br\/assecom1\/wp-content\/uploads\/2015\/01\/76559_1690209661456_5544536_n.jpg?resize=160%2C160&#038;ssl=1\" alt=\"76559_1690209661456_5544536_n\" srcset=\"https:\/\/i2.wp.com\/www1.unicap.br\/assecom1\/wp-content\/uploads\/2015\/01\/76559_1690209661456_5544536_n.jpg?w=160&amp;ssl=1 160w, https:\/\/i2.wp.com\/www1.unicap.br\/assecom1\/wp-content\/uploads\/2015\/01\/76559_1690209661456_5544536_n.jpg?resize=150%2C150&amp;ssl=1 150w, https:\/\/i2.wp.com\/www1.unicap.br\/assecom1\/wp-content\/uploads\/2015\/01\/76559_1690209661456_5544536_n.jpg?resize=50%2C50&amp;ssl=1 50w\" sizes=\"(max-width: 160px) 100vw, 160px\" data-recalc-dims=\"1\" \/><\/a>A Universidade Cat\u00f3lica de Pernambuco lamenta o falecimento na madrugada desta ter\u00e7a-feira (6) do ex-aluno de Rela\u00e7\u00f5es P\u00fablicas Paulo Tarc\u00edsio Magalh\u00e3es. Ele faleceu aos 38 anos em decorr\u00eancia de uma meningite. Paulinho tamb\u00e9m era jornalista e atuava na \u00e1rea de eventos. O enterro ser\u00e1 \u00e0s 17h no Cemit\u00e9rio de Santo Amaro.<\/p>\n","protected":false},"excerpt":{"rendered":"<p>A Universidade Cat\u00f3lica de Pernambuco lamenta o falecimento na madrugada desta ter\u00e7a-feira (6) do ex-aluno de Rela\u00e7\u00f5es P\u00fablicas Paulo Tarc\u00edsio Magalh\u00e3es. Ele faleceu aos 38 anos em decorr\u00eancia de uma meningite. Paulinho tamb\u00e9m era jornalista e atuava na \u00e1rea de eventos. O enterro ser\u00e1 \u00e0s 17h no Cemit\u00e9rio de Santo Amaro.<\/p>\n","protected":false},"author":2,"featured_media":50707,"comment_status":"open","ping_status":"open","sticky":false,"template":"","format":"standard","meta":[],"categories":[4],"tags":[],"jetpack-related-posts":[],"_links":{"self":[{"href":"https:\/\/www1.unicap.br\/assecom1\/wp-json\/wp\/v2\/posts\/50697"}],"collection":[{"href":"https:\/\/www1.unicap.br\/assecom1\/wp-json\/wp\/v2\/posts"}],"about":[{"href":"https:\/\/www1.unicap.br\/assecom1\/wp-json\/wp\/v2\/types\/post"}],"author":[{"embeddable":true,"href":"https:\/\/www1.unicap.br\/assecom1\/wp-json\/wp\/v2\/users\/2"}],"replies":[{"embeddable":true,"href":"https:\/\/www1.unicap.br\/assecom1\/wp-json\/wp\/v2\/comments?post=50697"}],"version-history":[{"count":6,"href":"https:\/\/www1.unicap.br\/assecom1\/wp-json\/wp\/v2\/posts\/50697\/revisions"}],"predecessor-version":[{"id":50709,"href":"https:\/\/www1.unicap.br\/assecom1\/wp-json\/wp\/v2\/posts\/50697\/revisions\/50709"}],"wp:featuredmedia":[{"embeddable":true,"href":"https:\/\/www1.unicap.br\/assecom1\/wp-json\/wp\/v2\/media\/50707"}],"wp:attachment":[{"href":"https:\/\/www1.unicap.br\/assecom1\/wp-json\/wp\/v2\/media?parent=50697"}],"wp:term":[{"taxonomy":"category","embeddable":true,"href":"https:\/\/www1.unicap.br\/assecom1\/wp-json\/wp\/v2\/categories?post=50697"},{"taxonomy":"post_tag","embeddable":true,"href":"https:\/\/www1.unicap.br\/assecom1\/wp-json\/wp\/v2\/tags?post=50697"}],"curies":[{"name":"wp","href":"https:\/\/api.w.org\/{rel}","templated":true}]}}