{"id":50439,"date":"2014-12-17T21:08:54","date_gmt":"2014-12-18T00:08:54","guid":{"rendered":"http:\/\/www.unicap.br\/assecom1\/?p=50439"},"modified":"2014-12-17T21:08:54","modified_gmt":"2014-12-18T00:08:54","slug":"catolica-realiza-provas-do-vestibular-2015-neste-sabado-e-domingo","status":"publish","type":"post","link":"https:\/\/www1.unicap.br\/assecom1\/catolica-realiza-provas-do-vestibular-2015-neste-sabado-e-domingo\/","title":{"rendered":"Cat\u00f3lica realiza provas do Vestibular 2015 neste s\u00e1bado e domingo"},"content":{"rendered":"<p>As provas do Vestibular 2015 da Universidade Cat\u00f3lica de Pernambuco ser\u00e3o realizadas neste s\u00e1bado (20) e domingo (21), a partir das 8h, no bloco G. A Comiss\u00e3o de Aplica\u00e7\u00e3o do Vestibular (Coave) recomenda aos\u00a0<i>feras<\/i>\u00a0que cheguem com uma hora de anteced\u00eancia munidos com documento de identifica\u00e7\u00e3o oficial com foto, cart\u00e3o de inscri\u00e7\u00e3o impresso e caneta esferogr\u00e1fica. Ao todo, 8.253 candidatos de 24 estados (al\u00e9m do DF) ir\u00e3o disputar 3.195 vagas em 31 cursos. Deste total de inscritos, 783 concorrer\u00e3o com a nota do Exame Nacional do Ensino M\u00e9dio 2014 (Enem).<\/p>\n<p>No s\u00e1bado (20) far\u00e3o prova os\u00a0<i>feras<\/i>\u00a0dos cursos das \u00e1reas das Ci\u00eancias Humanas, Sociais, Jur\u00eddicas e Ci\u00eancias e Tecnologia. J\u00e1 o domingo (21) ser\u00e1 dedicado aos vestibulandos dos cursos da \u00e1rea da Sa\u00fade. Al\u00e9m da Reda\u00e7\u00e3o, as provas abordar\u00e3o oito disciplinas (L\u00edngua Estrangeira \u2013 Ingl\u00eas, Espanhol ou Franc\u00eas; Portugu\u00eas; Hist\u00f3ria; Geografia; Matem\u00e1tica; F\u00edsica; Qu\u00edmica; e Biologia). Cada disciplina ter\u00e1 cinco quest\u00f5es de m\u00faltipla escolha com cinco proposi\u00e7\u00f5es cada uma, totalizando 40 quest\u00f5es.<\/p>\n<p>Os candidatos poder\u00e3o fazer a prova da Unicap (reda\u00e7\u00e3o + objetiva) ou concorrer com a nota do Enem 2013 (objetiva + reda\u00e7\u00e3o). A \u00fanica exce\u00e7\u00e3o \u00e9 para os\u00a0<i>feras<\/i>\u00a0de Medicina. Nesse caso, os candidatos poder\u00e3o fazer a prova da Unicap (reda\u00e7\u00e3o + objetiva) ou fazer a prova objetiva da Unicap e concorrer com a nota da reda\u00e7\u00e3o do Enem 2013.<\/p>\n<p>De acordo com a Coave, os candidatos dever\u00e3o usar caneta esferogr\u00e1fica de material transparente e de tinta preta ou azul. L\u00e1pis e borrachas podem ser usados no caderno de quest\u00f5es, mas na marca\u00e7\u00e3o do gabarito na folha de respostas somente a caneta. Qualquer identifica\u00e7\u00e3o de rasura poder\u00e1 anular a quest\u00e3o do candidato.<\/p>\n<p><b>Hor\u00e1rios<\/b>\u00a0&#8211; No s\u00e1bado (20), as provas ser\u00e3o realizadas das 8h \u00e0s 13h30 e no domingo (21), das 8h \u00e0s 11h30 (para quem n\u00e3o for fazer a reda\u00e7\u00e3o) e das 8h \u00e0s 13h30 (para quem for fazer a prova completa).<\/p>\n<p><b>Jornada Portas Abertas<\/b>\u00a0\u2013 A Unicap preparou uma programa\u00e7\u00e3o especial para receber os\u00a0<i>feras<\/i>\u00a0e seus acompanhantes durante os dois dias de provas. A Biblioteca ir\u00e1 disponibilizar computadores com acesso \u00e0 Internet, jornais e revistas num ambiente climatizado, al\u00e9m de diversas atividades elaboradas por professores e alunos dos cursos da Universidade.<\/p>\n<p>No s\u00e1bado (20), haver\u00e1 din\u00e2micas de grupo criadas pelo curso de Psicologia. J\u00e1 Medicina ir\u00e1 promover uma palestra sobre como enfrentar o stress da vida urbana. Cidades Criativas, Uso e Reuso da \u00c1gua, Sustentabilidade Financeira e Finan\u00e7as Pessoais ser\u00e3o os temas abordados por Publicidade, Engenharia Ambiental e Administra\u00e7\u00e3o, respectivamente.<\/p>\n<p>No domingo (21), al\u00e9m das din\u00e2micas de Psicologia, haver\u00e1 uma oficina de reabilita\u00e7\u00e3o labir\u00edntica, criada pelo curso de Fonoaudiologia, e outra sobre os cuidados com a voz, tamb\u00e9m desenvolvida por Fono e por Medicina.<\/p>\n<p>Nos dois dias, haver\u00e1 servi\u00e7os de aferi\u00e7\u00e3o de press\u00e3o arterial, c\u00e1lculo de IMC (Enfermagem); Pilates, relaxamento, osteopatia (Fisioterapia); O curso de Fotografia montar\u00e1 o\u00a0<i>St\u00fadio Fam\u00edlia<\/i>\u00a0para registrar os momentos. Funcion\u00e1rios estar\u00e3o \u00e0 disposi\u00e7\u00e3o para tirar d\u00favidas sobre bolsas e financiamentos e informa\u00e7\u00f5es sobre documenta\u00e7\u00e3o de matr\u00edcula.<\/p>\n<p><b>Bolsas de 50%<\/b>\u00a0&#8211; A Cat\u00f3lica est\u00e1 oferecendo mais de 400 bolsas de 50% no Vestibular 2015. Os interessados devem ter uma renda de at\u00e9 tr\u00eas sal\u00e1rios m\u00ednimos por membro da fam\u00edlia, n\u00e3o ter feito outra gradua\u00e7\u00e3o e ter estudado em escola p\u00fablica ou em escola particular com bolsa integral. O \u00fanico curso que n\u00e3o ser\u00e1 contemplado com bolsas \u00e9 Medicina. Mais informa\u00e7\u00f5es pelo fone 2119.4158.<\/p>\n<p><b>Bolsas para os primeiros colocados<\/b>\u00a0&#8211; Os candidatos que forem aprovados em primeiro lugar em cada um dos 31 cursos oferecidos pela Cat\u00f3lica no Vestibular 2015 ter\u00e3o direito a bolsa de 25% ao longo do curso. Na matr\u00edcula, que corresponde \u00e0 primeira mensalidade, ter\u00e3o isen\u00e7\u00e3o de 100%. Outras informa\u00e7\u00f5es podem ser obtidas pelo fone 2119-4158.<\/p>\n","protected":false},"excerpt":{"rendered":"<p>As provas do Vestibular 2015 da Universidade Cat\u00f3lica de Pernambuco ser\u00e3o realizadas neste s\u00e1bado (20) e domingo (21), a partir das 8h, no bloco G. A Comiss\u00e3o de Aplica\u00e7\u00e3o do Vestibular (Coave) recomenda aos\u00a0feras\u00a0que cheguem com uma hora de anteced\u00eancia munidos com documento de identifica\u00e7\u00e3o oficial com foto, cart\u00e3o de inscri\u00e7\u00e3o impresso e caneta esferogr\u00e1fica. [&hellip;]<\/p>\n","protected":false},"author":2,"featured_media":0,"comment_status":"open","ping_status":"open","sticky":false,"template":"","format":"standard","meta":[],"categories":[4],"tags":[],"jetpack-related-posts":[],"_links":{"self":[{"href":"https:\/\/www1.unicap.br\/assecom1\/wp-json\/wp\/v2\/posts\/50439"}],"collection":[{"href":"https:\/\/www1.unicap.br\/assecom1\/wp-json\/wp\/v2\/posts"}],"about":[{"href":"https:\/\/www1.unicap.br\/assecom1\/wp-json\/wp\/v2\/types\/post"}],"author":[{"embeddable":true,"href":"https:\/\/www1.unicap.br\/assecom1\/wp-json\/wp\/v2\/users\/2"}],"replies":[{"embeddable":true,"href":"https:\/\/www1.unicap.br\/assecom1\/wp-json\/wp\/v2\/comments?post=50439"}],"version-history":[{"count":1,"href":"https:\/\/www1.unicap.br\/assecom1\/wp-json\/wp\/v2\/posts\/50439\/revisions"}],"predecessor-version":[{"id":50440,"href":"https:\/\/www1.unicap.br\/assecom1\/wp-json\/wp\/v2\/posts\/50439\/revisions\/50440"}],"wp:attachment":[{"href":"https:\/\/www1.unicap.br\/assecom1\/wp-json\/wp\/v2\/media?parent=50439"}],"wp:term":[{"taxonomy":"category","embeddable":true,"href":"https:\/\/www1.unicap.br\/assecom1\/wp-json\/wp\/v2\/categories?post=50439"},{"taxonomy":"post_tag","embeddable":true,"href":"https:\/\/www1.unicap.br\/assecom1\/wp-json\/wp\/v2\/tags?post=50439"}],"curies":[{"name":"wp","href":"https:\/\/api.w.org\/{rel}","templated":true}]}}