{"id":50356,"date":"2014-12-11T22:36:59","date_gmt":"2014-12-12T01:36:59","guid":{"rendered":"http:\/\/www.unicap.br\/assecom1\/?p=50356"},"modified":"2014-12-12T11:17:22","modified_gmt":"2014-12-12T14:17:22","slug":"mpb-unicap-faz-ultima-apresentacao-do-ano-domingo-na-livraria-cultura","status":"publish","type":"post","link":"https:\/\/www1.unicap.br\/assecom1\/mpb-unicap-faz-ultima-apresentacao-do-ano-domingo-na-livraria-cultura\/","title":{"rendered":"MPB Unicap faz \u00faltima apresenta\u00e7\u00e3o do ano domingo na Livraria Cultura"},"content":{"rendered":"<p><img data-attachment-id=\"49025\" data-permalink=\"https:\/\/www1.unicap.br\/assecom1\/mpb-unicap-faz-show-nesta-quarta-no-dona-lindu-em-comemoracao-ao-aniversario-da-catolica\/vale-a-pena-ouvir-de-novo-mpb-unicap-1-721x1024\/\" data-orig-file=\"https:\/\/i2.wp.com\/www1.unicap.br\/assecom1\/wp-content\/uploads\/2014\/09\/vale-a-pena-ouvir-de-novo-mpb-unicap-1-721x1024.jpg?fit=721%2C1024&amp;ssl=1\" data-orig-size=\"721,1024\" data-comments-opened=\"1\" data-image-meta=\"{&quot;aperture&quot;:&quot;0&quot;,&quot;credit&quot;:&quot;&quot;,&quot;camera&quot;:&quot;&quot;,&quot;caption&quot;:&quot;&quot;,&quot;created_timestamp&quot;:&quot;0&quot;,&quot;copyright&quot;:&quot;&quot;,&quot;focal_length&quot;:&quot;0&quot;,&quot;iso&quot;:&quot;0&quot;,&quot;shutter_speed&quot;:&quot;0&quot;,&quot;title&quot;:&quot;&quot;}\" data-image-title=\"vale-a-pena-ouvir-de-novo-mpb-unicap-1-721&#215;1024\" data-image-description=\"\" data-medium-file=\"https:\/\/i2.wp.com\/www1.unicap.br\/assecom1\/wp-content\/uploads\/2014\/09\/vale-a-pena-ouvir-de-novo-mpb-unicap-1-721x1024.jpg?fit=211%2C300&amp;ssl=1\" data-large-file=\"https:\/\/i2.wp.com\/www1.unicap.br\/assecom1\/wp-content\/uploads\/2014\/09\/vale-a-pena-ouvir-de-novo-mpb-unicap-1-721x1024.jpg?fit=640%2C909&amp;ssl=1\" loading=\"lazy\" class=\"alignleft wp-image-49025 \" src=\"https:\/\/i2.wp.com\/www1.unicap.br\/assecom1\/wp-content\/uploads\/2014\/09\/vale-a-pena-ouvir-de-novo-mpb-unicap-1-721x1024.jpg?resize=321%2C456&#038;ssl=1\" alt=\"vale-a-pena-ouvir-de-novo-mpb-unicap-1-721x1024\" srcset=\"https:\/\/i2.wp.com\/www1.unicap.br\/assecom1\/wp-content\/uploads\/2014\/09\/vale-a-pena-ouvir-de-novo-mpb-unicap-1-721x1024.jpg?resize=211%2C300&amp;ssl=1 211w, https:\/\/i2.wp.com\/www1.unicap.br\/assecom1\/wp-content\/uploads\/2014\/09\/vale-a-pena-ouvir-de-novo-mpb-unicap-1-721x1024.jpg?resize=721%2C1024&amp;ssl=1 721w\" sizes=\"(max-width: 321px) 100vw, 321px\" data-recalc-dims=\"1\" \/>O MPB Unicap vai realizar sua \u00faltima apresenta\u00e7\u00e3o de 2014 neste domingo, \u00e0s 17h, no audit\u00f3rio da Livraria Cultura, no Pa\u00e7o Alf\u00e2ndega. O espet\u00e1culo Vale a Pena Ouvir de Novo &#8211; Temas de Novelas \u00e9 inspirado nas m\u00fasicas de abertura de v\u00e1rios folhetins televisivos.<\/p>\n<p>&nbsp;<\/p>\n<p>&nbsp;<\/p>\n<p>&nbsp;<\/p>\n<p>&nbsp;<\/p>\n<p>&nbsp;<\/p>\n","protected":false},"excerpt":{"rendered":"<p>O MPB Unicap vai realizar sua \u00faltima apresenta\u00e7\u00e3o de 2014 neste domingo, \u00e0s 17h, no audit\u00f3rio da Livraria Cultura, no Pa\u00e7o Alf\u00e2ndega. O espet\u00e1culo Vale a Pena Ouvir de Novo &#8211; Temas de Novelas \u00e9 inspirado nas m\u00fasicas de abertura de v\u00e1rios folhetins televisivos. &nbsp; &nbsp; &nbsp; &nbsp; &nbsp;<\/p>\n","protected":false},"author":2,"featured_media":49025,"comment_status":"open","ping_status":"open","sticky":false,"template":"","format":"standard","meta":[],"categories":[4],"tags":[],"jetpack-related-posts":[],"_links":{"self":[{"href":"https:\/\/www1.unicap.br\/assecom1\/wp-json\/wp\/v2\/posts\/50356"}],"collection":[{"href":"https:\/\/www1.unicap.br\/assecom1\/wp-json\/wp\/v2\/posts"}],"about":[{"href":"https:\/\/www1.unicap.br\/assecom1\/wp-json\/wp\/v2\/types\/post"}],"author":[{"embeddable":true,"href":"https:\/\/www1.unicap.br\/assecom1\/wp-json\/wp\/v2\/users\/2"}],"replies":[{"embeddable":true,"href":"https:\/\/www1.unicap.br\/assecom1\/wp-json\/wp\/v2\/comments?post=50356"}],"version-history":[{"count":3,"href":"https:\/\/www1.unicap.br\/assecom1\/wp-json\/wp\/v2\/posts\/50356\/revisions"}],"predecessor-version":[{"id":50359,"href":"https:\/\/www1.unicap.br\/assecom1\/wp-json\/wp\/v2\/posts\/50356\/revisions\/50359"}],"wp:featuredmedia":[{"embeddable":true,"href":"https:\/\/www1.unicap.br\/assecom1\/wp-json\/wp\/v2\/media\/49025"}],"wp:attachment":[{"href":"https:\/\/www1.unicap.br\/assecom1\/wp-json\/wp\/v2\/media?parent=50356"}],"wp:term":[{"taxonomy":"category","embeddable":true,"href":"https:\/\/www1.unicap.br\/assecom1\/wp-json\/wp\/v2\/categories?post=50356"},{"taxonomy":"post_tag","embeddable":true,"href":"https:\/\/www1.unicap.br\/assecom1\/wp-json\/wp\/v2\/tags?post=50356"}],"curies":[{"name":"wp","href":"https:\/\/api.w.org\/{rel}","templated":true}]}}