{"id":50314,"date":"2014-12-10T14:44:19","date_gmt":"2014-12-10T17:44:19","guid":{"rendered":"http:\/\/www.unicap.br\/assecom1\/?p=50314"},"modified":"2014-12-10T14:44:19","modified_gmt":"2014-12-10T17:44:19","slug":"catolica-abre-inscricoes-para-o-curso-de-especializacao-o-uso-de-novas-tecnologias-para-o-ensino-de-linguas-estrangeiras","status":"publish","type":"post","link":"https:\/\/www1.unicap.br\/assecom1\/catolica-abre-inscricoes-para-o-curso-de-especializacao-o-uso-de-novas-tecnologias-para-o-ensino-de-linguas-estrangeiras\/","title":{"rendered":"Cat\u00f3lica abre inscri\u00e7\u00f5es para o curso de especializa\u00e7\u00e3o O Uso de Novas Tecnologias para o Ensino de L\u00ednguas Estrangeiras"},"content":{"rendered":"<p>&nbsp;<\/p>\n<p>A Universidade Cat\u00f3lica de Pernambuco est\u00e1 com inscri\u00e7\u00f5es abertas para o curso de especializa\u00e7\u00e3o O Uso de Novas Tecnologias para o Ensino de L\u00ednguas Estrangeiras. Os interessados devem se inscrever no www.unicap.br\/especializacao at\u00e9 27 de fevereiro. As aulas dever\u00e3o ter in\u00edcio no dia 20 de mar\u00e7o.<\/p>\n<p>O curso, cujas aulas ser\u00e3o realizadas \u00e0s sextas-feiras, das 18h30 \u00e0s 22h, e aos s\u00e1bados, das 13h30 \u00e0s 18h e que tem a coordena\u00e7\u00e3o da Prof\u00aa Fl\u00e1via Ramos, tem como objetivo propiciar ao professor de l\u00edngua estrangeira oportunidade para aprofundar seus conhecimentos quanto ao uso das novas t\u00e9cnicas de ensino, a partir de ferramentas tecnol\u00f3gicas e digitais.<\/p>\n<p>A especializa\u00e7\u00e3o, com dura\u00e7\u00e3o de 15 meses, destina-se, preferencialmente, a professores de l\u00edngua estrangeira com forma\u00e7\u00e3o de n\u00edvel superior e\/ou demais interessados no processo de ensino e aprendizagem de idiomas oriundos de diversas \u00e1reas do conhecimento.<\/p>\n<p>&nbsp;<\/p>\n<p><strong>ESTRUTURA CURRICULAR<\/strong>:<\/p>\n<ul>\n<li>Fundamentos do Ensino de L\u00edngua Estrangeira: princ\u00edpios, m\u00e9todos e pedagogia, 30h\/a.<\/li>\n<li>Habilidades Lingu\u00edsticas Receptivas e Produtivas, 30h\/a.<\/li>\n<li>M\u00e9todos e T\u00e9cnicas de Ensino de L\u00ednguas para Crian\u00e7as, 30h\/a.<\/li>\n<li>M\u00e9todos e T\u00e9cnicas de Ensino de L\u00ednguas para Adolescentes, 30h\/a.<\/li>\n<li>M\u00e9todos e T\u00e9cnicas de Ensino de L\u00ednguas para Adultos, 30h\/a.<\/li>\n<li>Metodologia de Pesquisa Cient\u00edfica, 30h\/a.<\/li>\n<li>Uso de Novas Tecnologias no Ensino de l\u00ednguas (Mobile Learning), 30h\/a.<\/li>\n<li>E-learning &amp; Flip teaching &#8211; ensino e aprendizagem virtual e presencial, 30h\/a.<\/li>\n<li>\u201cGamifica\u00e7\u00e3o\u201d da Aprendizagem, 30h\/a.<\/li>\n<li>Did\u00e1tica do Ensino Superior, 30h\/a.<\/li>\n<li>T\u00e9cnicas de Ensino, 30h\/a.<\/li>\n<li>Tecnologia e Ensino de idiomas: pr\u00e1ticas em Esta\u00e7\u00f5es de Aprendizagem, 30h\/a.<\/li>\n<\/ul>\n<p><strong>\u00a0<\/strong><\/p>\n<p><strong>CORPO DOCENTE<\/strong>:<\/p>\n<ul>\n<li>Paula Mendes Costa, Mestra<\/li>\n<li>T\u00e2nia Maria Di\u00f4go do Nascimento, Mestra<\/li>\n<li>Simone Barbosa Serique, Especialista.<\/li>\n<li>Ana Carla Medeiros Teles, Mestra.<\/li>\n<li>Carla Lima Richter, Mestra<\/li>\n<li>Felipe Casado de Lucena, Mestre.<\/li>\n<li>Annie Lezan Bittencourt de Moura, Mestra<\/li>\n<li>Hugo de Albuquerque Moura, Especialista.<\/li>\n<li>Ant\u00f4nio Henrique Coutelo de Moraes, Mestre.<\/li>\n<li>Fl\u00e1via Tavares da Costa Ramos, Mestra<\/li>\n<li>Patricia Santos da Silva, Especialista<\/li>\n<\/ul>\n<p>&nbsp;<\/p>\n<p><strong>INFORMA\u00c7\u00d5ES:<\/strong><\/p>\n<p>Secretaria dos Cursos de Especializa\u00e7\u00e3o<\/p>\n<p>Rua Almeida Cunha, 245, bloco G4, 3\u00ba andar, sala 304, Boa Vista, Recife\/PE &#8211; CEP: 50.050-900. Telefone: (81) 2119.4134\/4406.<\/p>\n<p>Hor\u00e1rio de atendimento: segunda a sexta-feira das 14 \u00e0s 17h e 18 \u00e0s 20h30. S\u00e1bado das 8h30 \u00e0s 11h30.<\/p>\n","protected":false},"excerpt":{"rendered":"<p>&nbsp; A Universidade Cat\u00f3lica de Pernambuco est\u00e1 com inscri\u00e7\u00f5es abertas para o curso de especializa\u00e7\u00e3o O Uso de Novas Tecnologias para o Ensino de L\u00ednguas Estrangeiras. Os interessados devem se inscrever no www.unicap.br\/especializacao at\u00e9 27 de fevereiro. As aulas dever\u00e3o ter in\u00edcio no dia 20 de mar\u00e7o. O curso, cujas aulas ser\u00e3o realizadas \u00e0s sextas-feiras, [&hellip;]<\/p>\n","protected":false},"author":2,"featured_media":0,"comment_status":"open","ping_status":"open","sticky":false,"template":"","format":"standard","meta":[],"categories":[4],"tags":[],"jetpack-related-posts":[],"_links":{"self":[{"href":"https:\/\/www1.unicap.br\/assecom1\/wp-json\/wp\/v2\/posts\/50314"}],"collection":[{"href":"https:\/\/www1.unicap.br\/assecom1\/wp-json\/wp\/v2\/posts"}],"about":[{"href":"https:\/\/www1.unicap.br\/assecom1\/wp-json\/wp\/v2\/types\/post"}],"author":[{"embeddable":true,"href":"https:\/\/www1.unicap.br\/assecom1\/wp-json\/wp\/v2\/users\/2"}],"replies":[{"embeddable":true,"href":"https:\/\/www1.unicap.br\/assecom1\/wp-json\/wp\/v2\/comments?post=50314"}],"version-history":[{"count":1,"href":"https:\/\/www1.unicap.br\/assecom1\/wp-json\/wp\/v2\/posts\/50314\/revisions"}],"predecessor-version":[{"id":50315,"href":"https:\/\/www1.unicap.br\/assecom1\/wp-json\/wp\/v2\/posts\/50314\/revisions\/50315"}],"wp:attachment":[{"href":"https:\/\/www1.unicap.br\/assecom1\/wp-json\/wp\/v2\/media?parent=50314"}],"wp:term":[{"taxonomy":"category","embeddable":true,"href":"https:\/\/www1.unicap.br\/assecom1\/wp-json\/wp\/v2\/categories?post=50314"},{"taxonomy":"post_tag","embeddable":true,"href":"https:\/\/www1.unicap.br\/assecom1\/wp-json\/wp\/v2\/tags?post=50314"}],"curies":[{"name":"wp","href":"https:\/\/api.w.org\/{rel}","templated":true}]}}