{"id":50299,"date":"2014-12-10T10:40:06","date_gmt":"2014-12-10T13:40:06","guid":{"rendered":"http:\/\/www.unicap.br\/assecom1\/?p=50299"},"modified":"2014-12-10T12:48:53","modified_gmt":"2014-12-10T15:48:53","slug":"publicitario-da-unicap-participara-de-encontro-nacional-de-audio-descricao","status":"publish","type":"post","link":"https:\/\/www1.unicap.br\/assecom1\/publicitario-da-unicap-participara-de-encontro-nacional-de-audio-descricao\/","title":{"rendered":"Publicit\u00e1rio da Assessoria de Comunica\u00e7\u00e3o da Unicap participar\u00e1 de encontro nacional de \u00e1udio-descri\u00e7\u00e3o"},"content":{"rendered":"<p>O publicit\u00e1rio da Assessoria de Comunica\u00e7\u00e3o Social da Universidade Cat\u00f3lica de Pernambuco Milton Carvalho ser\u00e1\u00a0palestrante\u00a0de duas mesas- redondas e mediador em um debate do Encontro Nacional de \u00c1udio-descri\u00e7\u00e3o em Estudo (Enades 2015). O evento ir\u00e1 acontecer entre os pr\u00f3ximos dias 13 e 17 de janeiro em Colatina, no estado do Esp\u00edrito Santo. Outras informa\u00e7\u00f5es podem ser obtidas pelo site\u00a0<a href=\"http:\/\/www.enades.com.br\/\" target=\"_blank\">www.enades.com.br<\/a>.<\/p>\n","protected":false},"excerpt":{"rendered":"<p>O publicit\u00e1rio da Assessoria de Comunica\u00e7\u00e3o Social da Universidade Cat\u00f3lica de Pernambuco Milton Carvalho ser\u00e1\u00a0palestrante\u00a0de duas mesas- redondas e mediador em um debate do Encontro Nacional de \u00c1udio-descri\u00e7\u00e3o em Estudo (Enades 2015). O evento ir\u00e1 acontecer entre os pr\u00f3ximos dias 13 e 17 de janeiro em Colatina, no estado do Esp\u00edrito Santo. Outras informa\u00e7\u00f5es podem [&hellip;]<\/p>\n","protected":false},"author":8,"featured_media":0,"comment_status":"open","ping_status":"open","sticky":false,"template":"","format":"standard","meta":[],"categories":[4],"tags":[],"jetpack-related-posts":[],"_links":{"self":[{"href":"https:\/\/www1.unicap.br\/assecom1\/wp-json\/wp\/v2\/posts\/50299"}],"collection":[{"href":"https:\/\/www1.unicap.br\/assecom1\/wp-json\/wp\/v2\/posts"}],"about":[{"href":"https:\/\/www1.unicap.br\/assecom1\/wp-json\/wp\/v2\/types\/post"}],"author":[{"embeddable":true,"href":"https:\/\/www1.unicap.br\/assecom1\/wp-json\/wp\/v2\/users\/8"}],"replies":[{"embeddable":true,"href":"https:\/\/www1.unicap.br\/assecom1\/wp-json\/wp\/v2\/comments?post=50299"}],"version-history":[{"count":3,"href":"https:\/\/www1.unicap.br\/assecom1\/wp-json\/wp\/v2\/posts\/50299\/revisions"}],"predecessor-version":[{"id":50309,"href":"https:\/\/www1.unicap.br\/assecom1\/wp-json\/wp\/v2\/posts\/50299\/revisions\/50309"}],"wp:attachment":[{"href":"https:\/\/www1.unicap.br\/assecom1\/wp-json\/wp\/v2\/media?parent=50299"}],"wp:term":[{"taxonomy":"category","embeddable":true,"href":"https:\/\/www1.unicap.br\/assecom1\/wp-json\/wp\/v2\/categories?post=50299"},{"taxonomy":"post_tag","embeddable":true,"href":"https:\/\/www1.unicap.br\/assecom1\/wp-json\/wp\/v2\/tags?post=50299"}],"curies":[{"name":"wp","href":"https:\/\/api.w.org\/{rel}","templated":true}]}}