{"id":50288,"date":"2014-12-09T13:52:58","date_gmt":"2014-12-09T16:52:58","guid":{"rendered":"http:\/\/www.unicap.br\/assecom1\/?p=50288"},"modified":"2014-12-09T13:52:58","modified_gmt":"2014-12-09T16:52:58","slug":"unicap-colabora-para-o-dialogo-entre-espiritualidades","status":"publish","type":"post","link":"https:\/\/www1.unicap.br\/assecom1\/unicap-colabora-para-o-dialogo-entre-espiritualidades\/","title":{"rendered":"Unicap colabora para o di\u00e1logo entre espiritualidades"},"content":{"rendered":"<div id=\"stcpDiv\">\n<div id=\"content\" class=\"clearfix hfeed\">\n<div id=\"content-main\" class=\"clearfix grid_8\">\n<div id=\"post-1408\" class=\"post-1408 post type-post status-publish format-standard hentry category-noticias clearfix post\">\n<div class=\"entry clearfix\">\n<h1 class=\"post-title entry-title\"><\/h1>\n<div class=\"post-meta clearfix\">\u00a0A TV Brasil est\u00e1 estreando nesta semana duas s\u00e9ries que tratam da diversidade religiosa brasileira e favorecem o di\u00e1logo entre as espiritualidades. Ao inv\u00e9s de transmitir missas e cultos, a TV p\u00fablica, instada por organismos como o <a href=\"http:\/\/www.unicap.br\/observatorio2\/?p=852\" target=\"_blank\">Comit\u00ea de Respeito \u00e0 Diversidade Religiosa<\/a>, come\u00e7a a organizar programas que refletem de modo educativo e cr\u00edtico sobre todos os ritos e cren\u00e7as da nossa gente. E temos orgulho de colaborar com esse novo tempo, mais pluralista, democr\u00e1tico e libert\u00e1rio. O nosso Observat\u00f3rio Transdisciplinar das Religi\u00f5es no Recife ajudou na concep\u00e7\u00e3o e o professor Gilbraz Arag\u00e3o vai aparecer nos programas. As s\u00e9ries ser\u00e3o transmitidas nas quartas e quintas \u00e0s 20h de Bras\u00edlia (19h no Recife) e reprisados nas manh\u00e3s de domingo, nos canais abertos e assinados da rede TV Brasil, bem como na <a href=\"http:\/\/tvbrasil.ebc.com.br\/webtv\" target=\"_blank\">WebTV<\/a> pelo site da emissora. Os v\u00eddeos podem ainda ser vistos nas p\u00e1ginas dos programas, como indicado abaixo. A seguir a divulga\u00e7\u00e3o da\u00a0<a href=\"http:\/\/www.ebc.com.br\/sobre-a-ebc\/sala-de-imprensa\/2014\/12\/tv-brasil-estreia-duas-series-que-tratam-da-diversidade\" target=\"_blank\">sala de imprensa EBC<\/a>\u00a0e acima o trailer do \u201cEntre o c\u00e9u e a terra\u201d.<\/div>\n<div class=\"entry-content clearfix\">\n<p>\u201cQuem sintonizar a TV Brasil na quarta (10) e na quinta-feira (11), \u00e0s 20h, acompanhar\u00e1 duas s\u00e9ries que tratam de religi\u00e3o e religiosidade no Brasil. Entre o C\u00e9u e a Terra, produzida pela Realejo Filmes, e Retratos da F\u00e9, da Aldeia Produ\u00e7\u00f5es, foram vencedoras de dois concursos realizados em 2013. Um deles tinha como objetivo selecionar programas que abordassem temas filos\u00f3ficos e culturais ligados \u00e0 religiosidade sob uma perspectiva jornal\u00edstica, abrindo espa\u00e7o plural de debate e reflex\u00f5es sobre as religi\u00f5es e cren\u00e7as que existem no pa\u00eds. E o outro, que trouxesse para a tela da TV a possibilidade de cada grupo religioso transmitir sua mensagem de f\u00e9 e expressar o sagrado de sua doutrina de forma direta, sem nenhum tipo de media\u00e7\u00e3o ou interfer\u00eancia.<\/p>\n<p>A primeira a ir ao ar, na quarta-feira, \u00e9 Entre o C\u00e9u e a Terra, que, a cada semana, trar\u00e1 um tema diferente apresentado sob a vis\u00e3o de diversas lideran\u00e7as espirituais, de especialistas de outras \u00e1reas do saber, como fil\u00f3sofos(as), psicanalistas, soci\u00f3logos(as), cientistas da religi\u00e3o, te\u00f3logos(as), e de ateus e agn\u00f3sticos. Os temas abrangem quest\u00f5es da experi\u00eancia humana como sexo, dinheiro, vida ap\u00f3s a morte, al\u00e9m de mist\u00e9rios do universo religioso como espa\u00e7os sagrados, ritos e rituais, s\u00edmbolos e representa\u00e7\u00f5es.<\/p>\n<p>O formato de Entre o C\u00e9u e a Terra combina o document\u00e1rio (na forma de entrevistas) com fic\u00e7\u00e3o. Em cada epis\u00f3dio, Alberto, um bi\u00f3logo, observador dos fen\u00f4menos da vida e do comportamento, come\u00e7a a indagar-se sobre quest\u00f5es comuns aos homens e mulheres de todos os tempos como a origem do mundo, o que \u00e9 deus, qual \u00e9 o sentido da exist\u00eancia, porque ajudamos os outros, porque nos organizamos em fam\u00edlias e outras tantas reflex\u00f5es.<\/p>\n<p>Entre o C\u00e9u e a Terra apresentar\u00e1, entre outras vis\u00f5es, o que pensam os mu\u00e7ulmanos sobre o adult\u00e9rio no epis\u00f3dio Amor e casamento; o que tem a nos dizer a Seicho-No-Ie do Brasil sobre Natureza; o Santo Daime sobre Comunidade e Pertencimento; a Igreja Batista sobre O Bem e o Mal; a Igreja Cat\u00f3lica sobre Milagres; o Espiritismo sobre Solidariedade, entre outras religi\u00f5es que participar\u00e3o dos epis\u00f3dios a cada semana.<\/p>\n<p>No epis\u00f3dio de estreia de Entre o C\u00e9u e a Terra, o bi\u00f3logo Alberto mergulha em uma crise sobre suas certezas cient\u00edficas no dia da morte de seu pai e sai em uma jornada rumo a novas descobertas. Partindo das indaga\u00e7\u00f5es de Alberto, lideran\u00e7as espirituais e especialistas de outros saberes apresentam suas cren\u00e7as de como seria essa p\u00f3s-vida, as implica\u00e7\u00f5es existenciais da f\u00e9 em uma vida p\u00f3s-morte, e as implica\u00e7\u00f5es \u00e9ticas de n\u00e3o se acreditar em um plano espiritual.<\/p>\n<p>O programa trar\u00e1 depoimentos de representantes de algumas cren\u00e7as professadas no Brasil, como do Candombl\u00e9, por meio da baiana Makota Valdina, para quem \u201ca gente quer ser feliz aqui e agora\u201d; do islamismo, representado pelo Imam Sami Isbelle, que nos conta como ser\u00e1 o para\u00edso para os mu\u00e7ulmanos; da possibilidade de comunica\u00e7\u00e3o com os mortos para os esp\u00edritas; da terra sem males do povo Guarani na voz de Kak\u00e1 Wer\u00e1; do fil\u00f3sofo Renato Janine Ribeiro, do te\u00f3logo pernambucano Gilbraz Arag\u00e3o; do ateu, Daniel Sottomaior, entre outros.<\/p>\n<p>Na quinta-feira (11), a s\u00e9rie Retratos da F\u00e9 abre ent\u00e3o espac\u0327o para que um determinado credo se expresse livremente, apresentando suas concepc\u0327o\u0303es, crenc\u0327as, cerimo\u0302nias, vive\u0302ncias e manifestac\u0327o\u0303es religiosas, num verdadeiro aprofundamento de uma cultura religiosa. Entre os temas que vir\u00e3o: Adventista, Bola de Neve, Daime, Islamismo, M\u00f3rmons, Presbiteriana, Vale do Amanhecer, Cat\u00f3lica Ortodoxa, e muito mais.<\/p>\n<p>J\u00e1 o epis\u00f3dio de estreia de Retratos de F\u00e9 mostra como o Islamismo \u00e9 professado em algumas localidades brasileiras. Em S\u00e3o Paulo, o telespectador conhecer\u00e1 a Mesquita Brasil e o Sheik iraniano rec\u00e9m-formado, Abdul Hamide, que fala como foi o seu processo de forma\u00e7\u00e3o, como est\u00e1 a sua adapta\u00e7\u00e3o no Brasil e qual a import\u00e2ncia da sua escolha para ele e sua fam\u00edlia. Em Foz do Igua\u00e7u, ber\u00e7o no Islamismo no Brasil, o Sheik Abdul Nasser, de origem libanesa, explica os cinco pilares do isl\u00e3o: a recita\u00e7\u00e3o e a aceita\u00e7\u00e3o da cren\u00e7a, orar cinco vezes ao dia, pagar esmola, observar jejum do Ramad\u00e3o e peregrinar a Meca. Todos os dias ele lidera as ora\u00e7\u00f5es na Mesquita Branca. Em Manaus, o jornalista Anwar Assi, que nasceu em fam\u00edlia isl\u00e2mica, visita a primeira Mesquita de Manaus, que ficou pronta em 2012, apesar da grande comunidade que existe naquela regi\u00e3o. Ele conta da sua expectativa para uma futura visita a Meca. Em Curitiba, um casal de brasileiros que se converteu recentemente ao islamismo conta porque optou pela convers\u00e3o e como foi o processo de adapta\u00e7\u00e3o aos novos h\u00e1bitos de vida. Comerciantes, eles n\u00e3o abrem m\u00e3o de fazer as cinco ora\u00e7\u00f5es por dia e praticar diariamente todos os ensinamentos do islamismo\u201d.<\/p>\n<p>&nbsp;<\/p>\n<\/div>\n<\/div>\n<\/div>\n<div id=\"comment-form-wrap\" class=\"clearfix\">\n<div id=\"respond\">\n<form id=\"commentform\" action=\"http:\/\/www.unicap.br\/observatorio2\/wp-comments-post.php\" method=\"post\">\n<p class=\"comment-form-url clearfix\">\u00a0<input id=\"url\" class=\"graphene-form-field\" name=\"url\" type=\"text\" value=\"\" \/><\/p>\n<p id=\"comment\" class=\"graphene-form-field\"><label class=\"graphene_form_label\" for=\"comment\"><\/label><\/p>\n<\/form>\n<\/div>\n<\/div>\n<\/div>\n<div id=\"sidebar1\" class=\"sidebar grid_4\">\n<div id=\"youtubefeederwidget-2\" class=\"sidebar-wrap clearfix widget_youtubefeederwidget\">\n<div class=\"youtubeFeeder youtubeFeederlist\">\n<div class=\"youtubeTitle\"><\/div>\n<div class=\"youtubeVideo\"><\/div>\n<div class=\"youtubeTitle\"><\/div>\n<div class=\"youtubeVideo\"><\/div>\n<div class=\"youtubeTitle\"><\/div>\n<div class=\"youtubeVideo\"><\/div>\n<div class=\"youtubeTitle\"><\/div>\n<div class=\"youtubeVideo\"><\/div>\n<div class=\"youtubeTitle\"><\/div>\n<div class=\"youtubeVideo\"><\/div>\n<div class=\"youtubeTitle\"><\/div>\n<div class=\"youtubeVideo\"><\/div>\n<div class=\"youtubeTitle\"><\/div>\n<div class=\"youtubeVideo\"><\/div>\n<div class=\"youtubeTitle\"><\/div>\n<div class=\"youtubeVideo\"><\/div>\n<div class=\"youtubeTitle\"><\/div>\n<div class=\"youtubeVideo\"><\/div>\n<div class=\"youtubeTitle\"><\/div>\n<div class=\"youtubeVideo\"><\/div>\n<div class=\"youtubeTitle\"><\/div>\n<div class=\"youtubeVideo\"><\/div>\n<div class=\"youtubeTitle\"><\/div>\n<\/div>\n<\/div>\n<\/div>\n<\/div>\n<\/div>\n","protected":false},"excerpt":{"rendered":"<p>\u00a0A TV Brasil est\u00e1 estreando nesta semana duas s\u00e9ries que tratam da diversidade religiosa brasileira e favorecem o di\u00e1logo entre as espiritualidades. Ao inv\u00e9s de transmitir missas e cultos, a TV p\u00fablica, instada por organismos como o Comit\u00ea de Respeito \u00e0 Diversidade Religiosa, come\u00e7a a organizar programas que refletem de modo educativo e cr\u00edtico sobre [&hellip;]<\/p>\n","protected":false},"author":2,"featured_media":0,"comment_status":"open","ping_status":"open","sticky":false,"template":"","format":"standard","meta":[],"categories":[4],"tags":[],"jetpack-related-posts":[],"_links":{"self":[{"href":"https:\/\/www1.unicap.br\/assecom1\/wp-json\/wp\/v2\/posts\/50288"}],"collection":[{"href":"https:\/\/www1.unicap.br\/assecom1\/wp-json\/wp\/v2\/posts"}],"about":[{"href":"https:\/\/www1.unicap.br\/assecom1\/wp-json\/wp\/v2\/types\/post"}],"author":[{"embeddable":true,"href":"https:\/\/www1.unicap.br\/assecom1\/wp-json\/wp\/v2\/users\/2"}],"replies":[{"embeddable":true,"href":"https:\/\/www1.unicap.br\/assecom1\/wp-json\/wp\/v2\/comments?post=50288"}],"version-history":[{"count":1,"href":"https:\/\/www1.unicap.br\/assecom1\/wp-json\/wp\/v2\/posts\/50288\/revisions"}],"predecessor-version":[{"id":50289,"href":"https:\/\/www1.unicap.br\/assecom1\/wp-json\/wp\/v2\/posts\/50288\/revisions\/50289"}],"wp:attachment":[{"href":"https:\/\/www1.unicap.br\/assecom1\/wp-json\/wp\/v2\/media?parent=50288"}],"wp:term":[{"taxonomy":"category","embeddable":true,"href":"https:\/\/www1.unicap.br\/assecom1\/wp-json\/wp\/v2\/categories?post=50288"},{"taxonomy":"post_tag","embeddable":true,"href":"https:\/\/www1.unicap.br\/assecom1\/wp-json\/wp\/v2\/tags?post=50288"}],"curies":[{"name":"wp","href":"https:\/\/api.w.org\/{rel}","templated":true}]}}