{"id":50048,"date":"2014-11-24T13:39:03","date_gmt":"2014-11-24T16:39:03","guid":{"rendered":"http:\/\/www.unicap.br\/assecom1\/?p=50048"},"modified":"2014-11-24T14:51:56","modified_gmt":"2014-11-24T17:51:56","slug":"liceu-nobrega-realiza-feira-de-conhecimentos","status":"publish","type":"post","link":"https:\/\/www1.unicap.br\/assecom1\/liceu-nobrega-realiza-feira-de-conhecimentos\/","title":{"rendered":"Liceu N\u00f3brega realiza Feira de Conhecimentos"},"content":{"rendered":"<p style=\"text-align: justify;\">Na manh\u00e3 deste s\u00e1bado (22), o Col\u00e9gio Liceu N\u00f3brega promoveu a Feira de Conhecimentos anual. Com o tema &#8220;Como melhorar o mundo e torn\u00e1-lo mais humano&#8221;, os alunos trataram de assuntos j\u00e1 conhecidos pelo p\u00fablico, mas que merecem mais aten\u00e7\u00e3o.<\/p>\n<p style=\"text-align: justify;\">Entre os v\u00e1rios temas relacionados \u00e0 reciclagem, os alunos mostravam brinquedos, enfeites e at\u00e9 mesmo instrumentos musicais feitos com materiais recicl\u00e1veis. O lado social tamb\u00e9m foi abordado, como viol\u00eancia infantil, igualdade, dan\u00e7a como meio de educa\u00e7\u00e3o, solidariedade, raz\u00f5es para ser volunt\u00e1rio, gentileza, inclus\u00e3o social, amor ao pr\u00f3ximo etc. O preconceito foi destacado entre os v\u00e1rios temas devido \u00e0 sua import\u00e2ncia, seja por sexo, cor, classe social ou modo de vida.<\/p>\n<p style=\"text-align: justify;\"><a href=\"https:\/\/i0.wp.com\/www1.unicap.br\/assecom1\/wp-content\/uploads\/2014\/11\/procrianca.jpg?ssl=1\"><img data-attachment-id=\"50051\" data-permalink=\"https:\/\/www1.unicap.br\/assecom1\/liceu-nobrega-realiza-feira-de-conhecimentos\/procrianca\/\" data-orig-file=\"https:\/\/i0.wp.com\/www1.unicap.br\/assecom1\/wp-content\/uploads\/2014\/11\/procrianca.jpg?fit=222%2C180&amp;ssl=1\" data-orig-size=\"222,180\" data-comments-opened=\"1\" data-image-meta=\"{&quot;aperture&quot;:&quot;0&quot;,&quot;credit&quot;:&quot;&quot;,&quot;camera&quot;:&quot;&quot;,&quot;caption&quot;:&quot;&quot;,&quot;created_timestamp&quot;:&quot;0&quot;,&quot;copyright&quot;:&quot;&quot;,&quot;focal_length&quot;:&quot;0&quot;,&quot;iso&quot;:&quot;0&quot;,&quot;shutter_speed&quot;:&quot;0&quot;,&quot;title&quot;:&quot;&quot;}\" data-image-title=\"procrianca\" data-image-description=\"\" data-medium-file=\"https:\/\/i0.wp.com\/www1.unicap.br\/assecom1\/wp-content\/uploads\/2014\/11\/procrianca.jpg?fit=222%2C180&amp;ssl=1\" data-large-file=\"https:\/\/i0.wp.com\/www1.unicap.br\/assecom1\/wp-content\/uploads\/2014\/11\/procrianca.jpg?fit=222%2C180&amp;ssl=1\" loading=\"lazy\" class=\"alignleft wp-image-50051 size-full\" src=\"https:\/\/i0.wp.com\/www1.unicap.br\/assecom1\/wp-content\/uploads\/2014\/11\/procrianca.jpg?resize=222%2C180&#038;ssl=1\" alt=\"procrianca\" srcset=\"https:\/\/i0.wp.com\/www1.unicap.br\/assecom1\/wp-content\/uploads\/2014\/11\/procrianca.jpg?w=222&amp;ssl=1 222w, https:\/\/i0.wp.com\/www1.unicap.br\/assecom1\/wp-content\/uploads\/2014\/11\/procrianca.jpg?resize=50%2C40&amp;ssl=1 50w\" sizes=\"(max-width: 222px) 100vw, 222px\" data-recalc-dims=\"1\" \/><\/a>Entre as ONGs e associa\u00e7\u00f5es envolvidas com causas sociais, uma \u00eanfase especial foi dada ao Movimento Pr\u00f3-Crian\u00e7a(MPC). Fundado em 1993, o MPC busca promover o direito \u00e0 cidadania de crian\u00e7as e adolescentes em situa\u00e7\u00e3o de risco ou abandono. Dados divulgados pelo Centro Interuniversit\u00e1rio de Estudos da Am\u00e9rica Latina (CIELA) apontam uma diminui\u00e7\u00e3o de crimes praticados por adolescentes no Estado de Pernambuco desde o in\u00edcio do movimento.<\/p>\n<p style=\"text-align: justify;\">Marcas famosas como Coca-Cola, Natura e Google marcaram presen\u00e7a na Feira de Conhecimentos a partir de estandes montados na \u00e1rea externa do col\u00e9gio.<\/p>\n","protected":false},"excerpt":{"rendered":"<p>Na manh\u00e3 deste s\u00e1bado (22), o Col\u00e9gio Liceu N\u00f3brega promoveu a Feira de Conhecimentos anual. Com o tema &#8220;Como melhorar o mundo e torn\u00e1-lo mais humano&#8221;, os alunos trataram de assuntos j\u00e1 conhecidos pelo p\u00fablico, mas que merecem mais aten\u00e7\u00e3o. Entre os v\u00e1rios temas relacionados \u00e0 reciclagem, os alunos mostravam brinquedos, enfeites e at\u00e9 mesmo [&hellip;]<\/p>\n","protected":false},"author":63,"featured_media":50051,"comment_status":"open","ping_status":"open","sticky":false,"template":"","format":"standard","meta":[],"categories":[4],"tags":[],"jetpack-related-posts":[],"_links":{"self":[{"href":"https:\/\/www1.unicap.br\/assecom1\/wp-json\/wp\/v2\/posts\/50048"}],"collection":[{"href":"https:\/\/www1.unicap.br\/assecom1\/wp-json\/wp\/v2\/posts"}],"about":[{"href":"https:\/\/www1.unicap.br\/assecom1\/wp-json\/wp\/v2\/types\/post"}],"author":[{"embeddable":true,"href":"https:\/\/www1.unicap.br\/assecom1\/wp-json\/wp\/v2\/users\/63"}],"replies":[{"embeddable":true,"href":"https:\/\/www1.unicap.br\/assecom1\/wp-json\/wp\/v2\/comments?post=50048"}],"version-history":[{"count":9,"href":"https:\/\/www1.unicap.br\/assecom1\/wp-json\/wp\/v2\/posts\/50048\/revisions"}],"predecessor-version":[{"id":50070,"href":"https:\/\/www1.unicap.br\/assecom1\/wp-json\/wp\/v2\/posts\/50048\/revisions\/50070"}],"wp:featuredmedia":[{"embeddable":true,"href":"https:\/\/www1.unicap.br\/assecom1\/wp-json\/wp\/v2\/media\/50051"}],"wp:attachment":[{"href":"https:\/\/www1.unicap.br\/assecom1\/wp-json\/wp\/v2\/media?parent=50048"}],"wp:term":[{"taxonomy":"category","embeddable":true,"href":"https:\/\/www1.unicap.br\/assecom1\/wp-json\/wp\/v2\/categories?post=50048"},{"taxonomy":"post_tag","embeddable":true,"href":"https:\/\/www1.unicap.br\/assecom1\/wp-json\/wp\/v2\/tags?post=50048"}],"curies":[{"name":"wp","href":"https:\/\/api.w.org\/{rel}","templated":true}]}}