{"id":50013,"date":"2014-11-20T20:29:13","date_gmt":"2014-11-20T23:29:13","guid":{"rendered":"http:\/\/www.unicap.br\/assecom1\/?p=50013"},"modified":"2014-11-20T20:29:13","modified_gmt":"2014-11-20T23:29:13","slug":"alunos-de-relacoes-publicas-promovem-campanha-de-arrecadacao-de-materiais-escolares-para-criancas-da-escola-nova-esperanca","status":"publish","type":"post","link":"https:\/\/www1.unicap.br\/assecom1\/alunos-de-relacoes-publicas-promovem-campanha-de-arrecadacao-de-materiais-escolares-para-criancas-da-escola-nova-esperanca\/","title":{"rendered":"Alunos de Rela\u00e7\u00f5es P\u00fablicas promovem campanha de arrecada\u00e7\u00e3o de materiais escolares para crian\u00e7as da Escola Nova Esperan\u00e7a"},"content":{"rendered":"<p><a href=\"https:\/\/i2.wp.com\/www1.unicap.br\/assecom1\/wp-content\/uploads\/2014\/11\/Natal-Educativo-marca-corpo-RP.jpg?ssl=1\"><img data-attachment-id=\"50014\" data-permalink=\"https:\/\/www1.unicap.br\/assecom1\/alunos-de-relacoes-publicas-promovem-campanha-de-arrecadacao-de-materiais-escolares-para-criancas-da-escola-nova-esperanca\/natal-educativo-marca-corpo-rp\/\" data-orig-file=\"https:\/\/i2.wp.com\/www1.unicap.br\/assecom1\/wp-content\/uploads\/2014\/11\/Natal-Educativo-marca-corpo-RP.jpg?fit=680%2C407&amp;ssl=1\" data-orig-size=\"680,407\" data-comments-opened=\"1\" data-image-meta=\"{&quot;aperture&quot;:&quot;0&quot;,&quot;credit&quot;:&quot;&quot;,&quot;camera&quot;:&quot;&quot;,&quot;caption&quot;:&quot;&quot;,&quot;created_timestamp&quot;:&quot;0&quot;,&quot;copyright&quot;:&quot;&quot;,&quot;focal_length&quot;:&quot;0&quot;,&quot;iso&quot;:&quot;0&quot;,&quot;shutter_speed&quot;:&quot;0&quot;,&quot;title&quot;:&quot;&quot;}\" data-image-title=\"Natal-Educativo-marca-corpo-RP\" data-image-description=\"\" data-medium-file=\"https:\/\/i2.wp.com\/www1.unicap.br\/assecom1\/wp-content\/uploads\/2014\/11\/Natal-Educativo-marca-corpo-RP.jpg?fit=300%2C179&amp;ssl=1\" data-large-file=\"https:\/\/i2.wp.com\/www1.unicap.br\/assecom1\/wp-content\/uploads\/2014\/11\/Natal-Educativo-marca-corpo-RP.jpg?fit=640%2C383&amp;ssl=1\" loading=\"lazy\" class=\"alignnone wp-image-50014 size-full\" src=\"https:\/\/i2.wp.com\/www1.unicap.br\/assecom1\/wp-content\/uploads\/2014\/11\/Natal-Educativo-marca-corpo-RP.jpg?resize=640%2C383&#038;ssl=1\" alt=\"Natal-Educativo-marca-corpo-RP\" srcset=\"https:\/\/i2.wp.com\/www1.unicap.br\/assecom1\/wp-content\/uploads\/2014\/11\/Natal-Educativo-marca-corpo-RP.jpg?w=680&amp;ssl=1 680w, https:\/\/i2.wp.com\/www1.unicap.br\/assecom1\/wp-content\/uploads\/2014\/11\/Natal-Educativo-marca-corpo-RP.jpg?resize=300%2C179&amp;ssl=1 300w, https:\/\/i2.wp.com\/www1.unicap.br\/assecom1\/wp-content\/uploads\/2014\/11\/Natal-Educativo-marca-corpo-RP.jpg?resize=50%2C29&amp;ssl=1 50w\" sizes=\"(max-width: 640px) 100vw, 640px\" data-recalc-dims=\"1\" \/><\/a><\/p>\n<p>Alunos do sexto per\u00edodo do curso de Rela\u00e7\u00f5es P\u00fablicas da Universidade Cat\u00f3lica de Pernambuco (Unicap) promovem a campanha \u201cNatal Educativo\u201d de arrecada\u00e7\u00e3o de materiais escolares para crian\u00e7as da Escola Nova Esperan\u00e7a, em Olinda. A Escola fica localizada na Comunidade do Mangue e foi fundada pelo senhor Sebasti\u00e3o Pereira, catador de garrafas pet, que utiliza o dinheiro das vendas das embalagens para a manuten\u00e7\u00e3o da escola.<\/p>\n<p>Dentre os materiais solicitados na campanha est\u00e3o cartolina, resmas de folha A4, tesoura sem ponta, cola branca, l\u00e1pis de cera, l\u00e1pis de madeira, apontador, borracha, cadernos sem espiral, massa de modelar etc. O per\u00edodo de arrecada\u00e7\u00e3o acontecer\u00e1 entre os dias 10 e 24 de novembro.<\/p>\n<p>Para a entrega dos itens arrecadados, os alunos de Rela\u00e7\u00f5es P\u00fablicas acompanhados da professora orientadora do projeto, Elisa Barreto, visitar\u00e3o a escola beneficiada no dia 25 de novembro, \u00e0s 13 horas, onde realizar\u00e3o um evento com atividades de recrea\u00e7\u00e3o para as crian\u00e7as assistidas. Essas atividades contar\u00e3o com o apoio do Corpo de Bombeiros Militar de Pernambuco que, al\u00e9m das atividades de instru\u00e7\u00e3o, promover\u00e1 um banho de neblina para as crian\u00e7as.<\/p>\n<p>Os pontos de arrecada\u00e7\u00e3o est\u00e3o distribu\u00eddos nos seguintes locais:<\/p>\n<ul>\n<li>Universidade Cat\u00f3lica de Pernambuco (Blocos A e G);<\/li>\n<li>\u00a0Corpo de Bombeiros Militar de Pernambuco (Avenida Jo\u00e3o de Barros);<\/li>\n<li>Igreja Cat\u00f3lica do Ipsep (Pra\u00e7a Aleixo de Oliveira, s\/n, Ipsep);<\/li>\n<li>\u00a0F\u00e1brica da Aurora Alimentos (Avenida Get\u00falio Vargas, 635, Curado);<\/li>\n<li>Centro Esp\u00edrita Peixotinho (Avenida Bar\u00e3o de Souza Le\u00e3o, 420, Boa Viagem).<\/li>\n<li>Assembleia Legislativa do Estado de Pernambuco (Rua da Uni\u00e3o, Boa Vista).<\/li>\n<\/ul>\n<p>&nbsp;<\/p>\n<p>Informa\u00e7\u00f5es:<\/p>\n<p>Thayling Moura (81) 8713.9140 \/ <a href=\"mailto:thaylingtm@hotmail.com\">thaylingtm@hotmail.com<\/a><\/p>\n<p>Karolina Melo (81) 9681.8891 \/ <a href=\"mailto:karolinamelosilva@gmail.com\">karolinamelosilva@gmail.com<\/a><\/p>\n","protected":false},"excerpt":{"rendered":"<p>Alunos do sexto per\u00edodo do curso de Rela\u00e7\u00f5es P\u00fablicas da Universidade Cat\u00f3lica de Pernambuco (Unicap) promovem a campanha \u201cNatal Educativo\u201d de arrecada\u00e7\u00e3o de materiais escolares para crian\u00e7as da Escola Nova Esperan\u00e7a, em Olinda. A Escola fica localizada na Comunidade do Mangue e foi fundada pelo senhor Sebasti\u00e3o Pereira, catador de garrafas pet, que utiliza o [&hellip;]<\/p>\n","protected":false},"author":3,"featured_media":50014,"comment_status":"open","ping_status":"open","sticky":false,"template":"","format":"standard","meta":[],"categories":[4],"tags":[],"jetpack-related-posts":[],"_links":{"self":[{"href":"https:\/\/www1.unicap.br\/assecom1\/wp-json\/wp\/v2\/posts\/50013"}],"collection":[{"href":"https:\/\/www1.unicap.br\/assecom1\/wp-json\/wp\/v2\/posts"}],"about":[{"href":"https:\/\/www1.unicap.br\/assecom1\/wp-json\/wp\/v2\/types\/post"}],"author":[{"embeddable":true,"href":"https:\/\/www1.unicap.br\/assecom1\/wp-json\/wp\/v2\/users\/3"}],"replies":[{"embeddable":true,"href":"https:\/\/www1.unicap.br\/assecom1\/wp-json\/wp\/v2\/comments?post=50013"}],"version-history":[{"count":1,"href":"https:\/\/www1.unicap.br\/assecom1\/wp-json\/wp\/v2\/posts\/50013\/revisions"}],"predecessor-version":[{"id":50015,"href":"https:\/\/www1.unicap.br\/assecom1\/wp-json\/wp\/v2\/posts\/50013\/revisions\/50015"}],"wp:featuredmedia":[{"embeddable":true,"href":"https:\/\/www1.unicap.br\/assecom1\/wp-json\/wp\/v2\/media\/50014"}],"wp:attachment":[{"href":"https:\/\/www1.unicap.br\/assecom1\/wp-json\/wp\/v2\/media?parent=50013"}],"wp:term":[{"taxonomy":"category","embeddable":true,"href":"https:\/\/www1.unicap.br\/assecom1\/wp-json\/wp\/v2\/categories?post=50013"},{"taxonomy":"post_tag","embeddable":true,"href":"https:\/\/www1.unicap.br\/assecom1\/wp-json\/wp\/v2\/tags?post=50013"}],"curies":[{"name":"wp","href":"https:\/\/api.w.org\/{rel}","templated":true}]}}