{"id":49978,"date":"2014-11-19T14:50:52","date_gmt":"2014-11-19T17:50:52","guid":{"rendered":"http:\/\/www.unicap.br\/assecom1\/?p=49978"},"modified":"2014-11-19T14:50:52","modified_gmt":"2014-11-19T17:50:52","slug":"documentario-de-assessor-cultural-da-unicap-e-selecionado-para-dois-festivais","status":"publish","type":"post","link":"https:\/\/www1.unicap.br\/assecom1\/documentario-de-assessor-cultural-da-unicap-e-selecionado-para-dois-festivais\/","title":{"rendered":"Document\u00e1rio de assessor cultural da Unicap \u00e9 selecionado para dois festivais"},"content":{"rendered":"<div><span style=\"font-size: small;\">O document\u00e1rio Tubar\u00e3o, do assessor cultural da Unicap, Leo Tabosa, foi selecionado para os festivais: 6\u00ba Hollywood Brazilian Film Festival (EUA) e 6\u00ba Festival Internacional de Cinema da Fronteira (Bag\u00e9 \/ RS).<\/span><\/div>\n<div><\/div>\n<div><span style=\"font-size: small;\">O filme fez sua estreia em 2013 no Curta Cinema \u2013 Festival Internacional de Curtas do Rio de Janeiro. Com uma carreira premiada em festivais nacionais e internacionais de cinema recentemente recebeu um convite do Canal Brasil para integrar a grande de programa\u00e7\u00e3o do canal. Tubar\u00e3o \u00e9 falado em ingl\u00eas e conta a hist\u00f3ria de um norte-americano de meia idade, que veio morar h\u00e1 muitos anos no Brasil e perdeu o seu grande amor numa situa\u00e7\u00e3o tr\u00e1gica.\u00a0<\/span><\/div>\n<div><\/div>\n<div><span style=\"font-size: small;\">Na sexta-feira (dia 20), Leo Tabosa viaja a convite para o Congo, onde participar\u00e1 do VI Cine Congo \u2013 Cinema de Identidade.\u00a0<\/span><\/div>\n<div style=\"font-size: 10pt;\"><\/div>\n<p>&nbsp;<\/p>\n","protected":false},"excerpt":{"rendered":"<p>O document\u00e1rio Tubar\u00e3o, do assessor cultural da Unicap, Leo Tabosa, foi selecionado para os festivais: 6\u00ba Hollywood Brazilian Film Festival (EUA) e 6\u00ba Festival Internacional de Cinema da Fronteira (Bag\u00e9 \/ RS). O filme fez sua estreia em 2013 no Curta Cinema \u2013 Festival Internacional de Curtas do Rio de Janeiro. Com uma carreira premiada [&hellip;]<\/p>\n","protected":false},"author":2,"featured_media":0,"comment_status":"open","ping_status":"open","sticky":false,"template":"","format":"standard","meta":[],"categories":[4],"tags":[],"jetpack-related-posts":[],"_links":{"self":[{"href":"https:\/\/www1.unicap.br\/assecom1\/wp-json\/wp\/v2\/posts\/49978"}],"collection":[{"href":"https:\/\/www1.unicap.br\/assecom1\/wp-json\/wp\/v2\/posts"}],"about":[{"href":"https:\/\/www1.unicap.br\/assecom1\/wp-json\/wp\/v2\/types\/post"}],"author":[{"embeddable":true,"href":"https:\/\/www1.unicap.br\/assecom1\/wp-json\/wp\/v2\/users\/2"}],"replies":[{"embeddable":true,"href":"https:\/\/www1.unicap.br\/assecom1\/wp-json\/wp\/v2\/comments?post=49978"}],"version-history":[{"count":1,"href":"https:\/\/www1.unicap.br\/assecom1\/wp-json\/wp\/v2\/posts\/49978\/revisions"}],"predecessor-version":[{"id":49979,"href":"https:\/\/www1.unicap.br\/assecom1\/wp-json\/wp\/v2\/posts\/49978\/revisions\/49979"}],"wp:attachment":[{"href":"https:\/\/www1.unicap.br\/assecom1\/wp-json\/wp\/v2\/media?parent=49978"}],"wp:term":[{"taxonomy":"category","embeddable":true,"href":"https:\/\/www1.unicap.br\/assecom1\/wp-json\/wp\/v2\/categories?post=49978"},{"taxonomy":"post_tag","embeddable":true,"href":"https:\/\/www1.unicap.br\/assecom1\/wp-json\/wp\/v2\/tags?post=49978"}],"curies":[{"name":"wp","href":"https:\/\/api.w.org\/{rel}","templated":true}]}}