{"id":49947,"date":"2014-11-18T20:08:56","date_gmt":"2014-11-18T23:08:56","guid":{"rendered":"http:\/\/www.unicap.br\/assecom1\/?p=49947"},"modified":"2018-01-16T09:35:52","modified_gmt":"2018-01-16T12:35:52","slug":"ihu-lanca-autobiografia-do-padre-jesuita-mauricio-parant","status":"publish","type":"post","link":"https:\/\/www1.unicap.br\/assecom1\/ihu-lanca-autobiografia-do-padre-jesuita-mauricio-parant\/","title":{"rendered":"IHU lan\u00e7a autobiografia do Padre jesu\u00edta Maur\u00edcio Parant"},"content":{"rendered":"<p><a href=\"https:\/\/i1.wp.com\/www1.unicap.br\/assecom1\/wp-content\/uploads\/2014\/11\/DSC_0974-e1416351694866.jpg?ssl=1\"><img data-attachment-id=\"49950\" data-permalink=\"https:\/\/www1.unicap.br\/assecom1\/ihu-lanca-autobiografia-do-padre-jesuita-mauricio-parant\/dsc_0964\/\" data-orig-file=\"https:\/\/i2.wp.com\/www1.unicap.br\/assecom1\/wp-content\/uploads\/2014\/11\/DSC_0964-e1416351780281.jpg?fit=700%2C465&amp;ssl=1\" data-orig-size=\"700,465\" data-comments-opened=\"1\" data-image-meta=\"{&quot;aperture&quot;:&quot;5.3&quot;,&quot;credit&quot;:&quot;&quot;,&quot;camera&quot;:&quot;NIKON D5000&quot;,&quot;caption&quot;:&quot;&quot;,&quot;created_timestamp&quot;:&quot;1267915110&quot;,&quot;copyright&quot;:&quot;&quot;,&quot;focal_length&quot;:&quot;42&quot;,&quot;iso&quot;:&quot;800&quot;,&quot;shutter_speed&quot;:&quot;0.008&quot;,&quot;title&quot;:&quot;&quot;}\" data-image-title=\"DSC_0964\" data-image-description=\"\" data-medium-file=\"https:\/\/i2.wp.com\/www1.unicap.br\/assecom1\/wp-content\/uploads\/2014\/11\/DSC_0964-e1416351780281.jpg?fit=300%2C199&amp;ssl=1\" data-large-file=\"https:\/\/i2.wp.com\/www1.unicap.br\/assecom1\/wp-content\/uploads\/2014\/11\/DSC_0964-e1416351780281.jpg?fit=640%2C425&amp;ssl=1\" loading=\"lazy\" class=\"alignright size-medium wp-image-49950\" src=\"https:\/\/i2.wp.com\/www1.unicap.br\/assecom1\/wp-content\/uploads\/2014\/11\/DSC_0964.jpg?resize=300%2C199&#038;ssl=1\" alt=\"DSC_0964\" data-recalc-dims=\"1\" \/><\/a><a href=\"https:\/\/i1.wp.com\/www1.unicap.br\/assecom1\/wp-content\/uploads\/2014\/11\/DSC_0974-e1416351694866.jpg?ssl=1\"><img data-attachment-id=\"49954\" data-permalink=\"https:\/\/www1.unicap.br\/assecom1\/ihu-lanca-autobiografia-do-padre-jesuita-mauricio-parant\/dsc_0969\/\" data-orig-file=\"https:\/\/i1.wp.com\/www1.unicap.br\/assecom1\/wp-content\/uploads\/2014\/11\/DSC_0969-e1416351837601.jpg?fit=700%2C465&amp;ssl=1\" data-orig-size=\"700,465\" data-comments-opened=\"1\" data-image-meta=\"{&quot;aperture&quot;:&quot;5.6&quot;,&quot;credit&quot;:&quot;&quot;,&quot;camera&quot;:&quot;NIKON D5000&quot;,&quot;caption&quot;:&quot;&quot;,&quot;created_timestamp&quot;:&quot;1267915484&quot;,&quot;copyright&quot;:&quot;&quot;,&quot;focal_length&quot;:&quot;55&quot;,&quot;iso&quot;:&quot;800&quot;,&quot;shutter_speed&quot;:&quot;0.008&quot;,&quot;title&quot;:&quot;&quot;}\" data-image-title=\"DSC_0969\" data-image-description=\"\" data-medium-file=\"https:\/\/i1.wp.com\/www1.unicap.br\/assecom1\/wp-content\/uploads\/2014\/11\/DSC_0969-e1416351837601.jpg?fit=300%2C199&amp;ssl=1\" data-large-file=\"https:\/\/i1.wp.com\/www1.unicap.br\/assecom1\/wp-content\/uploads\/2014\/11\/DSC_0969-e1416351837601.jpg?fit=640%2C425&amp;ssl=1\" loading=\"lazy\" class=\"alignright size-medium wp-image-49954\" src=\"https:\/\/i1.wp.com\/www1.unicap.br\/assecom1\/wp-content\/uploads\/2014\/11\/DSC_0969.jpg?resize=300%2C199&#038;ssl=1\" alt=\"DSC_0969\" data-recalc-dims=\"1\" \/><\/a><a href=\"https:\/\/i1.wp.com\/www1.unicap.br\/assecom1\/wp-content\/uploads\/2014\/11\/DSC_0974-e1416351694866.jpg?ssl=1\"><img data-attachment-id=\"49948\" data-permalink=\"https:\/\/www1.unicap.br\/assecom1\/ihu-lanca-autobiografia-do-padre-jesuita-mauricio-parant\/dsc_0974\/\" data-orig-file=\"https:\/\/i1.wp.com\/www1.unicap.br\/assecom1\/wp-content\/uploads\/2014\/11\/DSC_0974-e1416351694866.jpg?fit=700%2C465&amp;ssl=1\" data-orig-size=\"700,465\" data-comments-opened=\"1\" data-image-meta=\"{&quot;aperture&quot;:&quot;5.6&quot;,&quot;credit&quot;:&quot;&quot;,&quot;camera&quot;:&quot;NIKON D5000&quot;,&quot;caption&quot;:&quot;&quot;,&quot;created_timestamp&quot;:&quot;1267915891&quot;,&quot;copyright&quot;:&quot;&quot;,&quot;focal_length&quot;:&quot;55&quot;,&quot;iso&quot;:&quot;800&quot;,&quot;shutter_speed&quot;:&quot;0.008&quot;,&quot;title&quot;:&quot;&quot;}\" data-image-title=\"DSC_0974\" data-image-description=\"\" data-medium-file=\"https:\/\/i1.wp.com\/www1.unicap.br\/assecom1\/wp-content\/uploads\/2014\/11\/DSC_0974-e1416351694866.jpg?fit=300%2C199&amp;ssl=1\" data-large-file=\"https:\/\/i1.wp.com\/www1.unicap.br\/assecom1\/wp-content\/uploads\/2014\/11\/DSC_0974-e1416351694866.jpg?fit=640%2C425&amp;ssl=1\" loading=\"lazy\" class=\"alignright size-medium wp-image-49948\" src=\"https:\/\/i2.wp.com\/www1.unicap.br\/assecom1\/wp-content\/uploads\/2014\/11\/DSC_0974.jpg?resize=300%2C199&#038;ssl=1\" alt=\"DSC_0974\" data-recalc-dims=\"1\" \/><\/a><a href=\"https:\/\/i1.wp.com\/www1.unicap.br\/assecom1\/wp-content\/uploads\/2014\/11\/DSC_0965-e1416351791265.jpg?ssl=1\"><img data-attachment-id=\"49951\" data-permalink=\"https:\/\/www1.unicap.br\/assecom1\/ihu-lanca-autobiografia-do-padre-jesuita-mauricio-parant\/dsc_0965\/\" data-orig-file=\"https:\/\/i1.wp.com\/www1.unicap.br\/assecom1\/wp-content\/uploads\/2014\/11\/DSC_0965-e1416351791265.jpg?fit=700%2C465&amp;ssl=1\" data-orig-size=\"700,465\" data-comments-opened=\"1\" data-image-meta=\"{&quot;aperture&quot;:&quot;3.5&quot;,&quot;credit&quot;:&quot;&quot;,&quot;camera&quot;:&quot;NIKON D5000&quot;,&quot;caption&quot;:&quot;&quot;,&quot;created_timestamp&quot;:&quot;1267915137&quot;,&quot;copyright&quot;:&quot;&quot;,&quot;focal_length&quot;:&quot;18&quot;,&quot;iso&quot;:&quot;800&quot;,&quot;shutter_speed&quot;:&quot;0.008&quot;,&quot;title&quot;:&quot;&quot;}\" data-image-title=\"DSC_0965\" data-image-description=\"\" data-medium-file=\"https:\/\/i1.wp.com\/www1.unicap.br\/assecom1\/wp-content\/uploads\/2014\/11\/DSC_0965-e1416351791265.jpg?fit=300%2C199&amp;ssl=1\" data-large-file=\"https:\/\/i1.wp.com\/www1.unicap.br\/assecom1\/wp-content\/uploads\/2014\/11\/DSC_0965-e1416351791265.jpg?fit=640%2C425&amp;ssl=1\" loading=\"lazy\" class=\"alignright size-medium wp-image-49951\" src=\"https:\/\/i0.wp.com\/www1.unicap.br\/assecom1\/wp-content\/uploads\/2014\/11\/DSC_0965.jpg?resize=300%2C199&#038;ssl=1\" alt=\"DSC_0965\" data-recalc-dims=\"1\" \/><\/a> <a href=\"https:\/\/i0.wp.com\/www1.unicap.br\/assecom1\/wp-content\/uploads\/2014\/11\/DSC_0966-e1416351803789.jpg?ssl=1\"><img data-attachment-id=\"49952\" data-permalink=\"https:\/\/www1.unicap.br\/assecom1\/ihu-lanca-autobiografia-do-padre-jesuita-mauricio-parant\/dsc_0966\/\" data-orig-file=\"https:\/\/i0.wp.com\/www1.unicap.br\/assecom1\/wp-content\/uploads\/2014\/11\/DSC_0966-e1416351803789.jpg?fit=700%2C465&amp;ssl=1\" data-orig-size=\"700,465\" data-comments-opened=\"1\" data-image-meta=\"{&quot;aperture&quot;:&quot;3.5&quot;,&quot;credit&quot;:&quot;&quot;,&quot;camera&quot;:&quot;NIKON D5000&quot;,&quot;caption&quot;:&quot;&quot;,&quot;created_timestamp&quot;:&quot;1267915250&quot;,&quot;copyright&quot;:&quot;&quot;,&quot;focal_length&quot;:&quot;18&quot;,&quot;iso&quot;:&quot;800&quot;,&quot;shutter_speed&quot;:&quot;0.008&quot;,&quot;title&quot;:&quot;&quot;}\" data-image-title=\"DSC_0966\" data-image-description=\"\" data-medium-file=\"https:\/\/i0.wp.com\/www1.unicap.br\/assecom1\/wp-content\/uploads\/2014\/11\/DSC_0966-e1416351803789.jpg?fit=300%2C199&amp;ssl=1\" data-large-file=\"https:\/\/i0.wp.com\/www1.unicap.br\/assecom1\/wp-content\/uploads\/2014\/11\/DSC_0966-e1416351803789.jpg?fit=640%2C425&amp;ssl=1\" loading=\"lazy\" class=\"alignright size-medium wp-image-49952\" src=\"https:\/\/i0.wp.com\/www1.unicap.br\/assecom1\/wp-content\/uploads\/2014\/11\/DSC_0966.jpg?resize=300%2C199&#038;ssl=1\" alt=\"DSC_0966\" data-recalc-dims=\"1\" \/><\/a> <a href=\"https:\/\/i2.wp.com\/www1.unicap.br\/assecom1\/wp-content\/uploads\/2014\/11\/DSC_0984-e1416351768186.jpg?ssl=1\"><img data-attachment-id=\"49949\" data-permalink=\"https:\/\/www1.unicap.br\/assecom1\/ihu-lanca-autobiografia-do-padre-jesuita-mauricio-parant\/dsc_0984\/\" data-orig-file=\"https:\/\/i2.wp.com\/www1.unicap.br\/assecom1\/wp-content\/uploads\/2014\/11\/DSC_0984-e1416351768186.jpg?fit=700%2C465&amp;ssl=1\" data-orig-size=\"700,465\" data-comments-opened=\"1\" data-image-meta=\"{&quot;aperture&quot;:&quot;5.6&quot;,&quot;credit&quot;:&quot;&quot;,&quot;camera&quot;:&quot;NIKON D5000&quot;,&quot;caption&quot;:&quot;&quot;,&quot;created_timestamp&quot;:&quot;1267916271&quot;,&quot;copyright&quot;:&quot;&quot;,&quot;focal_length&quot;:&quot;55&quot;,&quot;iso&quot;:&quot;800&quot;,&quot;shutter_speed&quot;:&quot;0.00625&quot;,&quot;title&quot;:&quot;&quot;}\" data-image-title=\"DSC_0984\" data-image-description=\"\" data-medium-file=\"https:\/\/i2.wp.com\/www1.unicap.br\/assecom1\/wp-content\/uploads\/2014\/11\/DSC_0984-e1416351768186.jpg?fit=300%2C199&amp;ssl=1\" data-large-file=\"https:\/\/i2.wp.com\/www1.unicap.br\/assecom1\/wp-content\/uploads\/2014\/11\/DSC_0984-e1416351768186.jpg?fit=640%2C425&amp;ssl=1\" loading=\"lazy\" class=\"alignright size-medium wp-image-49949\" src=\"https:\/\/i0.wp.com\/www1.unicap.br\/assecom1\/wp-content\/uploads\/2014\/11\/DSC_0984.jpg?resize=300%2C199&#038;ssl=1\" alt=\"DSC_0984\" data-recalc-dims=\"1\" \/><\/a><a href=\"https:\/\/i1.wp.com\/www1.unicap.br\/assecom1\/wp-content\/uploads\/2014\/11\/DSC_0967-e1416351821293.jpg?ssl=1\"><img data-attachment-id=\"49953\" data-permalink=\"https:\/\/www1.unicap.br\/assecom1\/ihu-lanca-autobiografia-do-padre-jesuita-mauricio-parant\/dsc_0967\/\" data-orig-file=\"https:\/\/i1.wp.com\/www1.unicap.br\/assecom1\/wp-content\/uploads\/2014\/11\/DSC_0967-e1416351821293.jpg?fit=700%2C465&amp;ssl=1\" data-orig-size=\"700,465\" data-comments-opened=\"1\" data-image-meta=\"{&quot;aperture&quot;:&quot;3.5&quot;,&quot;credit&quot;:&quot;&quot;,&quot;camera&quot;:&quot;NIKON D5000&quot;,&quot;caption&quot;:&quot;&quot;,&quot;created_timestamp&quot;:&quot;1267915384&quot;,&quot;copyright&quot;:&quot;&quot;,&quot;focal_length&quot;:&quot;18&quot;,&quot;iso&quot;:&quot;800&quot;,&quot;shutter_speed&quot;:&quot;0.008&quot;,&quot;title&quot;:&quot;&quot;}\" data-image-title=\"DSC_0967\" data-image-description=\"\" data-medium-file=\"https:\/\/i1.wp.com\/www1.unicap.br\/assecom1\/wp-content\/uploads\/2014\/11\/DSC_0967-e1416351821293.jpg?fit=300%2C199&amp;ssl=1\" data-large-file=\"https:\/\/i1.wp.com\/www1.unicap.br\/assecom1\/wp-content\/uploads\/2014\/11\/DSC_0967-e1416351821293.jpg?fit=640%2C425&amp;ssl=1\" loading=\"lazy\" class=\"alignright size-medium wp-image-49953\" src=\"https:\/\/i0.wp.com\/www1.unicap.br\/assecom1\/wp-content\/uploads\/2014\/11\/DSC_0967.jpg?resize=300%2C199&#038;ssl=1\" alt=\"DSC_0967\" data-recalc-dims=\"1\" \/><\/a><\/p>\n<p>O Instituto Humanitas Unicap (IHU) lan\u00e7ou a autobiografia do Padre jesu\u00edta Maur\u00edcio Parant, com o t\u00edtulo: \u201cPe. Maur\u00edcio Parant, SJ \u2013 Em miss\u00e3o no Nordeste do Brasil\u201d. O evento aconteceu \u00e0s 19h, do dia 13 de novembro, no Sal\u00e3o Receptivo, 1\u00ba andar do bloco G, da Universidade Cat\u00f3lica de Pernambuco. A obra, que tem 148 p\u00e1ginas, foi traduzida do franc\u00eas, editada e publicada pelo pr\u00f3prio IHU e impressa pela Fasa Gr\u00e1fica.<\/p>\n<p>A cerim\u00f4nia de lan\u00e7amento, que contou a participa\u00e7\u00e3o dos integrantes do MPB Unicap, Surama Rheis, no vocal, e Percy Marques, no Viol\u00e3o, teve in\u00edcio como as palavras do Pr\u00f3-reitor Comunit\u00e1rio e coordenador do Instituto Humanitas Unicap, Padre L\u00facio Fl\u00e1vio Cirne. Em seguida, a senhora Lenira Maria, fundadora do Sindicato das Dom\u00e9sticas deu seu depoimento sobre sua conviv\u00eancia com o Padre Parant. Ap\u00f3s Dona Lenira, o m\u00e9dico cardiologista, professor aposentado da UFPE e autor do pref\u00e1cio do livro, Lurildo Saraiva apresentou a obra aos presentes. Ao fim, foi dado a palavra a dois participantes do evento, Sr. Ivan Correia e a Sra. Luiza Gomes, para darem seu depoimento sobre Padre Parant. Em seguida, foi servido um lanche aos presentes.<\/p>\n<p>Padre Maur\u00edcio Perant nasceu em Madagascar, em 1926. Filho de Robert Parant, natural de Loraine &#8211; Fran\u00e7a, e de Juliette Rahariosa, natural de Madagascar. Serviu na 2\u00aa Guerra Mundial, em 1944. Ap\u00f3s a guerra de liberta\u00e7\u00e3o da Fran\u00e7a, segundo ele pr\u00f3prio, assumiu um novo engajamento, dessa vez, na Igreja para se consagrar pela convers\u00e3o da Fran\u00e7a, que estava descristianizada. Ingressou no noviciado da Companhia de Jesus, em 1946, e se ordenou sacerdote em 1957. Chegou ao Recife em novembro de 1962, onde exerceu v\u00e1rios minist\u00e9rios. Foi respons\u00e1vel da ent\u00e3o Capela do Col\u00e9gio N\u00f3brega, exerceu atividades junto \u00e0s empregadas dom\u00e9sticas, ao Movimento de Promo\u00e7\u00e3o da Mulher (junto \u00e0s v\u00edtimas da prostitui\u00e7\u00e3o), \u00e0 A\u00e7\u00e3o Oper\u00e1ria Cat\u00f3lica (hoje Movimento de Trabalhadores Crist\u00e3os), aos seminaristas (como diretor espiritual). Regressou \u00e0 Fran\u00e7a em 2005 e, em dezembro de 2013, encontrou-se com o \u201cBom Deus\u201d, como costumava falar.<\/p>\n","protected":false},"excerpt":{"rendered":"<p>O Instituto Humanitas Unicap (IHU) lan\u00e7ou a autobiografia do Padre jesu\u00edta Maur\u00edcio Parant, com o t\u00edtulo: \u201cPe. Maur\u00edcio Parant, SJ \u2013 Em miss\u00e3o no Nordeste do Brasil\u201d. O evento aconteceu \u00e0s 19h, do dia 13 de novembro, no Sal\u00e3o Receptivo, 1\u00ba andar do bloco G, da Universidade Cat\u00f3lica de Pernambuco. A obra, que tem 148 [&hellip;]<\/p>\n","protected":false},"author":3,"featured_media":49952,"comment_status":"open","ping_status":"open","sticky":false,"template":"","format":"standard","meta":[],"categories":[4],"tags":[],"jetpack-related-posts":[],"_links":{"self":[{"href":"https:\/\/www1.unicap.br\/assecom1\/wp-json\/wp\/v2\/posts\/49947"}],"collection":[{"href":"https:\/\/www1.unicap.br\/assecom1\/wp-json\/wp\/v2\/posts"}],"about":[{"href":"https:\/\/www1.unicap.br\/assecom1\/wp-json\/wp\/v2\/types\/post"}],"author":[{"embeddable":true,"href":"https:\/\/www1.unicap.br\/assecom1\/wp-json\/wp\/v2\/users\/3"}],"replies":[{"embeddable":true,"href":"https:\/\/www1.unicap.br\/assecom1\/wp-json\/wp\/v2\/comments?post=49947"}],"version-history":[{"count":6,"href":"https:\/\/www1.unicap.br\/assecom1\/wp-json\/wp\/v2\/posts\/49947\/revisions"}],"predecessor-version":[{"id":75952,"href":"https:\/\/www1.unicap.br\/assecom1\/wp-json\/wp\/v2\/posts\/49947\/revisions\/75952"}],"wp:featuredmedia":[{"embeddable":true,"href":"https:\/\/www1.unicap.br\/assecom1\/wp-json\/wp\/v2\/media\/49952"}],"wp:attachment":[{"href":"https:\/\/www1.unicap.br\/assecom1\/wp-json\/wp\/v2\/media?parent=49947"}],"wp:term":[{"taxonomy":"category","embeddable":true,"href":"https:\/\/www1.unicap.br\/assecom1\/wp-json\/wp\/v2\/categories?post=49947"},{"taxonomy":"post_tag","embeddable":true,"href":"https:\/\/www1.unicap.br\/assecom1\/wp-json\/wp\/v2\/tags?post=49947"}],"curies":[{"name":"wp","href":"https:\/\/api.w.org\/{rel}","templated":true}]}}