{"id":49910,"date":"2014-11-17T16:08:58","date_gmt":"2014-11-17T19:08:58","guid":{"rendered":"http:\/\/www.unicap.br\/assecom1\/?p=49910"},"modified":"2014-11-18T20:13:06","modified_gmt":"2014-11-18T23:13:06","slug":"reitor-participa-da-posse-do-novo-provincial-dos-jesuitas-no-brasil","status":"publish","type":"post","link":"https:\/\/www1.unicap.br\/assecom1\/reitor-participa-da-posse-do-novo-provincial-dos-jesuitas-no-brasil\/","title":{"rendered":"Reitor participa da posse do novo Provincial dos Jesu\u00edtas no Brasil"},"content":{"rendered":"<p><span style=\"color: #999999;\">Com informa\u00e7\u00f5es do Portal dos Jesu\u00edtas<\/span><\/p>\n<p><img data-attachment-id=\"49918\" data-permalink=\"https:\/\/www1.unicap.br\/assecom1\/reitor-participa-da-posse-do-novo-provincial-dos-jesuitas-no-brasil\/10676312_823674851008508_6685160461453677814_n\/\" data-orig-file=\"https:\/\/i2.wp.com\/www1.unicap.br\/assecom1\/wp-content\/uploads\/2014\/11\/10676312_823674851008508_6685160461453677814_n.jpg?fit=403%2C537&amp;ssl=1\" data-orig-size=\"403,537\" data-comments-opened=\"1\" data-image-meta=\"{&quot;aperture&quot;:&quot;0&quot;,&quot;credit&quot;:&quot;&quot;,&quot;camera&quot;:&quot;&quot;,&quot;caption&quot;:&quot;&quot;,&quot;created_timestamp&quot;:&quot;0&quot;,&quot;copyright&quot;:&quot;&quot;,&quot;focal_length&quot;:&quot;0&quot;,&quot;iso&quot;:&quot;0&quot;,&quot;shutter_speed&quot;:&quot;0&quot;,&quot;title&quot;:&quot;&quot;}\" data-image-title=\"10676312_823674851008508_6685160461453677814_n\" data-image-description=\"\" data-medium-file=\"https:\/\/i2.wp.com\/www1.unicap.br\/assecom1\/wp-content\/uploads\/2014\/11\/10676312_823674851008508_6685160461453677814_n.jpg?fit=225%2C300&amp;ssl=1\" data-large-file=\"https:\/\/i2.wp.com\/www1.unicap.br\/assecom1\/wp-content\/uploads\/2014\/11\/10676312_823674851008508_6685160461453677814_n.jpg?fit=403%2C537&amp;ssl=1\" loading=\"lazy\" class=\"alignleft wp-image-49918 size-medium\" src=\"https:\/\/i2.wp.com\/www1.unicap.br\/assecom1\/wp-content\/uploads\/2014\/11\/10676312_823674851008508_6685160461453677814_n.jpg?resize=225%2C300&#038;ssl=1\" alt=\"10676312_823674851008508_6685160461453677814_n\" srcset=\"https:\/\/i2.wp.com\/www1.unicap.br\/assecom1\/wp-content\/uploads\/2014\/11\/10676312_823674851008508_6685160461453677814_n.jpg?resize=225%2C300&amp;ssl=1 225w, https:\/\/i2.wp.com\/www1.unicap.br\/assecom1\/wp-content\/uploads\/2014\/11\/10676312_823674851008508_6685160461453677814_n.jpg?resize=37%2C50&amp;ssl=1 37w, https:\/\/i2.wp.com\/www1.unicap.br\/assecom1\/wp-content\/uploads\/2014\/11\/10676312_823674851008508_6685160461453677814_n.jpg?w=403&amp;ssl=1 403w\" sizes=\"(max-width: 225px) 100vw, 225px\" data-recalc-dims=\"1\" \/>O Reitor da Universidade Cat\u00f3lica de Pernambuco, Padre Pedro Rubens, participou, domingo (16), no Rio de Janeiro, da posse do novo Provincial dos Jesu\u00edtas no Brasil, Padre Jo\u00e3o Renato Eidt. Natural de Itapiranga, em Santa Catarina, e reitor desde 2012 do<span style=\"background: none repeat scroll 0% 0% #ffffff;\"> Centro Interprovincial de Forma\u00e7\u00e3o Santo In\u00e1cio de Loyola,<\/span>em Belo Horizonte, ele ter\u00e1 a miss\u00e3o de conduzir a futura Prov\u00edncia do Brasil \u2013 BRA, que desde ontem passou a ter uma nova estrutura administrativa em fun\u00e7\u00e3o da unifica\u00e7\u00e3o das prov\u00edncias.<\/p>\n<p>A cerim\u00f4nia, que foi realizada no Centro Cultural Jo\u00e3o XXIII, em Botafogo, contou com a presen\u00e7a do Padre Adolfo Nicol\u00e1s, Superior Geral da Companhia de Jesus, que veio de Roma especialmente para a solenidade.<\/p>\n<p>Um col\u00f3quio com o Superior Geral da Companhia de Jesus, Padre Adolfo Nicol\u00e1s, deu in\u00edcio \u00e0 cerim\u00f4nia. \u201cEstamos em um momento hist\u00f3rico porque o Brasil voltar\u00e1 a ser como foi nos tempos de Anchieta, uma \u00fanica Prov\u00edncia depois de ter tido uma hist\u00f3ria muito criativa de ser tr\u00eas prov\u00edncias e uma regi\u00e3o\u201d, disse o Padre Geral. \u201cFormamos uma nova Prov\u00edncia, com uma estrutura nova, para respondermos a novos desafios.\u201d<\/p>\n<p><img style=\"width: 520px; height: 273px;\" src=\"https:\/\/i1.wp.com\/www.jesuitasbrasil.com\/jst\/pessoa\/temp\/anexo\/4195\/11190\/20085.jpg?w=640\" alt=\"\" data-recalc-dims=\"1\" \/><\/p>\n<p>Padre Adolfo Nicol\u00e1s disse ainda que o momento \u00e9 uma grande oportunidade de se recriar a Companhia de Jesus, pois cr\u00ea que cada gera\u00e7\u00e3o tem de recri\u00e1-la, incorporando o esp\u00edrito de Santo In\u00e1cio e criando novas estruturas e formas de responder \u00e0 nossa miss\u00e3o. \u201cPor\u00e9m, as novas estruturas, por melhor que sejam, s\u00f3 funcionar\u00e3o se todos souberem colaborar e contribuir na miss\u00e3o\u201d, afirmou.<\/p>\n<p>Ap\u00f3s o col\u00f3quio, o Superior Geral da Companhia de Jesus presidiu a celebra\u00e7\u00e3o eucar\u00edstica em a\u00e7\u00e3o de gra\u00e7as pela cria\u00e7\u00e3o da Prov\u00edncia do Brasil. Ainda no in\u00edcio da missa, como ent\u00e3o Provincial do Brasil, Padre Carlos Pal\u00e1cio acrescentou: \u201cAgradecer, Agradecimento, e Dar Gra\u00e7as s\u00e3o termos muito frequentes na linguagem de Santo In\u00e1cio. Uma atitude que, para ele, constitui e deveria caracterizar a nossa vida como crist\u00e3os\u201d. Dessa forma, os agradecimentos se estenderem a Deus, \u00e0 Companhia de Jesus, ao Padre Geral e a todos, jesu\u00edtas e leigos, que contribu\u00edram para tornar poss\u00edvel e levar adiante esse processo. \u201cNessa Eucaristia, de modo especial, eu gostaria que agrade\u00e7amos a Deus a disponibilidade do Padre Jo\u00e3o Renato e do grupo de superiores locais, que partilhar\u00e3o a condu\u00e7\u00e3o da vida e da miss\u00e3o, para que o Senhor nos conceda a todos a gra\u00e7a de mostrarmos com a vida que vivemos de gra\u00e7a\u201d, disse Padre Pal\u00e1cio.<\/p>\n<p><img style=\"width: 280px; height: 220px; margin: 5px 10px; float: left;\" src=\"https:\/\/i0.wp.com\/www.jesuitasbrasil.com\/jst\/pessoa\/temp\/anexo\/4195\/11190\/20094.jpg?w=640\" alt=\"\" data-recalc-dims=\"1\" \/>\u00a0 Ao final da Eucaristia, Padre Pal\u00e1cio leu o decreto de cria\u00e7\u00e3o da nova Prov\u00edncia do Brasil e nomeou o novo Provincial. Ap\u00f3s agradecer ao Padre Pal\u00e1cio, pelo esfor\u00e7o empregado ao longo da condu\u00e7\u00e3o desse processo, e a todos que nele estiveram envolvidos, o Padre Jo\u00e3o Renato pediu em nome de toda a Prov\u00edncia: \u201cQue Deus continue nos aben\u00e7oando, que nos ilumine e nos conduza pelo caminho que Ele tem pensado para n\u00f3s, Corpo Apost\u00f3lico\u201d.<\/p>\n<p style=\"text-indent: 1.25cm; margin-bottom: 0cm;\" align=\"JUSTIFY\">A Companhia de Jesus<\/p>\n<p style=\"text-indent: 1.25cm; margin-bottom: 0cm;\" align=\"JUSTIFY\">Fundada no s\u00e9culo XVI, a Companhia de Jesus organiza-se pelo mundo em prov\u00edncias, que s\u00e3o estruturas administrativas que devem facilitar o acompanhamento da vida comum dos jesu\u00edtas e da miss\u00e3o que \u00e9 confiada pela Igreja \u00e0 Ordem religiosa. No Brasil, a Companhia de Jesus estava organizada em tr\u00eas prov\u00edncias (Brasil Meridional, Brasil Centro-Leste e Brasil Nordeste) e uma regi\u00e3o mission\u00e1ria (Brasil Amaz\u00f4nia). H\u00e1 seis anos, a Companhia de Jesus no Brasil vem se preparando para se organizar em uma s\u00f3 prov\u00edncia. Na nova estrutura, o provincial ser\u00e1 auxiliado por uma equipe de colaboradores imediatos e dez superiores \u2013 sendo tr\u00eas ligados \u00e0s casas de forma\u00e7\u00e3o, e sete respons\u00e1veis pelo acompanhamento da vida e da miss\u00e3o dos jesu\u00edtas nas chamadas \u201cPlataformas Apost\u00f3licas\u201d, configuradas em Amaz\u00f4nia, Centro-Oeste, Nordeste 1, Nordeste 2, Leste, Sul 1 e Sul 2.<\/p>\n<p style=\"text-indent: 1.25cm; margin-bottom: 0cm;\" align=\"JUSTIFY\">Atualmente, a Companhia de Jesus est\u00e1 presente em mais de 130 pa\u00edses e tem em sua estrutura centros educacionais, sociais e de forma\u00e7\u00e3o. A Rede Jesu\u00edta de Educa\u00e7\u00e3o \u00e9 uma das maiores do mundo com mais de 180 col\u00e9gios, 200 universidades e faculdades. A Ordem conta tamb\u00e9m com mais de 2.700 centros de Educa\u00e7\u00e3o Popular F\u00e9 e Alegria, que juntos beneficiam mais de 3 milh\u00f5es de pessoas oferecendo um ensino de qualidade.<\/p>\n","protected":false},"excerpt":{"rendered":"<p>Com informa\u00e7\u00f5es do Portal dos Jesu\u00edtas O Reitor da Universidade Cat\u00f3lica de Pernambuco, Padre Pedro Rubens, participou, domingo (16), no Rio de Janeiro, da posse do novo Provincial dos Jesu\u00edtas no Brasil, Padre Jo\u00e3o Renato Eidt. Natural de Itapiranga, em Santa Catarina, e reitor desde 2012 do Centro Interprovincial de Forma\u00e7\u00e3o Santo In\u00e1cio de Loyola,em [&hellip;]<\/p>\n","protected":false},"author":2,"featured_media":49918,"comment_status":"open","ping_status":"open","sticky":false,"template":"","format":"standard","meta":[],"categories":[4],"tags":[],"jetpack-related-posts":[],"_links":{"self":[{"href":"https:\/\/www1.unicap.br\/assecom1\/wp-json\/wp\/v2\/posts\/49910"}],"collection":[{"href":"https:\/\/www1.unicap.br\/assecom1\/wp-json\/wp\/v2\/posts"}],"about":[{"href":"https:\/\/www1.unicap.br\/assecom1\/wp-json\/wp\/v2\/types\/post"}],"author":[{"embeddable":true,"href":"https:\/\/www1.unicap.br\/assecom1\/wp-json\/wp\/v2\/users\/2"}],"replies":[{"embeddable":true,"href":"https:\/\/www1.unicap.br\/assecom1\/wp-json\/wp\/v2\/comments?post=49910"}],"version-history":[{"count":5,"href":"https:\/\/www1.unicap.br\/assecom1\/wp-json\/wp\/v2\/posts\/49910\/revisions"}],"predecessor-version":[{"id":49919,"href":"https:\/\/www1.unicap.br\/assecom1\/wp-json\/wp\/v2\/posts\/49910\/revisions\/49919"}],"wp:featuredmedia":[{"embeddable":true,"href":"https:\/\/www1.unicap.br\/assecom1\/wp-json\/wp\/v2\/media\/49918"}],"wp:attachment":[{"href":"https:\/\/www1.unicap.br\/assecom1\/wp-json\/wp\/v2\/media?parent=49910"}],"wp:term":[{"taxonomy":"category","embeddable":true,"href":"https:\/\/www1.unicap.br\/assecom1\/wp-json\/wp\/v2\/categories?post=49910"},{"taxonomy":"post_tag","embeddable":true,"href":"https:\/\/www1.unicap.br\/assecom1\/wp-json\/wp\/v2\/tags?post=49910"}],"curies":[{"name":"wp","href":"https:\/\/api.w.org\/{rel}","templated":true}]}}