{"id":49830,"date":"2014-11-13T14:15:03","date_gmt":"2014-11-13T17:15:03","guid":{"rendered":"http:\/\/www.unicap.br\/assecom1\/?p=49830"},"modified":"2014-11-13T14:15:03","modified_gmt":"2014-11-13T17:15:03","slug":"reitor-participa-no-rio-da-posse-do-novo-provincial-dos-jesuitas-no-brasil","status":"publish","type":"post","link":"https:\/\/www1.unicap.br\/assecom1\/reitor-participa-no-rio-da-posse-do-novo-provincial-dos-jesuitas-no-brasil\/","title":{"rendered":"Reitor participa no Rio da posse do novo Provincial dos Jesu\u00edtas no Brasil"},"content":{"rendered":"<p style=\"text-indent: 1.27cm; margin-bottom: 0cm;\" align=\"JUSTIFY\"><b><\/b>O Reitor da Universidade Cat\u00f3lica de Pernambuco, Padre Pedro Rubens, participa, domingo, no Rio de Janeiro, da posse do novo Provincial dos Jesu\u00edtas no Brasil, Padre Jo\u00e3o Renato Eidt. Natural de Itapiranga, em Santa Catarina, e reitor desde 2012 do<span style=\"background: #ffffff;\"> Centro Interprovincial de Forma\u00e7\u00e3o Santo In\u00e1cio de Loyola,<\/span>em Belo Horizonte, ele ter\u00e1 a miss\u00e3o de conduzir a futura Prov\u00edncia do Brasil \u2013 BRA, que a partir deste domingo ter\u00e1 uma nova estrutura administrativa em fun\u00e7\u00e3o da unifica\u00e7\u00e3o das prov\u00edncias. A cerim\u00f4nia, que ser\u00e1 realizada no Centro Cultural Jo\u00e3o XXIII, em Botafogo, contar\u00e1 com a presen\u00e7a do Padre Adolfo Nicol\u00e1s, superior geral da Companhia de Jesus, que vem de Roma para a solenidade.<\/p>\n<p style=\"text-indent: 1.25cm; margin-bottom: 0cm;\" align=\"JUSTIFY\">\u00a0\u00a0\u00a0\u00a0\u00a0\u00a0\u00a0\u00a0\u00a0\u00a0\u00a0\u00a0 Fundada no s\u00e9culo XVI, a Companhia de Jesus organiza-se pelo mundo em \u201cprov\u00edncias\u201d, que s\u00e3o estruturas administrativas que devem facilitar o acompanhamento da vida comum dos jesu\u00edtas e da miss\u00e3o que \u00e9 confiada pela Igreja \u00e0 Ordem religiosa. No Brasil, a Companhia de Jesus estava organizada em tr\u00eas prov\u00edncias (Brasil Meridional, Brasil Centro-Leste e Brasil Nordeste) e uma regi\u00e3o mission\u00e1ria (Brasil Amaz\u00f4nia). H\u00e1 seis anos, a Companhia de Jesus no Brasil vem se preparando para se organizar em uma s\u00f3 Prov\u00edncia. Na nova configura\u00e7\u00e3o, a divis\u00e3o em diversas prov\u00edncias deixa de existir. Na nova estrutura, o provincial ser\u00e1 auxiliado por uma equipe de colaboradores imediatos e dez superiores \u2013 sendo tr\u00eas ligados \u00e0s casas de forma\u00e7\u00e3o, e sete respons\u00e1veis pelo acompanhamento da vida e da miss\u00e3o dos jesu\u00edtas nas chamadas \u201cPlataformas Apost\u00f3licas\u201d, configuradas em Amaz\u00f4nia, Centro-Oeste, Nordeste 1, Nordeste 2, Leste, Sul 1 e Sul 2.<\/p>\n<p style=\"text-indent: 1.25cm; margin-bottom: 0cm;\" align=\"JUSTIFY\">Atualmente, a Companhia de Jesus est\u00e1 presente em mais de 130 pa\u00edses e tem em sua estrutura centros educacionais, sociais e de forma\u00e7\u00e3o. A Rede Jesu\u00edta de Educa\u00e7\u00e3o \u00e9 uma das maiores do mundo com mais de 180 col\u00e9gios, 200 universidades e faculdades. A Ordem conta tamb\u00e9m com mais de 2.700 centros de Educa\u00e7\u00e3o Popular F\u00e9 e Alegria, que juntos beneficiam mais de 3 milh\u00f5es de pessoas oferecendo um ensino de qualidade, formando homens e mulheres para os demais.<\/p>\n","protected":false},"excerpt":{"rendered":"<p>O Reitor da Universidade Cat\u00f3lica de Pernambuco, Padre Pedro Rubens, participa, domingo, no Rio de Janeiro, da posse do novo Provincial dos Jesu\u00edtas no Brasil, Padre Jo\u00e3o Renato Eidt. Natural de Itapiranga, em Santa Catarina, e reitor desde 2012 do Centro Interprovincial de Forma\u00e7\u00e3o Santo In\u00e1cio de Loyola,em Belo Horizonte, ele ter\u00e1 a miss\u00e3o de [&hellip;]<\/p>\n","protected":false},"author":2,"featured_media":0,"comment_status":"open","ping_status":"open","sticky":false,"template":"","format":"standard","meta":[],"categories":[4],"tags":[],"jetpack-related-posts":[],"_links":{"self":[{"href":"https:\/\/www1.unicap.br\/assecom1\/wp-json\/wp\/v2\/posts\/49830"}],"collection":[{"href":"https:\/\/www1.unicap.br\/assecom1\/wp-json\/wp\/v2\/posts"}],"about":[{"href":"https:\/\/www1.unicap.br\/assecom1\/wp-json\/wp\/v2\/types\/post"}],"author":[{"embeddable":true,"href":"https:\/\/www1.unicap.br\/assecom1\/wp-json\/wp\/v2\/users\/2"}],"replies":[{"embeddable":true,"href":"https:\/\/www1.unicap.br\/assecom1\/wp-json\/wp\/v2\/comments?post=49830"}],"version-history":[{"count":1,"href":"https:\/\/www1.unicap.br\/assecom1\/wp-json\/wp\/v2\/posts\/49830\/revisions"}],"predecessor-version":[{"id":49831,"href":"https:\/\/www1.unicap.br\/assecom1\/wp-json\/wp\/v2\/posts\/49830\/revisions\/49831"}],"wp:attachment":[{"href":"https:\/\/www1.unicap.br\/assecom1\/wp-json\/wp\/v2\/media?parent=49830"}],"wp:term":[{"taxonomy":"category","embeddable":true,"href":"https:\/\/www1.unicap.br\/assecom1\/wp-json\/wp\/v2\/categories?post=49830"},{"taxonomy":"post_tag","embeddable":true,"href":"https:\/\/www1.unicap.br\/assecom1\/wp-json\/wp\/v2\/tags?post=49830"}],"curies":[{"name":"wp","href":"https:\/\/api.w.org\/{rel}","templated":true}]}}