{"id":49718,"date":"2014-11-07T15:07:00","date_gmt":"2014-11-07T18:07:00","guid":{"rendered":"http:\/\/www.unicap.br\/assecom1\/?p=49718"},"modified":"2014-11-07T16:44:33","modified_gmt":"2014-11-07T19:44:33","slug":"mec-reconhece-a-catolica-como-instituicao-comunitaria-de-educacao-superior","status":"publish","type":"post","link":"https:\/\/www1.unicap.br\/assecom1\/mec-reconhece-a-catolica-como-instituicao-comunitaria-de-educacao-superior\/","title":{"rendered":"MEC reconhece a Cat\u00f3lica como Institui\u00e7\u00e3o Comunit\u00e1ria de Educa\u00e7\u00e3o Superior"},"content":{"rendered":"<p>A Universidade Cat\u00f3lica de Pernambuco foi qualificada pelo Minist\u00e9rio da Educa\u00e7\u00e3o como Institui\u00e7\u00e3o Comunit\u00e1ria de Educa\u00e7\u00e3o Superior (ICES). A portaria, que foi publicada no Di\u00e1rio Oficial da Uni\u00e3o de quinta-feira (6 de novembro), \u00e9 mais um reconhecimento aos servi\u00e7os de educa\u00e7\u00e3o prestados pela Unicap \u00e0 comunidade pernambucana desde 1943. O fato de a Cat\u00f3lica se tornar legalmente uma Universidade Comunit\u00e1ria confirma a sua natureza jur\u00eddica de uma institui\u00e7\u00e3o cuja finalidade \u00e9 eminentemente de interesse p\u00fablico.<\/p>\n<p>A partir de agora, a Unicap poder\u00e1 ampliar suas parcerias com o Governo Federal para fomento e execu\u00e7\u00e3o das atividades de interesse p\u00fablico previstas na Lei 12.881, sancionada pela presidente Dilma Rousseff em 12 de novembro de 2013 e que disp\u00f5e sobre a defini\u00e7\u00e3o, qualifica\u00e7\u00e3o, prerrogativas e finalidades das ICES.<\/p>\n<p>Segundo o Reitor da Unicap e presidente da Associa\u00e7\u00e3o Brasileira das Universidades Comunit\u00e1rias, Padre Pedro Rubens, o diferencial das Institui\u00e7\u00f5es Comunit\u00e1rias \u00e9, historicamente, a rela\u00e7\u00e3o constru\u00edda com a comunidade: tanto a comunidade universit\u00e1ria, por meio de bolsas e outros benef\u00edcios, quanto a comunidade externa, mediante a presta\u00e7\u00e3o de servi\u00e7os educacionais e sociais. \u201cA nova lei \u00e9 um marco hist\u00f3rico n\u00e3o somente no Brasil, mas tamb\u00e9m no mundo, porque supera a polariza\u00e7\u00e3o entre o p\u00fablico e o privado. Nem p\u00fablicas estatais nem privadas particulares, as comunit\u00e1rias s\u00e3o p\u00fablicas n\u00e3o estatais. Concretamente, s\u00e3o institui\u00e7\u00f5es com um efetivo compromisso social, que prestam um servi\u00e7o p\u00fablico, sem fins lucrativos\u201d, enfatizou Padre Pedro Rubens.<\/p>\n<p>&nbsp;<\/p>\n<p>&nbsp;<\/p>\n<p>&nbsp;<\/p>\n","protected":false},"excerpt":{"rendered":"<p>A Universidade Cat\u00f3lica de Pernambuco foi qualificada pelo Minist\u00e9rio da Educa\u00e7\u00e3o como Institui\u00e7\u00e3o Comunit\u00e1ria de Educa\u00e7\u00e3o Superior (ICES). A portaria, que foi publicada no Di\u00e1rio Oficial da Uni\u00e3o de quinta-feira (6 de novembro), \u00e9 mais um reconhecimento aos servi\u00e7os de educa\u00e7\u00e3o prestados pela Unicap \u00e0 comunidade pernambucana desde 1943. O fato de a Cat\u00f3lica se [&hellip;]<\/p>\n","protected":false},"author":2,"featured_media":0,"comment_status":"open","ping_status":"open","sticky":false,"template":"","format":"standard","meta":[],"categories":[4],"tags":[],"jetpack-related-posts":[],"_links":{"self":[{"href":"https:\/\/www1.unicap.br\/assecom1\/wp-json\/wp\/v2\/posts\/49718"}],"collection":[{"href":"https:\/\/www1.unicap.br\/assecom1\/wp-json\/wp\/v2\/posts"}],"about":[{"href":"https:\/\/www1.unicap.br\/assecom1\/wp-json\/wp\/v2\/types\/post"}],"author":[{"embeddable":true,"href":"https:\/\/www1.unicap.br\/assecom1\/wp-json\/wp\/v2\/users\/2"}],"replies":[{"embeddable":true,"href":"https:\/\/www1.unicap.br\/assecom1\/wp-json\/wp\/v2\/comments?post=49718"}],"version-history":[{"count":3,"href":"https:\/\/www1.unicap.br\/assecom1\/wp-json\/wp\/v2\/posts\/49718\/revisions"}],"predecessor-version":[{"id":49749,"href":"https:\/\/www1.unicap.br\/assecom1\/wp-json\/wp\/v2\/posts\/49718\/revisions\/49749"}],"wp:attachment":[{"href":"https:\/\/www1.unicap.br\/assecom1\/wp-json\/wp\/v2\/media?parent=49718"}],"wp:term":[{"taxonomy":"category","embeddable":true,"href":"https:\/\/www1.unicap.br\/assecom1\/wp-json\/wp\/v2\/categories?post=49718"},{"taxonomy":"post_tag","embeddable":true,"href":"https:\/\/www1.unicap.br\/assecom1\/wp-json\/wp\/v2\/tags?post=49718"}],"curies":[{"name":"wp","href":"https:\/\/api.w.org\/{rel}","templated":true}]}}