{"id":49469,"date":"2014-10-22T15:14:28","date_gmt":"2014-10-22T18:14:28","guid":{"rendered":"http:\/\/www.unicap.br\/assecom1\/?p=49469"},"modified":"2014-10-22T15:14:28","modified_gmt":"2014-10-22T18:14:28","slug":"lafam-vai-promover-iv-jornada-de-psicologia-nos-dias-13-e-14-de-novembro","status":"publish","type":"post","link":"https:\/\/www1.unicap.br\/assecom1\/lafam-vai-promover-iv-jornada-de-psicologia-nos-dias-13-e-14-de-novembro\/","title":{"rendered":"Lafam vai promover IV Jornada de Psicologia nos dias 13 e 14 de novembro"},"content":{"rendered":"<p>O Laborat\u00f3rio de Fam\u00edlia, G\u00eanero e Intera\u00e7\u00e3o Social (Lafam), da Universidade Cat\u00f3lica de Pernambuco, vai promover a IV Jornada de Psicologia, nos dias 13 e 14 de novembro. Este ano o tema central ser\u00e1 &#8220;Contribui\u00e7\u00f5es do Modelo Transte\u00f3rico de Mudan\u00e7a para Cl\u00ednica Psicol\u00f3gica&#8221;. O evento \u00e9 preparat\u00f3rio para o XXIII Congresso Brasileiro da Associa\u00e7\u00e3o Brasileira para os Estudos de \u00c1lcool e Outras Drogas. As inscri\u00e7\u00f5es podem ser feitas pelo www.unicap.br\/pages\/lafam. Informa\u00e7\u00f5es pelo fone 2119.4015 ou pelo email unicap.lafam@unicap.br<\/p>\n<p><strong>Programa\u00e7\u00e3o<\/strong><\/p>\n<p><strong>Semin\u00e1rio<\/strong><\/p>\n<p>Modelo Transte\u00f3rico de Mudan\u00e7a\/Entrevista Motiavacional<\/p>\n<p>Ministrante: Prof\u00aa Dr\u00aa Margareth Oliveira (PUC\/RS)<\/p>\n<p><strong>Quinta<\/strong> &#8211; 13\/11\/14<\/p>\n<p>Manh\u00e3 (8h \u00e0s 12h)<\/p>\n<p>Tarde (13h \u00e0s 17h)<\/p>\n<p><strong>Sexta<\/strong> &#8211; 14\/11\/14<\/p>\n<p>manh\u00e3 (8h \u00e0s 12h)<\/p>\n<p>&nbsp;<\/p>\n<p><strong>Confer\u00eancia<\/strong><\/p>\n<p>A Pol\u00edtica de Drogas Moderna: o que podemos aplicar no Brasil para avan\u00e7ar com a preven\u00e7\u00e3o?<\/p>\n<p>Conferencista: Prof\u00aa Dr\u00aa Ana Cec\u00edlia Marques (Abead)<\/p>\n<p><strong>Sexta<\/strong> &#8211; 14\/11\/14<\/p>\n<p>Tarde (14h \u00e0s 15h)<\/p>\n<p>&nbsp;<\/p>\n<p><strong>Mesa-redonda<\/strong><\/p>\n<p>Preven\u00e7\u00e3o e Intersetorialidade<\/p>\n<p>Coordena\u00e7\u00e3o: Prof\u00aa Dr\u00aa Suely Santana (Unicap)<\/p>\n<p><strong>Sexta<\/strong> &#8211; 14\/11\/14<\/p>\n<p>Tarde (15h \u00e0s 16h20)<\/p>\n<p>&nbsp;<\/p>\n<p><strong>Exposi\u00e7\u00e3o de P\u00f4steres<\/strong><\/p>\n<p><strong>Sexta<\/strong> &#8211; 14\/11\/14<\/p>\n<p>Tarde (16h20 \u00e0s 16h50)<\/p>\n<p>&nbsp;<\/p>\n<p><strong>Lan\u00e7amento do livro<\/strong><\/p>\n<p>Preven\u00e7\u00e3o ao Uso de \u00c1lcool e Drogas: o que cada um de n\u00f3s pode e deve fazer?<\/p>\n<p><strong>Sexta<\/strong> &#8211; 14\/11\/14<\/p>\n<p>Tarde (17h)<\/p>\n<p>&nbsp;<\/p>\n","protected":false},"excerpt":{"rendered":"<p>O Laborat\u00f3rio de Fam\u00edlia, G\u00eanero e Intera\u00e7\u00e3o Social (Lafam), da Universidade Cat\u00f3lica de Pernambuco, vai promover a IV Jornada de Psicologia, nos dias 13 e 14 de novembro. Este ano o tema central ser\u00e1 &#8220;Contribui\u00e7\u00f5es do Modelo Transte\u00f3rico de Mudan\u00e7a para Cl\u00ednica Psicol\u00f3gica&#8221;. O evento \u00e9 preparat\u00f3rio para o XXIII Congresso Brasileiro da Associa\u00e7\u00e3o Brasileira [&hellip;]<\/p>\n","protected":false},"author":2,"featured_media":0,"comment_status":"open","ping_status":"open","sticky":false,"template":"","format":"standard","meta":[],"categories":[4],"tags":[],"jetpack-related-posts":[],"_links":{"self":[{"href":"https:\/\/www1.unicap.br\/assecom1\/wp-json\/wp\/v2\/posts\/49469"}],"collection":[{"href":"https:\/\/www1.unicap.br\/assecom1\/wp-json\/wp\/v2\/posts"}],"about":[{"href":"https:\/\/www1.unicap.br\/assecom1\/wp-json\/wp\/v2\/types\/post"}],"author":[{"embeddable":true,"href":"https:\/\/www1.unicap.br\/assecom1\/wp-json\/wp\/v2\/users\/2"}],"replies":[{"embeddable":true,"href":"https:\/\/www1.unicap.br\/assecom1\/wp-json\/wp\/v2\/comments?post=49469"}],"version-history":[{"count":1,"href":"https:\/\/www1.unicap.br\/assecom1\/wp-json\/wp\/v2\/posts\/49469\/revisions"}],"predecessor-version":[{"id":49470,"href":"https:\/\/www1.unicap.br\/assecom1\/wp-json\/wp\/v2\/posts\/49469\/revisions\/49470"}],"wp:attachment":[{"href":"https:\/\/www1.unicap.br\/assecom1\/wp-json\/wp\/v2\/media?parent=49469"}],"wp:term":[{"taxonomy":"category","embeddable":true,"href":"https:\/\/www1.unicap.br\/assecom1\/wp-json\/wp\/v2\/categories?post=49469"},{"taxonomy":"post_tag","embeddable":true,"href":"https:\/\/www1.unicap.br\/assecom1\/wp-json\/wp\/v2\/tags?post=49469"}],"curies":[{"name":"wp","href":"https:\/\/api.w.org\/{rel}","templated":true}]}}