{"id":49451,"date":"2014-10-22T11:33:57","date_gmt":"2014-10-22T14:33:57","guid":{"rendered":"http:\/\/www.unicap.br\/assecom1\/?p=49451"},"modified":"2014-10-22T11:33:57","modified_gmt":"2014-10-22T14:33:57","slug":"economia-solidaria-a-servico-da-arte-reciclagem","status":"publish","type":"post","link":"https:\/\/www1.unicap.br\/assecom1\/economia-solidaria-a-servico-da-arte-reciclagem\/","title":{"rendered":"Economia Solid\u00e1ria a servi\u00e7o da arte-reciclagem"},"content":{"rendered":"<div style=\"color: #222222;\"><span style=\"color: #000000;\">A Unicap promove mais uma edi\u00e7\u00e3o da feira dos 3 Rs (reduzir, reutilizar e reciclar) entre os dias 21 e 23 de outubro. A a\u00e7\u00e3o faz parte da programa\u00e7\u00e3o da 12\u00aa Semana de Integra\u00e7\u00e3o Uni<\/span><span style=\"color: #000000;\">versidade Cat\u00f3lica de Pernambuco e Sociedade, que tem como tema\u00a0<i>A cidade que queremos.\u00a0<\/i><\/span><\/div>\n<div style=\"color: #222222;\"><span style=\"color: #000000;\">\u00a0<\/span><\/div>\n<div style=\"color: #222222;\"><span style=\"color: #000000;\"><span style=\"color: #000000;\"><\/span><\/span><\/p>\n<figure id=\"attachment_49453\" aria-describedby=\"caption-attachment-49453\" style=\"width: 300px\" class=\"wp-caption alignright\"><a href=\"https:\/\/i0.wp.com\/www1.unicap.br\/assecom1\/wp-content\/uploads\/2014\/10\/Feira.jpg?ssl=1\"><img data-attachment-id=\"49453\" data-permalink=\"https:\/\/www1.unicap.br\/assecom1\/economia-solidaria-a-servico-da-arte-reciclagem\/feira\/\" data-orig-file=\"https:\/\/i0.wp.com\/www1.unicap.br\/assecom1\/wp-content\/uploads\/2014\/10\/Feira.jpg?fit=640%2C478&amp;ssl=1\" data-orig-size=\"640,478\" data-comments-opened=\"1\" data-image-meta=\"{&quot;aperture&quot;:&quot;2.8&quot;,&quot;credit&quot;:&quot;&quot;,&quot;camera&quot;:&quot;iPhone 4&quot;,&quot;caption&quot;:&quot;&quot;,&quot;created_timestamp&quot;:&quot;1413973270&quot;,&quot;copyright&quot;:&quot;&quot;,&quot;focal_length&quot;:&quot;3.85&quot;,&quot;iso&quot;:&quot;100&quot;,&quot;shutter_speed&quot;:&quot;0.066666666666667&quot;,&quot;title&quot;:&quot;&quot;}\" data-image-title=\"Feira\" data-image-description=\"\" data-medium-file=\"https:\/\/i0.wp.com\/www1.unicap.br\/assecom1\/wp-content\/uploads\/2014\/10\/Feira.jpg?fit=300%2C224&amp;ssl=1\" data-large-file=\"https:\/\/i0.wp.com\/www1.unicap.br\/assecom1\/wp-content\/uploads\/2014\/10\/Feira.jpg?fit=640%2C478&amp;ssl=1\" loading=\"lazy\" class=\"wp-image-49453 size-medium\" src=\"https:\/\/i0.wp.com\/www1.unicap.br\/assecom1\/wp-content\/uploads\/2014\/10\/Feira.jpg?resize=300%2C224&#038;ssl=1\" alt=\"Feira\" srcset=\"https:\/\/i0.wp.com\/www1.unicap.br\/assecom1\/wp-content\/uploads\/2014\/10\/Feira.jpg?resize=300%2C224&amp;ssl=1 300w, https:\/\/i0.wp.com\/www1.unicap.br\/assecom1\/wp-content\/uploads\/2014\/10\/Feira.jpg?resize=50%2C37&amp;ssl=1 50w, https:\/\/i0.wp.com\/www1.unicap.br\/assecom1\/wp-content\/uploads\/2014\/10\/Feira.jpg?w=640&amp;ssl=1 640w\" sizes=\"(max-width: 300px) 100vw, 300px\" data-recalc-dims=\"1\" \/><\/a><figcaption id=\"caption-attachment-49453\" class=\"wp-caption-text\">A Feira dos 3Rs no hall do bloco G<\/figcaption><\/figure>\n<p><span style=\"color: #000000;\">A feira reune, no hall do bloco G,\u00a0<\/span><span style=\"color: #000000;\">30 expositores entre comerciantes e grupos ecol\u00f3gicos. Os visitantes ter\u00e3o a oportunidade de conferir artesanatos desenvolvidos com materiais que seriam jogados no lixo.\u00a0<\/span>O evento \u00e9 fruto de uma parceria entre o Instituto Humanitas Unicap, Uni\u00e3o dos Empreendedores da Economia Solid\u00e1ria (Unees) e a Associa\u00e7\u00e3o Pernambucana de Defesa da Natureza (Aspan).<\/div>\n<div style=\"color: #222222;\"><span style=\"color: #000000;\">\u00a0<\/span><\/div>\n<div style=\"color: #222222;\"><span style=\"color: #000000;\"><span style=\"color: #000000;\"><\/span><\/span><\/p>\n<figure id=\"attachment_49454\" aria-describedby=\"caption-attachment-49454\" style=\"width: 300px\" class=\"wp-caption alignleft\"><a href=\"https:\/\/i1.wp.com\/www1.unicap.br\/assecom1\/wp-content\/uploads\/2014\/10\/Artur.jpg?ssl=1\"><img data-attachment-id=\"49454\" data-permalink=\"https:\/\/www1.unicap.br\/assecom1\/economia-solidaria-a-servico-da-arte-reciclagem\/artur-2\/\" data-orig-file=\"https:\/\/i1.wp.com\/www1.unicap.br\/assecom1\/wp-content\/uploads\/2014\/10\/Artur.jpg?fit=640%2C478&amp;ssl=1\" data-orig-size=\"640,478\" data-comments-opened=\"1\" data-image-meta=\"{&quot;aperture&quot;:&quot;2.8&quot;,&quot;credit&quot;:&quot;&quot;,&quot;camera&quot;:&quot;iPhone 4&quot;,&quot;caption&quot;:&quot;&quot;,&quot;created_timestamp&quot;:&quot;1413972640&quot;,&quot;copyright&quot;:&quot;&quot;,&quot;focal_length&quot;:&quot;3.85&quot;,&quot;iso&quot;:&quot;100&quot;,&quot;shutter_speed&quot;:&quot;0.025&quot;,&quot;title&quot;:&quot;&quot;}\" data-image-title=\"Artur\" data-image-description=\"\" data-medium-file=\"https:\/\/i1.wp.com\/www1.unicap.br\/assecom1\/wp-content\/uploads\/2014\/10\/Artur.jpg?fit=300%2C224&amp;ssl=1\" data-large-file=\"https:\/\/i1.wp.com\/www1.unicap.br\/assecom1\/wp-content\/uploads\/2014\/10\/Artur.jpg?fit=640%2C478&amp;ssl=1\" loading=\"lazy\" class=\"wp-image-49454 size-medium\" src=\"https:\/\/i1.wp.com\/www1.unicap.br\/assecom1\/wp-content\/uploads\/2014\/10\/Artur.jpg?resize=300%2C224&#038;ssl=1\" alt=\"Artur\" srcset=\"https:\/\/i1.wp.com\/www1.unicap.br\/assecom1\/wp-content\/uploads\/2014\/10\/Artur.jpg?resize=300%2C224&amp;ssl=1 300w, https:\/\/i1.wp.com\/www1.unicap.br\/assecom1\/wp-content\/uploads\/2014\/10\/Artur.jpg?resize=50%2C37&amp;ssl=1 50w, https:\/\/i1.wp.com\/www1.unicap.br\/assecom1\/wp-content\/uploads\/2014\/10\/Artur.jpg?w=640&amp;ssl=1 640w\" sizes=\"(max-width: 300px) 100vw, 300px\" data-recalc-dims=\"1\" \/><\/a><figcaption id=\"caption-attachment-49454\" class=\"wp-caption-text\">Artur Melo &#8211; Unees<\/figcaption><\/figure>\n<p><span style=\"color: #000000;\">A Feira dos 3Rs \u00e9 realizada desde 2002, sempre no m\u00eas de outubro, com o objetivo de despertar o interesse da popula\u00e7\u00e3o sobre a import\u00e2ncia da redu\u00e7\u00e3o, reutiliza\u00e7\u00e3o e reciclagem. &#8220;Al\u00e9m de contribuir com a natureza, essa nova economia \u00e9 tamb\u00e9m uma resposta ao desemprego&#8221;, analisa Artur Melo, presidente da Unees.<\/span><\/div>\n<div style=\"color: #222222;\"><span style=\"color: #000000;\">\u00a0<\/span><\/div>\n<div style=\"color: #222222;\"><span style=\"color: #000000;\">H\u00e1 quem encontre na arte-reciclagem um prazer ou estilo de vida. Leyla Ara\u00fajo, 53 anos, \u00e9 t\u00e9cnica em mec\u00e2nica industrial e eletricista predial. H\u00e1 oito anos, ela uniu o croch\u00ea \u00e0 reciclagem ao usar lacres de latas de refrigerante ou cerveja para produzir cortinas, jogos americanos e porta-copos.\u00a0<\/span><\/div>\n<div style=\"color: #222222;\"><span style=\"color: #000000;\"><a href=\"https:\/\/i0.wp.com\/www1.unicap.br\/assecom1\/wp-content\/uploads\/2014\/10\/Garrafas.jpg?ssl=1\"><img data-attachment-id=\"49457\" data-permalink=\"https:\/\/www1.unicap.br\/assecom1\/economia-solidaria-a-servico-da-arte-reciclagem\/garrafas\/\" data-orig-file=\"https:\/\/i0.wp.com\/www1.unicap.br\/assecom1\/wp-content\/uploads\/2014\/10\/Garrafas-e1413988426467.jpg?fit=214%2C193&amp;ssl=1\" data-orig-size=\"214,193\" data-comments-opened=\"1\" data-image-meta=\"{&quot;aperture&quot;:&quot;2.8&quot;,&quot;credit&quot;:&quot;&quot;,&quot;camera&quot;:&quot;iPhone 4&quot;,&quot;caption&quot;:&quot;&quot;,&quot;created_timestamp&quot;:&quot;1413972945&quot;,&quot;copyright&quot;:&quot;&quot;,&quot;focal_length&quot;:&quot;3.85&quot;,&quot;iso&quot;:&quot;80&quot;,&quot;shutter_speed&quot;:&quot;0.016666666666667&quot;,&quot;title&quot;:&quot;&quot;}\" data-image-title=\"Garrafas\" data-image-description=\"\" data-medium-file=\"https:\/\/i0.wp.com\/www1.unicap.br\/assecom1\/wp-content\/uploads\/2014\/10\/Garrafas-e1413988426467.jpg?fit=300%2C224&amp;ssl=1\" data-large-file=\"https:\/\/i0.wp.com\/www1.unicap.br\/assecom1\/wp-content\/uploads\/2014\/10\/Garrafas-e1413988426467.jpg?fit=214%2C193&amp;ssl=1\" loading=\"lazy\" class=\"alignleft wp-image-49457 size-medium\" src=\"https:\/\/i0.wp.com\/www1.unicap.br\/assecom1\/wp-content\/uploads\/2014\/10\/Garrafas.jpg?resize=300%2C224&#038;ssl=1\" alt=\"Garrafas\" data-recalc-dims=\"1\" \/><\/a><\/span><\/div>\n<div style=\"color: #222222;\"><span style=\"color: #000000;\">\u00a0<\/span><\/div>\n<div style=\"color: #222222;\"><\/div>\n<div style=\"color: #222222;\"><\/div>\n<div style=\"color: #222222;\"><\/div>\n<div style=\"color: #222222;\"><\/div>\n<div style=\"color: #222222;\"><\/div>\n<div style=\"color: #222222;\"><\/div>\n<div style=\"color: #222222;\"><\/div>\n<div style=\"color: #222222;\"><\/div>\n<div style=\"color: #222222;\"><\/div>\n<div style=\"color: #222222;\"><\/div>\n<div style=\"color: #222222;\"><span style=\"color: #000000;\"><span style=\"color: #000000;\"><\/span><\/span><\/p>\n<figure id=\"attachment_49455\" aria-describedby=\"caption-attachment-49455\" style=\"width: 300px\" class=\"wp-caption alignleft\"><a href=\"https:\/\/i2.wp.com\/www1.unicap.br\/assecom1\/wp-content\/uploads\/2014\/10\/Leyla.jpg?ssl=1\"><img data-attachment-id=\"49455\" data-permalink=\"https:\/\/www1.unicap.br\/assecom1\/economia-solidaria-a-servico-da-arte-reciclagem\/leyla\/\" data-orig-file=\"https:\/\/i2.wp.com\/www1.unicap.br\/assecom1\/wp-content\/uploads\/2014\/10\/Leyla.jpg?fit=640%2C478&amp;ssl=1\" data-orig-size=\"640,478\" data-comments-opened=\"1\" data-image-meta=\"{&quot;aperture&quot;:&quot;2.8&quot;,&quot;credit&quot;:&quot;&quot;,&quot;camera&quot;:&quot;iPhone 4&quot;,&quot;caption&quot;:&quot;&quot;,&quot;created_timestamp&quot;:&quot;1413972995&quot;,&quot;copyright&quot;:&quot;&quot;,&quot;focal_length&quot;:&quot;3.85&quot;,&quot;iso&quot;:&quot;100&quot;,&quot;shutter_speed&quot;:&quot;0.01&quot;,&quot;title&quot;:&quot;&quot;}\" data-image-title=\"Leyla\" data-image-description=\"\" data-medium-file=\"https:\/\/i2.wp.com\/www1.unicap.br\/assecom1\/wp-content\/uploads\/2014\/10\/Leyla.jpg?fit=300%2C224&amp;ssl=1\" data-large-file=\"https:\/\/i2.wp.com\/www1.unicap.br\/assecom1\/wp-content\/uploads\/2014\/10\/Leyla.jpg?fit=640%2C478&amp;ssl=1\" loading=\"lazy\" class=\"wp-image-49455 size-medium\" src=\"https:\/\/i2.wp.com\/www1.unicap.br\/assecom1\/wp-content\/uploads\/2014\/10\/Leyla.jpg?resize=300%2C224&#038;ssl=1\" alt=\"Leyla\" srcset=\"https:\/\/i2.wp.com\/www1.unicap.br\/assecom1\/wp-content\/uploads\/2014\/10\/Leyla.jpg?resize=300%2C224&amp;ssl=1 300w, https:\/\/i2.wp.com\/www1.unicap.br\/assecom1\/wp-content\/uploads\/2014\/10\/Leyla.jpg?resize=50%2C37&amp;ssl=1 50w, https:\/\/i2.wp.com\/www1.unicap.br\/assecom1\/wp-content\/uploads\/2014\/10\/Leyla.jpg?w=640&amp;ssl=1 640w\" sizes=\"(max-width: 300px) 100vw, 300px\" data-recalc-dims=\"1\" \/><\/a><figcaption id=\"caption-attachment-49455\" class=\"wp-caption-text\">Leyla optou por ser aut\u00f4noma<\/figcaption><\/figure>\n<p><span style=\"color: #000000;\">&#8220;As pessoas pensam que para sobreviver \u00e9 preciso ter carteira assinada, estar numa empresa. Basta ter disposi\u00e7\u00e3o e encarar a vida como ela \u00e9. Eu adoro ser aut\u00f4noma. \u00c9 assim que eu pago minhas contas e crio dois filhos: um faz Educa\u00e7\u00e3o F\u00edsica e o outro, bacharelado em Filosofia&#8221;, disse.<\/span><\/div>\n<div style=\"color: #222222;\"><\/div>\n<div style=\"color: #222222;\"><\/div>\n<div style=\"color: #222222;\"><\/div>\n<div style=\"color: #222222;\"><\/div>\n<div style=\"color: #222222;\"><\/div>\n<div style=\"color: #222222;\"><b>M\u00e3es do Liceu<\/b>\u00a0&#8211; A Feira dos Rs tamb\u00e9m conta com a participa\u00e7\u00e3o do grupo M\u00e3es do Liceu, que\u00a0<span style=\"color: #000000;\">produz e comercializa pe\u00e7as a partir do reaproveitamento de banners de eventos.\u00a0Com muita criatividade e dedica\u00e7\u00e3o, as lonas se transformam em bolsas, porta-objetos e porta-l\u00e1pis. As a\u00e7\u00f5es do Projeto M\u00e3es do Liceu come\u00e7aram h\u00e1 oito anos quando\u00a0mulheres que acompanhavam seus filhos na escola passaram a desenvolver trabalhos volunt\u00e1rios enquanto esperavam por eles.\u00a0<\/span><\/div>\n","protected":false},"excerpt":{"rendered":"<p>A Unicap promove mais uma edi\u00e7\u00e3o da feira dos 3 Rs (reduzir, reutilizar e reciclar) entre os dias 21 e 23 de outubro. A a\u00e7\u00e3o faz parte da programa\u00e7\u00e3o da 12\u00aa Semana de Integra\u00e7\u00e3o Universidade Cat\u00f3lica de Pernambuco e Sociedade, que tem como tema\u00a0A cidade que queremos.\u00a0 \u00a0 A feira reune, no hall do bloco [&hellip;]<\/p>\n","protected":false},"author":8,"featured_media":49457,"comment_status":"open","ping_status":"open","sticky":false,"template":"","format":"standard","meta":[],"categories":[4],"tags":[],"jetpack-related-posts":[],"_links":{"self":[{"href":"https:\/\/www1.unicap.br\/assecom1\/wp-json\/wp\/v2\/posts\/49451"}],"collection":[{"href":"https:\/\/www1.unicap.br\/assecom1\/wp-json\/wp\/v2\/posts"}],"about":[{"href":"https:\/\/www1.unicap.br\/assecom1\/wp-json\/wp\/v2\/types\/post"}],"author":[{"embeddable":true,"href":"https:\/\/www1.unicap.br\/assecom1\/wp-json\/wp\/v2\/users\/8"}],"replies":[{"embeddable":true,"href":"https:\/\/www1.unicap.br\/assecom1\/wp-json\/wp\/v2\/comments?post=49451"}],"version-history":[{"count":8,"href":"https:\/\/www1.unicap.br\/assecom1\/wp-json\/wp\/v2\/posts\/49451\/revisions"}],"predecessor-version":[{"id":49463,"href":"https:\/\/www1.unicap.br\/assecom1\/wp-json\/wp\/v2\/posts\/49451\/revisions\/49463"}],"wp:featuredmedia":[{"embeddable":true,"href":"https:\/\/www1.unicap.br\/assecom1\/wp-json\/wp\/v2\/media\/49457"}],"wp:attachment":[{"href":"https:\/\/www1.unicap.br\/assecom1\/wp-json\/wp\/v2\/media?parent=49451"}],"wp:term":[{"taxonomy":"category","embeddable":true,"href":"https:\/\/www1.unicap.br\/assecom1\/wp-json\/wp\/v2\/categories?post=49451"},{"taxonomy":"post_tag","embeddable":true,"href":"https:\/\/www1.unicap.br\/assecom1\/wp-json\/wp\/v2\/tags?post=49451"}],"curies":[{"name":"wp","href":"https:\/\/api.w.org\/{rel}","templated":true}]}}