{"id":49347,"date":"2014-10-16T19:21:56","date_gmt":"2014-10-16T22:21:56","guid":{"rendered":"http:\/\/www.unicap.br\/assecom1\/?p=49347"},"modified":"2014-10-16T21:18:57","modified_gmt":"2014-10-17T00:18:57","slug":"assembleia-participa-das-semanas-nacional-e-pernambucana-de-ciencia-e-tecnologia","status":"publish","type":"post","link":"https:\/\/www1.unicap.br\/assecom1\/assembleia-participa-das-semanas-nacional-e-pernambucana-de-ciencia-e-tecnologia\/","title":{"rendered":"Assembleia Legislativa presta homenagem p\u00f3stuma ao Padre Paulo Meneses"},"content":{"rendered":"<div id=\"yui_3_16_0_1_1413496853417_4279\">\n<div id=\"yui_3_16_0_1_1413496853417_4278\" dir=\"ltr\">\n<div id=\"yui_3_16_0_1_1413496853417_4381\">\n<div style=\"text-align: left;\" align=\"center\"><img data-attachment-id=\"49349\" data-permalink=\"https:\/\/www1.unicap.br\/assecom1\/assembleia-participa-das-semanas-nacional-e-pernambucana-de-ciencia-e-tecnologia\/tn-semana-ct\/\" data-orig-file=\"https:\/\/i2.wp.com\/www1.unicap.br\/assecom1\/wp-content\/uploads\/2014\/10\/TN-Semana-CT.jpg?fit=640%2C426&amp;ssl=1\" data-orig-size=\"640,426\" data-comments-opened=\"1\" data-image-meta=\"{&quot;aperture&quot;:&quot;4&quot;,&quot;credit&quot;:&quot;&quot;,&quot;camera&quot;:&quot;Canon EOS 5D Mark II&quot;,&quot;caption&quot;:&quot;&quot;,&quot;created_timestamp&quot;:&quot;1413463418&quot;,&quot;copyright&quot;:&quot;&quot;,&quot;focal_length&quot;:&quot;25&quot;,&quot;iso&quot;:&quot;3200&quot;,&quot;shutter_speed&quot;:&quot;0.011111111111111&quot;,&quot;title&quot;:&quot;&quot;}\" data-image-title=\"TN Semana C&#038;T\" data-image-description=\"\" data-medium-file=\"https:\/\/i2.wp.com\/www1.unicap.br\/assecom1\/wp-content\/uploads\/2014\/10\/TN-Semana-CT.jpg?fit=300%2C199&amp;ssl=1\" data-large-file=\"https:\/\/i2.wp.com\/www1.unicap.br\/assecom1\/wp-content\/uploads\/2014\/10\/TN-Semana-CT.jpg?fit=640%2C426&amp;ssl=1\" loading=\"lazy\" class=\"alignnone size-full wp-image-49349\" src=\"https:\/\/i2.wp.com\/www1.unicap.br\/assecom1\/wp-content\/uploads\/2014\/10\/TN-Semana-CT.jpg?resize=640%2C426&#038;ssl=1\" alt=\"TN Semana C&amp;T\" srcset=\"https:\/\/i2.wp.com\/www1.unicap.br\/assecom1\/wp-content\/uploads\/2014\/10\/TN-Semana-CT.jpg?w=640&amp;ssl=1 640w, https:\/\/i2.wp.com\/www1.unicap.br\/assecom1\/wp-content\/uploads\/2014\/10\/TN-Semana-CT.jpg?resize=300%2C200&amp;ssl=1 300w, https:\/\/i2.wp.com\/www1.unicap.br\/assecom1\/wp-content\/uploads\/2014\/10\/TN-Semana-CT.jpg?resize=50%2C33&amp;ssl=1 50w\" sizes=\"(max-width: 640px) 100vw, 640px\" data-recalc-dims=\"1\" \/><\/div>\n<div style=\"text-align: left;\" align=\"center\"><\/div>\n<div style=\"text-align: left;\" align=\"center\">Texto e fotos: Assessoria de Comunica\u00e7\u00e3o da Assembleia Legislativa de Pernambuco &#8211; Alepe<\/div>\n<div style=\"text-align: left;\" align=\"center\"><\/div>\n<div id=\"yui_3_16_0_1_1413496853417_4380\" style=\"text-align: left;\" align=\"center\">As Semanas Nacional e Pernambucana de Ci\u00eancia e Tecnologia, eventos promovidos pelo Minist\u00e9rio da Ci\u00eancia e Tecnologia e pelo Estado de Pernambuco, foram tema de Grande Expediente Especial nesta quinta-feira (16 de outubro), na Assembleia Legislativa de Pernambuco. A reuni\u00e3o foi proposta pela deputada Terezinha Nunes, do PSDB. Ci\u00eancia e Tecnologia para o Desenvolvimento Social \u00e9 o mote do evento este ano.<\/div>\n<\/div>\n<\/div>\n<\/div>\n<div id=\"yui_3_16_0_1_1413496853417_4279\">\n<div id=\"yui_3_16_0_1_1413496853417_4278\" dir=\"ltr\">\n<div id=\"yui_3_16_0_1_1413496853417_4381\">\n<div style=\"text-align: left;\" align=\"center\"><\/div>\n<div style=\"text-align: left;\" align=\"center\">O vice-presidente da Comiss\u00e3o de Ci\u00eancia e Tecnologia da Assembleia, deputado Diogo Moraes, do PSB, fez a abertura do encontro e afirmou que investir em conhecimento e acompanhar o desenvolvimento tecnol\u00f3gico deve ser miss\u00e3o de todos os governos.<\/div>\n<div style=\"text-align: left;\" align=\"center\"><\/div>\n<div style=\"text-align: left;\" align=\"center\"><img data-attachment-id=\"49348\" data-permalink=\"https:\/\/www1.unicap.br\/assecom1\/assembleia-participa-das-semanas-nacional-e-pernambucana-de-ciencia-e-tecnologia\/tn-semana-ct3\/\" data-orig-file=\"https:\/\/i1.wp.com\/www1.unicap.br\/assecom1\/wp-content\/uploads\/2014\/10\/TN-Semana-CT3.jpg?fit=640%2C428&amp;ssl=1\" data-orig-size=\"640,428\" data-comments-opened=\"1\" data-image-meta=\"{&quot;aperture&quot;:&quot;3.5&quot;,&quot;credit&quot;:&quot;&quot;,&quot;camera&quot;:&quot;Canon EOS 5D Mark II&quot;,&quot;caption&quot;:&quot;&quot;,&quot;created_timestamp&quot;:&quot;1413458157&quot;,&quot;copyright&quot;:&quot;&quot;,&quot;focal_length&quot;:&quot;24&quot;,&quot;iso&quot;:&quot;3200&quot;,&quot;shutter_speed&quot;:&quot;0.008&quot;,&quot;title&quot;:&quot;&quot;}\" data-image-title=\"TN Semana C&#038;T3\" data-image-description=\"\" data-medium-file=\"https:\/\/i1.wp.com\/www1.unicap.br\/assecom1\/wp-content\/uploads\/2014\/10\/TN-Semana-CT3.jpg?fit=300%2C200&amp;ssl=1\" data-large-file=\"https:\/\/i1.wp.com\/www1.unicap.br\/assecom1\/wp-content\/uploads\/2014\/10\/TN-Semana-CT3.jpg?fit=640%2C428&amp;ssl=1\" loading=\"lazy\" class=\"alignleft size-medium wp-image-49348\" src=\"https:\/\/i1.wp.com\/www1.unicap.br\/assecom1\/wp-content\/uploads\/2014\/10\/TN-Semana-CT3.jpg?resize=300%2C200&#038;ssl=1\" alt=\"TN Semana C&amp;T3\" srcset=\"https:\/\/i1.wp.com\/www1.unicap.br\/assecom1\/wp-content\/uploads\/2014\/10\/TN-Semana-CT3.jpg?resize=300%2C200&amp;ssl=1 300w, https:\/\/i1.wp.com\/www1.unicap.br\/assecom1\/wp-content\/uploads\/2014\/10\/TN-Semana-CT3.jpg?resize=50%2C33&amp;ssl=1 50w, https:\/\/i1.wp.com\/www1.unicap.br\/assecom1\/wp-content\/uploads\/2014\/10\/TN-Semana-CT3.jpg?w=640&amp;ssl=1 640w\" sizes=\"(max-width: 300px) 100vw, 300px\" data-recalc-dims=\"1\" \/>Terezinha Nunes comentou que a Semana Nacional de Ci\u00eancia e Tecnologia, que ocorre no per\u00edodo de 13 a 19 de outubro, desperta a curiosidade de crian\u00e7as e jovens, especialmente. Ela ressaltou que a iniciativa mobiliza universidades, centros de pesquisa, escolas, empresas e a sociedade. Segundo a parlamentar, Pernambuco se destaca no campo da Ci\u00eancia e Tecnologia em n\u00edvel nacional.<\/div>\n<div style=\"text-align: left;\" align=\"center\"><\/div>\n<div style=\"text-align: left;\" align=\"center\">A deputada, que \u00e9 presidente da Comiss\u00e3o de Ci\u00eancia e Tecnologia, lembrou que o Legislativo Estadual tem buscado contribuir para a populariza\u00e7\u00e3o do conhecimento cient\u00edfico. Uma das a\u00e7\u00f5es destacadas por Terezinha \u00e9 a homenagem anual a tr\u00eas cientistas not\u00e1veis que contribu\u00edram para o desenvolvimento cient\u00edfico de Pernambuco. Ela informou que, este ano, foi concedida uma distin\u00e7\u00e3o p\u00f3stuma ao padre Paulo Meneses, ao doutor em Qu\u00edmica Ricardo de Carvalho Ferreira e ao bot\u00e2nico D\u00e1rdano de Andrade Lima.<\/div>\n<div style=\"text-align: left;\" align=\"center\"><\/div>\n<div style=\"text-align: left;\" align=\"center\">Secret\u00e1rio executivo de Ci\u00eancia e Tecnologia de Pernambuco, Luis Henrique Lira, citou que, a cada ano, aumenta a participa\u00e7\u00e3o de prefeituras municipais na semana comemorativa. Ele ressaltou o esfor\u00e7o do Governo para levar \u00e0 popula\u00e7\u00e3o o desenvolvimento social, por meio do conhecimento.<\/div>\n<div style=\"text-align: left;\" align=\"center\"><\/div>\n<div style=\"text-align: left;\" align=\"center\">O diretor do Espa\u00e7o Ci\u00eancia, Ant\u00f4nio Carlos Pav\u00e3o, defendeu a populariza\u00e7\u00e3o da ci\u00eancia e tecnologia, lembrando que quem det\u00e9m o conhecimento, det\u00e9m o poder. O doutor em F\u00edsica e professor da UFPE, Ivon Fittipaldi, fez uma palestra onde lembrou que o Brasil precisa investir em infraestrutura e na amplia\u00e7\u00e3o do n\u00famero de pesquisadores.<\/div>\n<div style=\"text-align: left;\" align=\"center\"><\/div>\n<div style=\"text-align: left;\" align=\"center\">Tamb\u00e9m participaram do evento a secret\u00e1ria regional da Sociedade Brasileira para o Progresso da Ci\u00eancia (SBPC), Rejane Mansur, al\u00e9m do Pr\u00f3-reitor Comunit\u00e1rio da Unicap, Padre L\u00facio Fl\u00e1vio Cirne. A Assembleia tamb\u00e9m entregou placas comemorativas aos familiares dos not\u00e1veis cientistas pernambucanos escolhidos nesta edi\u00e7\u00e3o do evento.<\/div>\n<\/div>\n<\/div>\n<\/div>\n<div id=\"yui_3_16_0_1_1413496853417_4279\"><\/div>\n","protected":false},"excerpt":{"rendered":"<p>Texto e fotos: Assessoria de Comunica\u00e7\u00e3o da Assembleia Legislativa de Pernambuco &#8211; Alepe As Semanas Nacional e Pernambucana de Ci\u00eancia e Tecnologia, eventos promovidos pelo Minist\u00e9rio da Ci\u00eancia e Tecnologia e pelo Estado de Pernambuco, foram tema de Grande Expediente Especial nesta quinta-feira (16 de outubro), na Assembleia Legislativa de Pernambuco. A reuni\u00e3o foi proposta [&hellip;]<\/p>\n","protected":false},"author":3,"featured_media":49349,"comment_status":"open","ping_status":"open","sticky":false,"template":"","format":"standard","meta":[],"categories":[4],"tags":[],"jetpack-related-posts":[],"_links":{"self":[{"href":"https:\/\/www1.unicap.br\/assecom1\/wp-json\/wp\/v2\/posts\/49347"}],"collection":[{"href":"https:\/\/www1.unicap.br\/assecom1\/wp-json\/wp\/v2\/posts"}],"about":[{"href":"https:\/\/www1.unicap.br\/assecom1\/wp-json\/wp\/v2\/types\/post"}],"author":[{"embeddable":true,"href":"https:\/\/www1.unicap.br\/assecom1\/wp-json\/wp\/v2\/users\/3"}],"replies":[{"embeddable":true,"href":"https:\/\/www1.unicap.br\/assecom1\/wp-json\/wp\/v2\/comments?post=49347"}],"version-history":[{"count":4,"href":"https:\/\/www1.unicap.br\/assecom1\/wp-json\/wp\/v2\/posts\/49347\/revisions"}],"predecessor-version":[{"id":49374,"href":"https:\/\/www1.unicap.br\/assecom1\/wp-json\/wp\/v2\/posts\/49347\/revisions\/49374"}],"wp:featuredmedia":[{"embeddable":true,"href":"https:\/\/www1.unicap.br\/assecom1\/wp-json\/wp\/v2\/media\/49349"}],"wp:attachment":[{"href":"https:\/\/www1.unicap.br\/assecom1\/wp-json\/wp\/v2\/media?parent=49347"}],"wp:term":[{"taxonomy":"category","embeddable":true,"href":"https:\/\/www1.unicap.br\/assecom1\/wp-json\/wp\/v2\/categories?post=49347"},{"taxonomy":"post_tag","embeddable":true,"href":"https:\/\/www1.unicap.br\/assecom1\/wp-json\/wp\/v2\/tags?post=49347"}],"curies":[{"name":"wp","href":"https:\/\/api.w.org\/{rel}","templated":true}]}}