{"id":49317,"date":"2014-10-14T22:00:13","date_gmt":"2014-10-15T01:00:13","guid":{"rendered":"http:\/\/www.unicap.br\/assecom1\/?p=49317"},"modified":"2014-10-14T23:04:09","modified_gmt":"2014-10-15T02:04:09","slug":"pibid-unicap-realiza-evento-formacao-continuada","status":"publish","type":"post","link":"https:\/\/www1.unicap.br\/assecom1\/pibid-unicap-realiza-evento-formacao-continuada\/","title":{"rendered":"Pibid Unicap realiza evento de Forma\u00e7\u00e3o Continuada"},"content":{"rendered":"<p><img data-attachment-id=\"49319\" data-permalink=\"https:\/\/www1.unicap.br\/assecom1\/pibid-unicap-realiza-evento-formacao-continuada\/pibid\/\" data-orig-file=\"https:\/\/i1.wp.com\/www1.unicap.br\/assecom1\/wp-content\/uploads\/2014\/10\/pibid.jpg?fit=700%2C234&amp;ssl=1\" data-orig-size=\"700,234\" data-comments-opened=\"1\" data-image-meta=\"{&quot;aperture&quot;:&quot;0&quot;,&quot;credit&quot;:&quot;&quot;,&quot;camera&quot;:&quot;&quot;,&quot;caption&quot;:&quot;&quot;,&quot;created_timestamp&quot;:&quot;0&quot;,&quot;copyright&quot;:&quot;&quot;,&quot;focal_length&quot;:&quot;0&quot;,&quot;iso&quot;:&quot;0&quot;,&quot;shutter_speed&quot;:&quot;0&quot;,&quot;title&quot;:&quot;&quot;}\" data-image-title=\"pibid\" data-image-description=\"\" data-medium-file=\"https:\/\/i1.wp.com\/www1.unicap.br\/assecom1\/wp-content\/uploads\/2014\/10\/pibid.jpg?fit=300%2C100&amp;ssl=1\" data-large-file=\"https:\/\/i1.wp.com\/www1.unicap.br\/assecom1\/wp-content\/uploads\/2014\/10\/pibid.jpg?fit=640%2C214&amp;ssl=1\" loading=\"lazy\" class=\"alignnone size-full wp-image-49319\" src=\"https:\/\/i1.wp.com\/www1.unicap.br\/assecom1\/wp-content\/uploads\/2014\/10\/pibid.jpg?resize=640%2C214&#038;ssl=1\" alt=\"pibid\" srcset=\"https:\/\/i1.wp.com\/www1.unicap.br\/assecom1\/wp-content\/uploads\/2014\/10\/pibid.jpg?w=700&amp;ssl=1 700w, https:\/\/i1.wp.com\/www1.unicap.br\/assecom1\/wp-content\/uploads\/2014\/10\/pibid.jpg?resize=300%2C100&amp;ssl=1 300w, https:\/\/i1.wp.com\/www1.unicap.br\/assecom1\/wp-content\/uploads\/2014\/10\/pibid.jpg?resize=50%2C16&amp;ssl=1 50w\" sizes=\"(max-width: 640px) 100vw, 640px\" data-recalc-dims=\"1\" \/><\/p>\n<p>O Programa de Inicia\u00e7\u00e3o \u00e0 Doc\u00eancia da Universidade Cat\u00f3lica de Pernambuco &#8211; Pibid\/Unicap\/Capes, realiza nos dias 16 e 17 de outubro, \u00e0 tarde, o evento Forma\u00e7\u00e3o Continuada, no Audit\u00f3rio do 1\u00ba andar do bloco B da Cat\u00f3lica. O encontro \u00e9 destinado aos alunos, supervisores, gestores das escolas de educa\u00e7\u00e3o b\u00e1sica e demais educadores e alunos das Licenciaturas e tem como objetivo ampliar o debate sobre concep\u00e7\u00f5es e pr\u00e1ticas pedag\u00f3gicas no exerc\u00edcio da fun\u00e7\u00e3o docente.<\/p>\n<p>Acompanhe a programa\u00e7\u00e3o.<\/p>\n<p><img data-attachment-id=\"49318\" data-permalink=\"https:\/\/www1.unicap.br\/assecom1\/pibid-unicap-realiza-evento-formacao-continuada\/formacao-continuada\/\" data-orig-file=\"https:\/\/i0.wp.com\/www1.unicap.br\/assecom1\/wp-content\/uploads\/2014\/10\/Formacao-continuada--e1413334142943.jpg?fit=799%2C634&amp;ssl=1\" data-orig-size=\"799,634\" data-comments-opened=\"1\" data-image-meta=\"{&quot;aperture&quot;:&quot;0&quot;,&quot;credit&quot;:&quot;&quot;,&quot;camera&quot;:&quot;&quot;,&quot;caption&quot;:&quot;&quot;,&quot;created_timestamp&quot;:&quot;0&quot;,&quot;copyright&quot;:&quot;&quot;,&quot;focal_length&quot;:&quot;0&quot;,&quot;iso&quot;:&quot;0&quot;,&quot;shutter_speed&quot;:&quot;0&quot;,&quot;title&quot;:&quot;&quot;}\" data-image-title=\"Formacao-continuada-\" data-image-description=\"\" data-medium-file=\"https:\/\/i0.wp.com\/www1.unicap.br\/assecom1\/wp-content\/uploads\/2014\/10\/Formacao-continuada--e1413334142943.jpg?fit=300%2C238&amp;ssl=1\" data-large-file=\"https:\/\/i0.wp.com\/www1.unicap.br\/assecom1\/wp-content\/uploads\/2014\/10\/Formacao-continuada--e1413334142943.jpg?fit=640%2C837&amp;ssl=1\" loading=\"lazy\" class=\"alignnone size-full wp-image-49318\" src=\"https:\/\/i0.wp.com\/www1.unicap.br\/assecom1\/wp-content\/uploads\/2014\/10\/Formacao-continuada--e1413334142943.jpg?resize=640%2C508&#038;ssl=1\" alt=\"Formacao-continuada-\" srcset=\"https:\/\/i0.wp.com\/www1.unicap.br\/assecom1\/wp-content\/uploads\/2014\/10\/Formacao-continuada--e1413334142943.jpg?w=799&amp;ssl=1 799w, https:\/\/i0.wp.com\/www1.unicap.br\/assecom1\/wp-content\/uploads\/2014\/10\/Formacao-continuada--e1413334142943.jpg?resize=300%2C238&amp;ssl=1 300w, https:\/\/i0.wp.com\/www1.unicap.br\/assecom1\/wp-content\/uploads\/2014\/10\/Formacao-continuada--e1413334142943.jpg?resize=50%2C39&amp;ssl=1 50w\" sizes=\"(max-width: 640px) 100vw, 640px\" data-recalc-dims=\"1\" \/><\/p>\n","protected":false},"excerpt":{"rendered":"<p>O Programa de Inicia\u00e7\u00e3o \u00e0 Doc\u00eancia da Universidade Cat\u00f3lica de Pernambuco &#8211; Pibid\/Unicap\/Capes, realiza nos dias 16 e 17 de outubro, \u00e0 tarde, o evento Forma\u00e7\u00e3o Continuada, no Audit\u00f3rio do 1\u00ba andar do bloco B da Cat\u00f3lica. O encontro \u00e9 destinado aos alunos, supervisores, gestores das escolas de educa\u00e7\u00e3o b\u00e1sica e demais educadores e alunos [&hellip;]<\/p>\n","protected":false},"author":3,"featured_media":49320,"comment_status":"open","ping_status":"open","sticky":false,"template":"","format":"standard","meta":[],"categories":[4],"tags":[],"jetpack-related-posts":[],"_links":{"self":[{"href":"https:\/\/www1.unicap.br\/assecom1\/wp-json\/wp\/v2\/posts\/49317"}],"collection":[{"href":"https:\/\/www1.unicap.br\/assecom1\/wp-json\/wp\/v2\/posts"}],"about":[{"href":"https:\/\/www1.unicap.br\/assecom1\/wp-json\/wp\/v2\/types\/post"}],"author":[{"embeddable":true,"href":"https:\/\/www1.unicap.br\/assecom1\/wp-json\/wp\/v2\/users\/3"}],"replies":[{"embeddable":true,"href":"https:\/\/www1.unicap.br\/assecom1\/wp-json\/wp\/v2\/comments?post=49317"}],"version-history":[{"count":2,"href":"https:\/\/www1.unicap.br\/assecom1\/wp-json\/wp\/v2\/posts\/49317\/revisions"}],"predecessor-version":[{"id":49334,"href":"https:\/\/www1.unicap.br\/assecom1\/wp-json\/wp\/v2\/posts\/49317\/revisions\/49334"}],"wp:featuredmedia":[{"embeddable":true,"href":"https:\/\/www1.unicap.br\/assecom1\/wp-json\/wp\/v2\/media\/49320"}],"wp:attachment":[{"href":"https:\/\/www1.unicap.br\/assecom1\/wp-json\/wp\/v2\/media?parent=49317"}],"wp:term":[{"taxonomy":"category","embeddable":true,"href":"https:\/\/www1.unicap.br\/assecom1\/wp-json\/wp\/v2\/categories?post=49317"},{"taxonomy":"post_tag","embeddable":true,"href":"https:\/\/www1.unicap.br\/assecom1\/wp-json\/wp\/v2\/tags?post=49317"}],"curies":[{"name":"wp","href":"https:\/\/api.w.org\/{rel}","templated":true}]}}