{"id":49274,"date":"2014-10-13T13:17:38","date_gmt":"2014-10-13T16:17:38","guid":{"rendered":"http:\/\/www.unicap.br\/assecom1\/?p=49274"},"modified":"2014-10-13T21:49:46","modified_gmt":"2014-10-14T00:49:46","slug":"madrigal-lindbergh-pires-representa-unicap-no-14o-festival-nacional-de-corais","status":"publish","type":"post","link":"https:\/\/www1.unicap.br\/assecom1\/madrigal-lindbergh-pires-representa-unicap-no-14o-festival-nacional-de-corais\/","title":{"rendered":"Madrigal Lindbergh Pires representa Unicap no 14\u00ba Festival Nacional de Corais"},"content":{"rendered":"<p><a href=\"https:\/\/i2.wp.com\/www1.unicap.br\/assecom1\/wp-content\/uploads\/2014\/10\/DSC_0324-e1412990335375.jpg?ssl=1\"><img data-attachment-id=\"49276\" data-permalink=\"https:\/\/www1.unicap.br\/assecom1\/madrigal-lindbergh-pires-representa-unicap-no-14o-festival-nacional-de-corais\/dsc_0324\/\" data-orig-file=\"https:\/\/i2.wp.com\/www1.unicap.br\/assecom1\/wp-content\/uploads\/2014\/10\/DSC_0324-e1412990335375.jpg?fit=465%2C700&amp;ssl=1\" data-orig-size=\"465,700\" data-comments-opened=\"1\" data-image-meta=\"{&quot;aperture&quot;:&quot;4&quot;,&quot;credit&quot;:&quot;&quot;,&quot;camera&quot;:&quot;NIKON D5000&quot;,&quot;caption&quot;:&quot;&quot;,&quot;created_timestamp&quot;:&quot;1264892677&quot;,&quot;copyright&quot;:&quot;&quot;,&quot;focal_length&quot;:&quot;24&quot;,&quot;iso&quot;:&quot;800&quot;,&quot;shutter_speed&quot;:&quot;0.04&quot;,&quot;title&quot;:&quot;&quot;}\" data-image-title=\"DSC_0324\" data-image-description=\"\" data-medium-file=\"https:\/\/i2.wp.com\/www1.unicap.br\/assecom1\/wp-content\/uploads\/2014\/10\/DSC_0324-e1412990335375.jpg?fit=199%2C300&amp;ssl=1\" data-large-file=\"https:\/\/i2.wp.com\/www1.unicap.br\/assecom1\/wp-content\/uploads\/2014\/10\/DSC_0324-e1412990335375.jpg?fit=640%2C964&amp;ssl=1\" loading=\"lazy\" class=\"aligncenter size-large wp-image-49276\" src=\"https:\/\/i2.wp.com\/www1.unicap.br\/assecom1\/wp-content\/uploads\/2014\/10\/DSC_0324-e1412990297127-680x1024.jpg?resize=640%2C964&#038;ssl=1\" alt=\"DSC_0324\" data-recalc-dims=\"1\" \/><\/a>Foi com a apresenta\u00e7\u00e3o do Hino Nacional, entoado pelos alunos e alunas que comp\u00f5em o Coral da Faculdade Asces, da cidade de Caruaru, que teve in\u00edcio o 14\u00ba Festival Nacional de Corais (Fenace). O evento come\u00e7ou na \u00faltima quinta-feira (9) e seguiu at\u00e9 o s\u00e1bado (11), reunindo ao longo de tr\u00eas dias, 21 corais de todo o Brasil, dentre eles o Madrigal Lindbergh Pires, da Universidade Cat\u00f3lica de Pernambuco. O evento tamb\u00e9m contou com a presen\u00e7a dos solistas italianos Amerigo Caponi e Giuseppina Tuccitto. Durante a cerim\u00f4nia, foi realizada uma homenagem p\u00f3stuma ao escritor e dramaturgo, Ariano Suassuna, que faleceu em julho deste ano.<\/p>\n<p><a href=\"https:\/\/i2.wp.com\/www1.unicap.br\/assecom1\/wp-content\/uploads\/2014\/10\/DSC_0355-e1412990310423.jpg?ssl=1\"><img data-attachment-id=\"49277\" data-permalink=\"https:\/\/www1.unicap.br\/assecom1\/madrigal-lindbergh-pires-representa-unicap-no-14o-festival-nacional-de-corais\/dsc_0355\/\" data-orig-file=\"https:\/\/i2.wp.com\/www1.unicap.br\/assecom1\/wp-content\/uploads\/2014\/10\/DSC_0355-e1412990310423.jpg?fit=700%2C465&amp;ssl=1\" data-orig-size=\"700,465\" data-comments-opened=\"1\" data-image-meta=\"{&quot;aperture&quot;:&quot;3.5&quot;,&quot;credit&quot;:&quot;&quot;,&quot;camera&quot;:&quot;NIKON D5000&quot;,&quot;caption&quot;:&quot;&quot;,&quot;created_timestamp&quot;:&quot;1264893607&quot;,&quot;copyright&quot;:&quot;&quot;,&quot;focal_length&quot;:&quot;18&quot;,&quot;iso&quot;:&quot;800&quot;,&quot;shutter_speed&quot;:&quot;0.016666666666667&quot;,&quot;title&quot;:&quot;&quot;}\" data-image-title=\"DSC_0355\" data-image-description=\"\" data-medium-file=\"https:\/\/i2.wp.com\/www1.unicap.br\/assecom1\/wp-content\/uploads\/2014\/10\/DSC_0355-e1412990310423.jpg?fit=300%2C199&amp;ssl=1\" data-large-file=\"https:\/\/i2.wp.com\/www1.unicap.br\/assecom1\/wp-content\/uploads\/2014\/10\/DSC_0355-e1412990310423.jpg?fit=640%2C425&amp;ssl=1\" loading=\"lazy\" class=\"alignright size-medium wp-image-49277\" src=\"https:\/\/i2.wp.com\/www1.unicap.br\/assecom1\/wp-content\/uploads\/2014\/10\/DSC_0355.jpg?resize=300%2C199&#038;ssl=1\" alt=\"DSC_0355\" data-recalc-dims=\"1\" \/><\/a>O evento, que anualmente elege um homenageado, decidiu por honrar o mais ilustre membro do Movimento Armorial, Ariano Suassuna. O Maestro Forr\u00f3, acompanhado de C\u00edcero Batom (no pandeiro) e Br\u00e1ulio Ferreira (no cavaquinho), interpretou a m\u00fasica favorita do homenageado desta edi\u00e7\u00e3o, a can\u00e7\u00e3o Madeira que Cupim n\u00e3o R\u00f3i, do compositor e poeta Capiba (amigo de Ariano). Segundo o Maestro, \u201cessa m\u00fasica representava para Ariano uma bandeira de luta\u201d. Esta foi a primeira vez que Forr\u00f3 se apresentou no Fenace, que afirmou \u201cque esse evento em particular \u00e9 um dos eventos mais importantes daqui do Recife, por que a voz \u00e9 o principal instrumento.\u201d<\/p>\n<p><a href=\"https:\/\/i0.wp.com\/www1.unicap.br\/assecom1\/wp-content\/uploads\/2014\/10\/DSC_0391-e1412990324867.jpg?ssl=1\"><img data-attachment-id=\"49275\" data-permalink=\"https:\/\/www1.unicap.br\/assecom1\/madrigal-lindbergh-pires-representa-unicap-no-14o-festival-nacional-de-corais\/dsc_0391\/\" data-orig-file=\"https:\/\/i0.wp.com\/www1.unicap.br\/assecom1\/wp-content\/uploads\/2014\/10\/DSC_0391-e1412990324867.jpg?fit=700%2C465&amp;ssl=1\" data-orig-size=\"700,465\" data-comments-opened=\"1\" data-image-meta=\"{&quot;aperture&quot;:&quot;5.3&quot;,&quot;credit&quot;:&quot;&quot;,&quot;camera&quot;:&quot;NIKON D5000&quot;,&quot;caption&quot;:&quot;&quot;,&quot;created_timestamp&quot;:&quot;1264895884&quot;,&quot;copyright&quot;:&quot;&quot;,&quot;focal_length&quot;:&quot;48&quot;,&quot;iso&quot;:&quot;1000&quot;,&quot;shutter_speed&quot;:&quot;0.0125&quot;,&quot;title&quot;:&quot;&quot;}\" data-image-title=\"DSC_0391\" data-image-description=\"\" data-medium-file=\"https:\/\/i0.wp.com\/www1.unicap.br\/assecom1\/wp-content\/uploads\/2014\/10\/DSC_0391-e1412990324867.jpg?fit=300%2C199&amp;ssl=1\" data-large-file=\"https:\/\/i0.wp.com\/www1.unicap.br\/assecom1\/wp-content\/uploads\/2014\/10\/DSC_0391-e1412990324867.jpg?fit=640%2C425&amp;ssl=1\" loading=\"lazy\" class=\"alignleft size-medium wp-image-49275\" src=\"https:\/\/i2.wp.com\/www1.unicap.br\/assecom1\/wp-content\/uploads\/2014\/10\/DSC_0391.jpg?resize=300%2C199&#038;ssl=1\" alt=\"DSC_0391\" data-recalc-dims=\"1\" \/><\/a>O Fenace foi criado em 2001, pela cantora Suely Farias. Segundo ela, a iniciativa surgiu em parceria com a Federa\u00e7\u00e3o Pernambucana de Corais. Sua ideia era realizar um Festival Nacional de Corais em que pudesse reunir coros de todo o pa\u00eds e, juntamente com alguns colegas, criar um festival que proporcionasse visibilidade e incentivo a esses grupos espalhados pelo Brasil. Suely, que atua no Coral Chesf j\u00e1 h\u00e1 30 anos, demonstra ter uma verdadeira paix\u00e3o pela m\u00fasica. \u201cEu sempre gostei de cantar. Canto por que gosto\u201d, afirma a corista respons\u00e1vel pelo \u00fanico festival de canto coral a n\u00edvel nacional.<\/p>\n<p><a href=\"https:\/\/i0.wp.com\/www1.unicap.br\/assecom1\/wp-content\/uploads\/2014\/10\/DSC_0362-e1412990347712.jpg?ssl=1\"><img data-attachment-id=\"49278\" data-permalink=\"https:\/\/www1.unicap.br\/assecom1\/madrigal-lindbergh-pires-representa-unicap-no-14o-festival-nacional-de-corais\/dsc_0362\/\" data-orig-file=\"https:\/\/i0.wp.com\/www1.unicap.br\/assecom1\/wp-content\/uploads\/2014\/10\/DSC_0362-e1412990347712.jpg?fit=700%2C465&amp;ssl=1\" data-orig-size=\"700,465\" data-comments-opened=\"1\" data-image-meta=\"{&quot;aperture&quot;:&quot;3.5&quot;,&quot;credit&quot;:&quot;&quot;,&quot;camera&quot;:&quot;NIKON D5000&quot;,&quot;caption&quot;:&quot;&quot;,&quot;created_timestamp&quot;:&quot;1264894634&quot;,&quot;copyright&quot;:&quot;&quot;,&quot;focal_length&quot;:&quot;18&quot;,&quot;iso&quot;:&quot;800&quot;,&quot;shutter_speed&quot;:&quot;0.033333333333333&quot;,&quot;title&quot;:&quot;&quot;}\" data-image-title=\"DSC_0362\" data-image-description=\"\" data-medium-file=\"https:\/\/i0.wp.com\/www1.unicap.br\/assecom1\/wp-content\/uploads\/2014\/10\/DSC_0362-e1412990347712.jpg?fit=300%2C199&amp;ssl=1\" data-large-file=\"https:\/\/i0.wp.com\/www1.unicap.br\/assecom1\/wp-content\/uploads\/2014\/10\/DSC_0362-e1412990347712.jpg?fit=640%2C425&amp;ssl=1\" loading=\"lazy\" class=\"alignright size-medium wp-image-49278\" src=\"https:\/\/i2.wp.com\/www1.unicap.br\/assecom1\/wp-content\/uploads\/2014\/10\/DSC_0362.jpg?resize=300%2C199&#038;ssl=1\" alt=\"DSC_0362\" data-recalc-dims=\"1\" \/><\/a>O Madrigal Lindbergh Pires foi o representante da Unicap no evento. Segundo o atual maestro, que vem trabalhando com a equipe h\u00e1 9 meses, a participa\u00e7\u00e3o no evento &#8220;foi muito gratificante e uma experi\u00eancia diferenciada, pois este \u00e9 um evento a n\u00edvel nacional.&#8221;<\/p>\n","protected":false},"excerpt":{"rendered":"<p>Foi com a apresenta\u00e7\u00e3o do Hino Nacional, entoado pelos alunos e alunas que comp\u00f5em o Coral da Faculdade Asces, da cidade de Caruaru, que teve in\u00edcio o 14\u00ba Festival Nacional de Corais (Fenace). O evento come\u00e7ou na \u00faltima quinta-feira (9) e seguiu at\u00e9 o s\u00e1bado (11), reunindo ao longo de tr\u00eas dias, 21 corais de [&hellip;]<\/p>\n","protected":false},"author":58,"featured_media":49278,"comment_status":"open","ping_status":"open","sticky":false,"template":"","format":"standard","meta":[],"categories":[4],"tags":[],"jetpack-related-posts":[],"_links":{"self":[{"href":"https:\/\/www1.unicap.br\/assecom1\/wp-json\/wp\/v2\/posts\/49274"}],"collection":[{"href":"https:\/\/www1.unicap.br\/assecom1\/wp-json\/wp\/v2\/posts"}],"about":[{"href":"https:\/\/www1.unicap.br\/assecom1\/wp-json\/wp\/v2\/types\/post"}],"author":[{"embeddable":true,"href":"https:\/\/www1.unicap.br\/assecom1\/wp-json\/wp\/v2\/users\/58"}],"replies":[{"embeddable":true,"href":"https:\/\/www1.unicap.br\/assecom1\/wp-json\/wp\/v2\/comments?post=49274"}],"version-history":[{"count":3,"href":"https:\/\/www1.unicap.br\/assecom1\/wp-json\/wp\/v2\/posts\/49274\/revisions"}],"predecessor-version":[{"id":49294,"href":"https:\/\/www1.unicap.br\/assecom1\/wp-json\/wp\/v2\/posts\/49274\/revisions\/49294"}],"wp:featuredmedia":[{"embeddable":true,"href":"https:\/\/www1.unicap.br\/assecom1\/wp-json\/wp\/v2\/media\/49278"}],"wp:attachment":[{"href":"https:\/\/www1.unicap.br\/assecom1\/wp-json\/wp\/v2\/media?parent=49274"}],"wp:term":[{"taxonomy":"category","embeddable":true,"href":"https:\/\/www1.unicap.br\/assecom1\/wp-json\/wp\/v2\/categories?post=49274"},{"taxonomy":"post_tag","embeddable":true,"href":"https:\/\/www1.unicap.br\/assecom1\/wp-json\/wp\/v2\/tags?post=49274"}],"curies":[{"name":"wp","href":"https:\/\/api.w.org\/{rel}","templated":true}]}}