{"id":48996,"date":"2014-09-22T21:06:30","date_gmt":"2014-09-23T00:06:30","guid":{"rendered":"http:\/\/www.unicap.br\/assecom1\/?p=48996"},"modified":"2014-09-22T21:06:57","modified_gmt":"2014-09-23T00:06:57","slug":"humanitas-e-edicoes-loyola-promovem-lancamento-de-livro-sobre-sustentabilidade","status":"publish","type":"post","link":"https:\/\/www1.unicap.br\/assecom1\/humanitas-e-edicoes-loyola-promovem-lancamento-de-livro-sobre-sustentabilidade\/","title":{"rendered":"Humanitas e Edi\u00e7\u00f5es Loyola promovem lan\u00e7amento de livro sobre sustentabilidade"},"content":{"rendered":"<p>O Instituto Humanitas Unicap e as Edi\u00e7\u00f5es Loyola promovem o lan\u00e7amento do Livro &#8220;A Transi\u00e7\u00e3o para a Sustentabilidade&#8221;, do autor Luiz Fernando Krieger Merico, dia 7 de outubro, \u00e0s 19h, no Espa\u00e7o Receptivo, 1\u00ba andar do bloco G, da universidade Cat\u00f3lica de Pernambuco. Haver\u00e1 sess\u00e3o de aut\u00f3grafos com o autor.<\/p>\n<p><img data-attachment-id=\"49000\" data-permalink=\"https:\/\/www1.unicap.br\/assecom1\/humanitas-e-edicoes-loyola-promovem-lancamento-de-livro-sobre-sustentabilidade\/securedownload-2\/\" data-orig-file=\"https:\/\/i1.wp.com\/www1.unicap.br\/assecom1\/wp-content\/uploads\/2014\/09\/securedownload.jpg?fit=600%2C800&amp;ssl=1\" data-orig-size=\"600,800\" data-comments-opened=\"1\" data-image-meta=\"{&quot;aperture&quot;:&quot;0&quot;,&quot;credit&quot;:&quot;&quot;,&quot;camera&quot;:&quot;&quot;,&quot;caption&quot;:&quot;&quot;,&quot;created_timestamp&quot;:&quot;0&quot;,&quot;copyright&quot;:&quot;&quot;,&quot;focal_length&quot;:&quot;0&quot;,&quot;iso&quot;:&quot;0&quot;,&quot;shutter_speed&quot;:&quot;0&quot;,&quot;title&quot;:&quot;&quot;}\" data-image-title=\"securedownload\" data-image-description=\"\" data-medium-file=\"https:\/\/i1.wp.com\/www1.unicap.br\/assecom1\/wp-content\/uploads\/2014\/09\/securedownload.jpg?fit=225%2C300&amp;ssl=1\" data-large-file=\"https:\/\/i1.wp.com\/www1.unicap.br\/assecom1\/wp-content\/uploads\/2014\/09\/securedownload.jpg?fit=600%2C800&amp;ssl=1\" loading=\"lazy\" class=\"alignleft size-full wp-image-49000\" src=\"https:\/\/i1.wp.com\/www1.unicap.br\/assecom1\/wp-content\/uploads\/2014\/09\/securedownload.jpg?resize=600%2C800&#038;ssl=1\" alt=\"securedownload\" srcset=\"https:\/\/i1.wp.com\/www1.unicap.br\/assecom1\/wp-content\/uploads\/2014\/09\/securedownload.jpg?w=600&amp;ssl=1 600w, https:\/\/i1.wp.com\/www1.unicap.br\/assecom1\/wp-content\/uploads\/2014\/09\/securedownload.jpg?resize=225%2C300&amp;ssl=1 225w\" sizes=\"(max-width: 600px) 100vw, 600px\" data-recalc-dims=\"1\" \/><\/p>\n","protected":false},"excerpt":{"rendered":"<p>O Instituto Humanitas Unicap e as Edi\u00e7\u00f5es Loyola promovem o lan\u00e7amento do Livro &#8220;A Transi\u00e7\u00e3o para a Sustentabilidade&#8221;, do autor Luiz Fernando Krieger Merico, dia 7 de outubro, \u00e0s 19h, no Espa\u00e7o Receptivo, 1\u00ba andar do bloco G, da universidade Cat\u00f3lica de Pernambuco. Haver\u00e1 sess\u00e3o de aut\u00f3grafos com o autor.<\/p>\n","protected":false},"author":3,"featured_media":49000,"comment_status":"open","ping_status":"open","sticky":false,"template":"","format":"standard","meta":[],"categories":[4],"tags":[],"jetpack-related-posts":[],"_links":{"self":[{"href":"https:\/\/www1.unicap.br\/assecom1\/wp-json\/wp\/v2\/posts\/48996"}],"collection":[{"href":"https:\/\/www1.unicap.br\/assecom1\/wp-json\/wp\/v2\/posts"}],"about":[{"href":"https:\/\/www1.unicap.br\/assecom1\/wp-json\/wp\/v2\/types\/post"}],"author":[{"embeddable":true,"href":"https:\/\/www1.unicap.br\/assecom1\/wp-json\/wp\/v2\/users\/3"}],"replies":[{"embeddable":true,"href":"https:\/\/www1.unicap.br\/assecom1\/wp-json\/wp\/v2\/comments?post=48996"}],"version-history":[{"count":3,"href":"https:\/\/www1.unicap.br\/assecom1\/wp-json\/wp\/v2\/posts\/48996\/revisions"}],"predecessor-version":[{"id":49003,"href":"https:\/\/www1.unicap.br\/assecom1\/wp-json\/wp\/v2\/posts\/48996\/revisions\/49003"}],"wp:featuredmedia":[{"embeddable":true,"href":"https:\/\/www1.unicap.br\/assecom1\/wp-json\/wp\/v2\/media\/49000"}],"wp:attachment":[{"href":"https:\/\/www1.unicap.br\/assecom1\/wp-json\/wp\/v2\/media?parent=48996"}],"wp:term":[{"taxonomy":"category","embeddable":true,"href":"https:\/\/www1.unicap.br\/assecom1\/wp-json\/wp\/v2\/categories?post=48996"},{"taxonomy":"post_tag","embeddable":true,"href":"https:\/\/www1.unicap.br\/assecom1\/wp-json\/wp\/v2\/tags?post=48996"}],"curies":[{"name":"wp","href":"https:\/\/api.w.org\/{rel}","templated":true}]}}