{"id":48940,"date":"2014-09-19T09:15:08","date_gmt":"2014-09-19T12:15:08","guid":{"rendered":"http:\/\/www.unicap.br\/assecom1\/?p=48940"},"modified":"2014-09-23T19:35:51","modified_gmt":"2014-09-23T22:35:51","slug":"luciana-genro-participara-de-sabatina-na-unicap-no-dia-24","status":"publish","type":"post","link":"https:\/\/www1.unicap.br\/assecom1\/luciana-genro-participara-de-sabatina-na-unicap-no-dia-24\/","title":{"rendered":"Luciana Genro participar\u00e1 de sabatina na Unicap"},"content":{"rendered":"<p><img data-attachment-id=\"48963\" data-permalink=\"https:\/\/www1.unicap.br\/assecom1\/luciana-genro-participara-de-sabatina-na-unicap-no-dia-24\/unnamed-8\/\" data-orig-file=\"https:\/\/i1.wp.com\/www1.unicap.br\/assecom1\/wp-content\/uploads\/2014\/09\/unnamed2.jpg?fit=1499%2C536&amp;ssl=1\" data-orig-size=\"1499,536\" data-comments-opened=\"1\" data-image-meta=\"{&quot;aperture&quot;:&quot;0&quot;,&quot;credit&quot;:&quot;&quot;,&quot;camera&quot;:&quot;&quot;,&quot;caption&quot;:&quot;&quot;,&quot;created_timestamp&quot;:&quot;0&quot;,&quot;copyright&quot;:&quot;&quot;,&quot;focal_length&quot;:&quot;0&quot;,&quot;iso&quot;:&quot;0&quot;,&quot;shutter_speed&quot;:&quot;0&quot;,&quot;title&quot;:&quot;&quot;}\" data-image-title=\"Luciana Genro participar\u00e1 de sabatina na Unicap no dia 24\" data-image-description=\"\" data-medium-file=\"https:\/\/i1.wp.com\/www1.unicap.br\/assecom1\/wp-content\/uploads\/2014\/09\/unnamed2.jpg?fit=300%2C107&amp;ssl=1\" data-large-file=\"https:\/\/i1.wp.com\/www1.unicap.br\/assecom1\/wp-content\/uploads\/2014\/09\/unnamed2.jpg?fit=640%2C229&amp;ssl=1\" loading=\"lazy\" class=\"alignleft wp-image-48963 size-large\" src=\"https:\/\/i1.wp.com\/www1.unicap.br\/assecom1\/wp-content\/uploads\/2014\/09\/unnamed2.jpg?resize=640%2C229&#038;ssl=1\" alt=\"\" srcset=\"https:\/\/i1.wp.com\/www1.unicap.br\/assecom1\/wp-content\/uploads\/2014\/09\/unnamed2.jpg?resize=1024%2C366&amp;ssl=1 1024w, https:\/\/i1.wp.com\/www1.unicap.br\/assecom1\/wp-content\/uploads\/2014\/09\/unnamed2.jpg?resize=300%2C107&amp;ssl=1 300w, https:\/\/i1.wp.com\/www1.unicap.br\/assecom1\/wp-content\/uploads\/2014\/09\/unnamed2.jpg?w=1499&amp;ssl=1 1499w, https:\/\/i1.wp.com\/www1.unicap.br\/assecom1\/wp-content\/uploads\/2014\/09\/unnamed2.jpg?w=1280&amp;ssl=1 1280w\" sizes=\"(max-width: 640px) 100vw, 640px\" data-recalc-dims=\"1\" \/> A candidata do PSol \u00e0 Presid\u00eancia da Rep\u00fablica, Luciana Genro, participar\u00e1 de uma sabatina no dia 24 de setembro, \u00e0s 19h, na Universidade Cat\u00f3lica de Pernambuco. Ela ter\u00e1 15 minutos para apresentar as suas propostas de governo e, depois, responder\u00e1 a perguntas do p\u00fablico presente. O evento ter\u00e1 a media\u00e7\u00e3o do cientista pol\u00edtico e assessor de Rela\u00e7\u00f5es Internacionais e Interinstitucionais da Unicap, Prof. Dr. Thales Castro, e do presidente do DCE, Arison Fernandes. Mais informa\u00e7\u00f5es pelo fone 2119.4016<\/p>\n","protected":false},"excerpt":{"rendered":"<p>A candidata do PSol \u00e0 Presid\u00eancia da Rep\u00fablica, Luciana Genro, participar\u00e1 de uma sabatina no dia 24 de setembro, \u00e0s 19h, na Universidade Cat\u00f3lica de Pernambuco. Ela ter\u00e1 15 minutos para apresentar as suas propostas de governo e, depois, responder\u00e1 a perguntas do p\u00fablico presente. O evento ter\u00e1 a media\u00e7\u00e3o do cientista pol\u00edtico e assessor [&hellip;]<\/p>\n","protected":false},"author":2,"featured_media":48966,"comment_status":"open","ping_status":"open","sticky":false,"template":"","format":"standard","meta":[],"categories":[4],"tags":[],"jetpack-related-posts":[],"_links":{"self":[{"href":"https:\/\/www1.unicap.br\/assecom1\/wp-json\/wp\/v2\/posts\/48940"}],"collection":[{"href":"https:\/\/www1.unicap.br\/assecom1\/wp-json\/wp\/v2\/posts"}],"about":[{"href":"https:\/\/www1.unicap.br\/assecom1\/wp-json\/wp\/v2\/types\/post"}],"author":[{"embeddable":true,"href":"https:\/\/www1.unicap.br\/assecom1\/wp-json\/wp\/v2\/users\/2"}],"replies":[{"embeddable":true,"href":"https:\/\/www1.unicap.br\/assecom1\/wp-json\/wp\/v2\/comments?post=48940"}],"version-history":[{"count":5,"href":"https:\/\/www1.unicap.br\/assecom1\/wp-json\/wp\/v2\/posts\/48940\/revisions"}],"predecessor-version":[{"id":48967,"href":"https:\/\/www1.unicap.br\/assecom1\/wp-json\/wp\/v2\/posts\/48940\/revisions\/48967"}],"wp:featuredmedia":[{"embeddable":true,"href":"https:\/\/www1.unicap.br\/assecom1\/wp-json\/wp\/v2\/media\/48966"}],"wp:attachment":[{"href":"https:\/\/www1.unicap.br\/assecom1\/wp-json\/wp\/v2\/media?parent=48940"}],"wp:term":[{"taxonomy":"category","embeddable":true,"href":"https:\/\/www1.unicap.br\/assecom1\/wp-json\/wp\/v2\/categories?post=48940"},{"taxonomy":"post_tag","embeddable":true,"href":"https:\/\/www1.unicap.br\/assecom1\/wp-json\/wp\/v2\/tags?post=48940"}],"curies":[{"name":"wp","href":"https:\/\/api.w.org\/{rel}","templated":true}]}}