{"id":48926,"date":"2014-09-18T14:42:31","date_gmt":"2014-09-18T17:42:31","guid":{"rendered":"http:\/\/www.unicap.br\/assecom1\/?p=48926"},"modified":"2014-09-18T14:42:31","modified_gmt":"2014-09-18T17:42:31","slug":"etica-no-futebol-sera-tema-de-palestra-de-abertura-da-35a-semana-de-filosofia-da-unicap","status":"publish","type":"post","link":"https:\/\/www1.unicap.br\/assecom1\/etica-no-futebol-sera-tema-de-palestra-de-abertura-da-35a-semana-de-filosofia-da-unicap\/","title":{"rendered":"\u00c9tica no futebol ser\u00e1 tema de palestra de abertura da 35\u00aa Semana de Filosofia da Unicap"},"content":{"rendered":"<p>Sete teses filos\u00f3ficas sobre \u00e9tica no futebol ser\u00e1 o tema da palestra de abertura da 35\u00aa Semana de Filosofia da Universidade Cat\u00f3lica de Pernambuco, que come\u00e7a na pr\u00f3xima segunda-feira (22) e vai at\u00e9 o dia 26. A palestra ser\u00e1 proferida pelo fil\u00f3sofo alem\u00e3o Christian Iber, professor doutor do Instituto de Filosofia da Universidade Livre de Berlim. Confira a programa\u00e7\u00e3o:<\/p>\n<p><strong>CONFER\u00caNCIAS:<\/strong><\/p>\n<p><strong>22\/09 &#8211; Segunda-feira<\/strong><\/p>\n<p>18h: Momento Cultural<\/p>\n<p>18h30: Palestra de abertura. Prof. Dr. Christian Iber &#8211; Freie de Berlim e Prof. Dr. Karl-Heinz Efken \u2013 Unicap<\/p>\n<p>&nbsp;<\/p>\n<p><strong>23\/09 &#8211; Ter\u00e7a-feira<\/strong><\/p>\n<p>18h: \u201c\u00c9tica e mundo da vida em Habermas\u201d. Prof. Dr. Bartolomeu Silva &#8211; UFPB<\/p>\n<p>&nbsp;<\/p>\n<p><strong>24\/09 &#8211; Quarta-feira<\/strong><\/p>\n<p>18h: \u201c\u00c9tica e sistemas em N. Luhmann\u201d. Prof. Dr. Arthur Stamford<\/p>\n<p>&nbsp;<\/p>\n<p><strong>25\/09 &#8211; Quinta-feira<\/strong><\/p>\n<p>17h: Prof. Dr. Anderson Meneses &#8211; UFAL<\/p>\n<p>&nbsp;<\/p>\n<p><strong>26\/09 &#8211; Sexta-feira<\/strong><\/p>\n<p>18h: Momento Cultural<\/p>\n<p>18h30: Palestra de encerramento. Prof. Dr. Karl-Heinz Efken \u2013 Unicap e Prof. Dr. Jos\u00e9 Tadeu \u2013 Unicap<\/p>\n<p>&nbsp;<\/p>\n<p><strong>OFICINAS:<\/strong><\/p>\n<p>TARDE: dias 23, 24 e 25 das 13h50 \u00e0s 16h40<\/p>\n<p>1\u00aa Oficina:T\u00f3picos de \u00c9tica Antiga e Medieval.<\/p>\n<p>2\u00aa Oficina: T\u00f3picos de \u00c9tica Moderna e Contempor\u00e2nea.<\/p>\n<p>3\u00aa Oficina: Introdu\u00e7\u00e3o a l\u00f3gica hegeliana.<\/p>\n<p>4\u00aa Oficina: PIBID E FILOSOFIA: A forma\u00e7\u00e3o do professor de Filosofia.<\/p>\n<p>&nbsp;<\/p>\n<p>NOITE: dias 23, 24 e 25 \u00e0s 19h<\/p>\n<p>Oficina: \u00c9tica, L\u00f3gica e Ontologia.<\/p>\n<p>&nbsp;<\/p>\n<p><strong>COMUNICA\u00c7\u00d5ES:<\/strong><\/p>\n<p>Dia 26\/09 \u00e0s 14h no 3\u00b0 andar do bloco B<\/p>\n<p>Propostas de comunica\u00e7\u00e3o: <a href=\"mailto:philosofiaunicap@gmail.com\" target=\"_blank\">philosofiaunicap@gmail.com<\/a><\/p>\n<p>Per\u00edodo de submiss\u00e3o de propostas: at\u00e9 19\/09\/14<\/p>\n<p>Publica\u00e7\u00e3o das comunica\u00e7\u00f5es aprovadas: 22\/09\/14<\/p>\n<p>&nbsp;<\/p>\n","protected":false},"excerpt":{"rendered":"<p>Sete teses filos\u00f3ficas sobre \u00e9tica no futebol ser\u00e1 o tema da palestra de abertura da 35\u00aa Semana de Filosofia da Universidade Cat\u00f3lica de Pernambuco, que come\u00e7a na pr\u00f3xima segunda-feira (22) e vai at\u00e9 o dia 26. A palestra ser\u00e1 proferida pelo fil\u00f3sofo alem\u00e3o Christian Iber, professor doutor do Instituto de Filosofia da Universidade Livre de [&hellip;]<\/p>\n","protected":false},"author":2,"featured_media":0,"comment_status":"open","ping_status":"open","sticky":false,"template":"","format":"standard","meta":[],"categories":[4],"tags":[],"jetpack-related-posts":[],"_links":{"self":[{"href":"https:\/\/www1.unicap.br\/assecom1\/wp-json\/wp\/v2\/posts\/48926"}],"collection":[{"href":"https:\/\/www1.unicap.br\/assecom1\/wp-json\/wp\/v2\/posts"}],"about":[{"href":"https:\/\/www1.unicap.br\/assecom1\/wp-json\/wp\/v2\/types\/post"}],"author":[{"embeddable":true,"href":"https:\/\/www1.unicap.br\/assecom1\/wp-json\/wp\/v2\/users\/2"}],"replies":[{"embeddable":true,"href":"https:\/\/www1.unicap.br\/assecom1\/wp-json\/wp\/v2\/comments?post=48926"}],"version-history":[{"count":1,"href":"https:\/\/www1.unicap.br\/assecom1\/wp-json\/wp\/v2\/posts\/48926\/revisions"}],"predecessor-version":[{"id":48927,"href":"https:\/\/www1.unicap.br\/assecom1\/wp-json\/wp\/v2\/posts\/48926\/revisions\/48927"}],"wp:attachment":[{"href":"https:\/\/www1.unicap.br\/assecom1\/wp-json\/wp\/v2\/media?parent=48926"}],"wp:term":[{"taxonomy":"category","embeddable":true,"href":"https:\/\/www1.unicap.br\/assecom1\/wp-json\/wp\/v2\/categories?post=48926"},{"taxonomy":"post_tag","embeddable":true,"href":"https:\/\/www1.unicap.br\/assecom1\/wp-json\/wp\/v2\/tags?post=48926"}],"curies":[{"name":"wp","href":"https:\/\/api.w.org\/{rel}","templated":true}]}}