{"id":48883,"date":"2014-09-18T12:17:37","date_gmt":"2014-09-18T15:17:37","guid":{"rendered":"http:\/\/www.unicap.br\/assecom1\/?p=48883"},"modified":"2014-09-18T12:17:37","modified_gmt":"2014-09-18T15:17:37","slug":"primeira-edicao-do-circuito-universitario-de-cinema-discute-as-marcas-das-ditaduras-na-america-latina","status":"publish","type":"post","link":"https:\/\/www1.unicap.br\/assecom1\/primeira-edicao-do-circuito-universitario-de-cinema-discute-as-marcas-das-ditaduras-na-america-latina\/","title":{"rendered":"Primeira edi\u00e7\u00e3o do Circuito Universit\u00e1rio de Cinema discute as marcas das ditaduras na Am\u00e9rica Latina"},"content":{"rendered":"<p><a href=\"https:\/\/i2.wp.com\/www1.unicap.br\/assecom1\/wp-content\/uploads\/2014\/09\/Circuito.jpg?ssl=1\"><img data-attachment-id=\"48876\" data-permalink=\"https:\/\/www1.unicap.br\/assecom1\/unicap-promove-circuito-universitario-de-cinema\/circuito\/\" data-orig-file=\"https:\/\/i2.wp.com\/www1.unicap.br\/assecom1\/wp-content\/uploads\/2014\/09\/Circuito.jpg?fit=960%2C388&amp;ssl=1\" data-orig-size=\"960,388\" data-comments-opened=\"1\" data-image-meta=\"{&quot;aperture&quot;:&quot;0&quot;,&quot;credit&quot;:&quot;&quot;,&quot;camera&quot;:&quot;&quot;,&quot;caption&quot;:&quot;&quot;,&quot;created_timestamp&quot;:&quot;0&quot;,&quot;copyright&quot;:&quot;&quot;,&quot;focal_length&quot;:&quot;0&quot;,&quot;iso&quot;:&quot;0&quot;,&quot;shutter_speed&quot;:&quot;0&quot;,&quot;title&quot;:&quot;&quot;}\" data-image-title=\"Circuito\" data-image-description=\"\" data-medium-file=\"https:\/\/i2.wp.com\/www1.unicap.br\/assecom1\/wp-content\/uploads\/2014\/09\/Circuito.jpg?fit=300%2C121&amp;ssl=1\" data-large-file=\"https:\/\/i2.wp.com\/www1.unicap.br\/assecom1\/wp-content\/uploads\/2014\/09\/Circuito.jpg?fit=640%2C259&amp;ssl=1\" loading=\"lazy\" class=\"aligncenter size-full wp-image-48876\" src=\"https:\/\/i2.wp.com\/www1.unicap.br\/assecom1\/wp-content\/uploads\/2014\/09\/Circuito.jpg?resize=640%2C259&#038;ssl=1\" alt=\"Circuito\" srcset=\"https:\/\/i2.wp.com\/www1.unicap.br\/assecom1\/wp-content\/uploads\/2014\/09\/Circuito.jpg?w=960&amp;ssl=1 960w, https:\/\/i2.wp.com\/www1.unicap.br\/assecom1\/wp-content\/uploads\/2014\/09\/Circuito.jpg?resize=300%2C121&amp;ssl=1 300w\" sizes=\"(max-width: 640px) 100vw, 640px\" data-recalc-dims=\"1\" \/><\/a><a href=\"https:\/\/www1.unicap.br\/assecom1\/wp-content\/uploads\/2014\/09\/cuc-4-e1411044217630.jpg\"><br \/>\n<\/a>Teve in\u00edcio nesta ter\u00e7a-feira (16) o Circuito de Cinema Universit\u00e1rio. O evento est\u00e1 em sua primeira edi\u00e7\u00e3o e ser\u00e1 realizado at\u00e9 18 de setembro na sala 309 do bloco G4, trazendo como tema as marcas deixadas pelos regimes ditatoriais latino-americanos do s\u00e9culo 20. A cada dia um novo filme \u00e9 exibido, seguido de um debate entre especialistas, ex-presos pol\u00edticos e profissionais que sofreram persegui\u00e7\u00e3o ou julgados como subversivos pelo regime militar. Na noite de ter\u00e7a foi exibido o filme<em> 500 Filhos Roubados Pela Ditadura Argentina<\/em>, de Alexandre Valente.<\/p>\n<p>O circuito universit\u00e1rio de cinema, explica a aluna de Jornalismo Bruna Sarga, uma das organizadoras do Circuito, \u201csurgiu com a necessidade de conversar com os alunos e levar de forma geral para as institui\u00e7\u00f5es de ensino o debate relacionado a quest\u00f5es sociais\u201d. O evento conta com\u00a0 o apoio do Cinema pela Verdade, uma iniciativa da Comiss\u00e3o Nacional da Verdade que investiga os crimes cometidos durante o regime militar.<\/p>\n<p><a href=\"https:\/\/i0.wp.com\/www1.unicap.br\/assecom1\/wp-content\/uploads\/2014\/09\/cuc-1-e1411044268727.jpg?ssl=1\"><img data-attachment-id=\"48885\" data-permalink=\"https:\/\/www1.unicap.br\/assecom1\/primeira-edicao-do-circuito-universitario-de-cinema-discute-as-marcas-das-ditaduras-na-america-latina\/cuc-1\/\" data-orig-file=\"https:\/\/i0.wp.com\/www1.unicap.br\/assecom1\/wp-content\/uploads\/2014\/09\/cuc-1-e1411044268727.jpg?fit=700%2C465&amp;ssl=1\" data-orig-size=\"700,465\" data-comments-opened=\"1\" data-image-meta=\"{&quot;aperture&quot;:&quot;0&quot;,&quot;credit&quot;:&quot;&quot;,&quot;camera&quot;:&quot;&quot;,&quot;caption&quot;:&quot;&quot;,&quot;created_timestamp&quot;:&quot;0&quot;,&quot;copyright&quot;:&quot;&quot;,&quot;focal_length&quot;:&quot;0&quot;,&quot;iso&quot;:&quot;0&quot;,&quot;shutter_speed&quot;:&quot;0&quot;,&quot;title&quot;:&quot;&quot;}\" data-image-title=\"cuc 1\" data-image-description=\"\" data-medium-file=\"https:\/\/i0.wp.com\/www1.unicap.br\/assecom1\/wp-content\/uploads\/2014\/09\/cuc-1-e1411044268727.jpg?fit=300%2C199&amp;ssl=1\" data-large-file=\"https:\/\/i0.wp.com\/www1.unicap.br\/assecom1\/wp-content\/uploads\/2014\/09\/cuc-1-e1411044268727.jpg?fit=640%2C425&amp;ssl=1\" loading=\"lazy\" class=\"alignleft size-medium wp-image-48885\" src=\"https:\/\/i2.wp.com\/www1.unicap.br\/assecom1\/wp-content\/uploads\/2014\/09\/cuc-1.jpg?resize=300%2C199&#038;ssl=1\" alt=\"cuc 1\" data-recalc-dims=\"1\" \/><\/a>Na noite de ter\u00e7a-feira (16) foi exibido o filme 500 Beb\u00eas Roubados Pela Ditadura Argentina , de Alexandre Valente. O document\u00e1rio trata do rapto de crian\u00e7as e rec\u00e9m-nascidos, filhos de militantes pol\u00edticos e opositores libert\u00e1rios durante o regime do General Videla e da pris\u00e3o clandestina na ESMA (Escola Mec\u00e2nica da Aeron\u00e1utica), no meio da cidade de Car\u00e1cas, onde centenas de pessoas dadas como desaparecidas foram torturadas e mortas. Ali, em condi\u00e7\u00f5es su humanas, in\u00fameras crian\u00e7as nasceram e foram sequestradas logo ap\u00f3s o nascimento. O filme passa, ent\u00e3o, a relatar a luta das Av\u00f3s da Pra\u00e7a de Maio, institui\u00e7\u00e3o que procura encontrar os netos desaparecidos, sequestrados pelos militares.<\/p>\n<p><a href=\"https:\/\/i0.wp.com\/www1.unicap.br\/assecom1\/wp-content\/uploads\/2014\/09\/cuc-3-e1411044327666.jpg?ssl=1\"><img data-attachment-id=\"48886\" data-permalink=\"https:\/\/www1.unicap.br\/assecom1\/primeira-edicao-do-circuito-universitario-de-cinema-discute-as-marcas-das-ditaduras-na-america-latina\/cuc-3\/\" data-orig-file=\"https:\/\/i0.wp.com\/www1.unicap.br\/assecom1\/wp-content\/uploads\/2014\/09\/cuc-3-e1411044327666.jpg?fit=700%2C465&amp;ssl=1\" data-orig-size=\"700,465\" data-comments-opened=\"1\" data-image-meta=\"{&quot;aperture&quot;:&quot;0&quot;,&quot;credit&quot;:&quot;&quot;,&quot;camera&quot;:&quot;&quot;,&quot;caption&quot;:&quot;&quot;,&quot;created_timestamp&quot;:&quot;0&quot;,&quot;copyright&quot;:&quot;&quot;,&quot;focal_length&quot;:&quot;0&quot;,&quot;iso&quot;:&quot;0&quot;,&quot;shutter_speed&quot;:&quot;0&quot;,&quot;title&quot;:&quot;&quot;}\" data-image-title=\"cuc 3\" data-image-description=\"\" data-medium-file=\"https:\/\/i0.wp.com\/www1.unicap.br\/assecom1\/wp-content\/uploads\/2014\/09\/cuc-3-e1411044327666.jpg?fit=300%2C199&amp;ssl=1\" data-large-file=\"https:\/\/i0.wp.com\/www1.unicap.br\/assecom1\/wp-content\/uploads\/2014\/09\/cuc-3-e1411044327666.jpg?fit=640%2C425&amp;ssl=1\" loading=\"lazy\" class=\"alignright size-medium wp-image-48886\" src=\"https:\/\/i1.wp.com\/www1.unicap.br\/assecom1\/wp-content\/uploads\/2014\/09\/cuc-3.jpg?resize=300%2C199&#038;ssl=1\" alt=\"cuc 3\" data-recalc-dims=\"1\" \/><\/a>Ap\u00f3s a exibi\u00e7\u00e3o, teve in\u00edcio um debate entre Amparo Ara\u00fajo, gerente geral da Secretaria de Direitos Humanos (perseguida durante a ditadura); Rodrigo Deodato, da Secretaria de Direito Social; e Jorge Nagibi, jornalista e ex-preso pol\u00edtico. Eles falaram da import\u00e2ncia de se debater esse per\u00edodo triste de nossa hist\u00f3ria e do desejo que se possa, acima de tudo, buscar a justi\u00e7a pelos crimes cometidos pelos militares e a identidade dos in\u00fameros corpos encontrados e n\u00e3o identificados, em mem\u00f3ria das v\u00edtimas desse per\u00edodo que n\u00e3o deve ser esquecido.<\/p>\n<p>&nbsp;<\/p>\n","protected":false},"excerpt":{"rendered":"<p>Teve in\u00edcio nesta ter\u00e7a-feira (16) o Circuito de Cinema Universit\u00e1rio. O evento est\u00e1 em sua primeira edi\u00e7\u00e3o e ser\u00e1 realizado at\u00e9 18 de setembro na sala 309 do bloco G4, trazendo como tema as marcas deixadas pelos regimes ditatoriais latino-americanos do s\u00e9culo 20. A cada dia um novo filme \u00e9 exibido, seguido de um debate [&hellip;]<\/p>\n","protected":false},"author":58,"featured_media":48876,"comment_status":"open","ping_status":"open","sticky":false,"template":"","format":"standard","meta":[],"categories":[4],"tags":[],"jetpack-related-posts":[],"_links":{"self":[{"href":"https:\/\/www1.unicap.br\/assecom1\/wp-json\/wp\/v2\/posts\/48883"}],"collection":[{"href":"https:\/\/www1.unicap.br\/assecom1\/wp-json\/wp\/v2\/posts"}],"about":[{"href":"https:\/\/www1.unicap.br\/assecom1\/wp-json\/wp\/v2\/types\/post"}],"author":[{"embeddable":true,"href":"https:\/\/www1.unicap.br\/assecom1\/wp-json\/wp\/v2\/users\/58"}],"replies":[{"embeddable":true,"href":"https:\/\/www1.unicap.br\/assecom1\/wp-json\/wp\/v2\/comments?post=48883"}],"version-history":[{"count":5,"href":"https:\/\/www1.unicap.br\/assecom1\/wp-json\/wp\/v2\/posts\/48883\/revisions"}],"predecessor-version":[{"id":48918,"href":"https:\/\/www1.unicap.br\/assecom1\/wp-json\/wp\/v2\/posts\/48883\/revisions\/48918"}],"wp:featuredmedia":[{"embeddable":true,"href":"https:\/\/www1.unicap.br\/assecom1\/wp-json\/wp\/v2\/media\/48876"}],"wp:attachment":[{"href":"https:\/\/www1.unicap.br\/assecom1\/wp-json\/wp\/v2\/media?parent=48883"}],"wp:term":[{"taxonomy":"category","embeddable":true,"href":"https:\/\/www1.unicap.br\/assecom1\/wp-json\/wp\/v2\/categories?post=48883"},{"taxonomy":"post_tag","embeddable":true,"href":"https:\/\/www1.unicap.br\/assecom1\/wp-json\/wp\/v2\/tags?post=48883"}],"curies":[{"name":"wp","href":"https:\/\/api.w.org\/{rel}","templated":true}]}}