{"id":48721,"date":"2014-09-10T12:08:49","date_gmt":"2014-09-10T15:08:49","guid":{"rendered":"http:\/\/www.unicap.br\/assecom1\/?p=48721"},"modified":"2014-09-10T17:45:38","modified_gmt":"2014-09-10T20:45:38","slug":"unicap-recebe-a-caravana-da-educacao-em-direitos-humanos","status":"publish","type":"post","link":"https:\/\/www1.unicap.br\/assecom1\/unicap-recebe-a-caravana-da-educacao-em-direitos-humanos\/","title":{"rendered":"Unicap recebe a Caravana da Educa\u00e7\u00e3o em Direitos Humanos"},"content":{"rendered":"<p><a href=\"https:\/\/i2.wp.com\/www1.unicap.br\/assecom1\/wp-content\/uploads\/2014\/09\/Caravana.png?ssl=1\"><img data-attachment-id=\"48722\" data-permalink=\"https:\/\/www1.unicap.br\/assecom1\/unicap-recebe-a-caravana-da-educacao-em-direitos-humanos\/caravana\/\" data-orig-file=\"https:\/\/i2.wp.com\/www1.unicap.br\/assecom1\/wp-content\/uploads\/2014\/09\/Caravana.png?fit=563%2C646&amp;ssl=1\" data-orig-size=\"563,646\" data-comments-opened=\"1\" data-image-meta=\"{&quot;aperture&quot;:&quot;0&quot;,&quot;credit&quot;:&quot;&quot;,&quot;camera&quot;:&quot;&quot;,&quot;caption&quot;:&quot;&quot;,&quot;created_timestamp&quot;:&quot;0&quot;,&quot;copyright&quot;:&quot;&quot;,&quot;focal_length&quot;:&quot;0&quot;,&quot;iso&quot;:&quot;0&quot;,&quot;shutter_speed&quot;:&quot;0&quot;,&quot;title&quot;:&quot;&quot;}\" data-image-title=\"Caravana\" data-image-description=\"\" data-medium-file=\"https:\/\/i2.wp.com\/www1.unicap.br\/assecom1\/wp-content\/uploads\/2014\/09\/Caravana.png?fit=261%2C300&amp;ssl=1\" data-large-file=\"https:\/\/i2.wp.com\/www1.unicap.br\/assecom1\/wp-content\/uploads\/2014\/09\/Caravana.png?fit=563%2C646&amp;ssl=1\" loading=\"lazy\" class=\"alignleft  wp-image-48722\" src=\"https:\/\/i2.wp.com\/www1.unicap.br\/assecom1\/wp-content\/uploads\/2014\/09\/Caravana.png?resize=329%2C329&#038;ssl=1\" alt=\"Caravana\" data-recalc-dims=\"1\" \/><\/a>Com objetivo de discutir o Plano Nacional de Educa\u00e7\u00e3o em Direitos Humanos e o papel dos ativistas na garantia dos direitos em diversos cen\u00e1rios da realidade brasileira, o Instituto Humanitas, em parceria com o Comit\u00ea de Direitos Humanos de Pernambuco, o Movimento Nacional de Direitos Humanos e a Secretaria de Direitos Humanos da Presid\u00eancia da Rep\u00fablica, realiza nos pr\u00f3ximos dias 11 e 12 de setembro a Caravana da Educa\u00e7\u00e3o em Direitos Humanos. O evento contar\u00e1 com participa\u00e7\u00e3o da ministra dos Direitos Humanos, Ideli Salvatti, e ser\u00e1 realizado na Universidade Cat\u00f3lica de Pernambuco. Confira a programa\u00e7\u00e3o do evento abaixo:<\/p>\n<p>&nbsp;<\/p>\n<p><strong>Caravana de Educa\u00e7\u00e3o em Direitos Humanos<\/strong><\/p>\n<p>TEMA: A educa\u00e7\u00e3o em Direitos Humanos: fator de transforma\u00e7\u00e3o social.<\/p>\n<p>OBJETIVO: Refletir acerca da educa\u00e7\u00e3o em Direitos Humanos no Brasil e visibilizar a luta dos defensores.<\/p>\n<p>PARCEIROS: Comit\u00ea de Direitos Humanos de Pernambuco, Faculdade Latino-americana de Ci\u00eancias Sociais (FLACSO), Instituto Humanitas (UNICAP), Movimento Nacional de Direitos Humanos (MNDH), Secretaria de Direitos Humanos da Presid\u00eancia da Rep\u00fablica.<\/p>\n<p><strong>Programa\u00e7\u00e3o<\/strong><\/p>\n<p style=\"color: #141414;\"><strong style=\"font-style: inherit;\">11 de setembro<br \/>\n<\/strong><em style=\"font-weight: inherit;\">14hs\u00a0(Audit\u00f3rio G2 1\u00ba andar do Bloco G)<\/em><\/p>\n<p style=\"color: #141414;\"><strong style=\"font-style: inherit;\">Mesa de abertura<\/strong><\/p>\n<p style=\"color: #141414;\"><strong style=\"font-style: inherit;\">Palestra:<\/strong>\u00a0A Import\u00e2ncia da educa\u00e7\u00e3o de Direitos Humanos.<br \/>\n<strong style=\"font-style: inherit;\">Ideli Salvatti<\/strong>\u00a0\u2013 Ministra da Secretaria de Direitos Humanos da Presid\u00eancia da Rep\u00fablica<br \/>\n<strong style=\"font-style: inherit;\">Rildo Marques<\/strong>\u00a0\u2013 Movimento Nacional de Direitos Humanos<br \/>\n<strong style=\"font-style: inherit;\">Salete Valesan<\/strong>\u00a0\u2013 Diretora da Faculdade Latino Americana de Ci\u00eancias Sociais<br \/>\n<strong style=\"font-style: inherit;\">Manuel Moraes<\/strong>\u00a0\u2013 Membro da Comiss\u00e3o Estadual do Direito \u00e0 Mem\u00f3ria e Verdade de Pernambuco Dom H\u00e9lder C\u00e2mara<br \/>\n<strong style=\"font-style: inherit;\">Eleonora Pereira<\/strong>\u00a0&#8211; Comit\u00ea de Combate \u00e0 Tortura e Comit\u00ea de Direitos Humanos de Pernambuco.<\/p>\n<p style=\"color: #141414;\"><em style=\"font-weight: inherit;\">16h30<\/em>\u00a0<em style=\"font-weight: inherit;\">(Hall do Bloco G \/ UNICAP)<br \/>\n<\/em><strong style=\"font-style: inherit;\">Momento cultural:<\/strong>\u00a0apresenta\u00e7\u00f5es culturais e homenagem aos defensores de direitos humanos.<\/p>\n<p style=\"color: #141414;\"><strong style=\"font-style: inherit;\">12 de setembro\u00a0<\/strong><em style=\"font-weight: inherit;\">(Sala de Confer\u00eancia no t\u00e9rreo do Bloco G4)<\/em><\/p>\n<p style=\"color: #141414;\"><strong style=\"font-style: inherit;\">Rodas de Di\u00e1logo<br \/>\n<\/strong><em style=\"font-weight: inherit;\">09hs<br \/>\n<\/em><em style=\"font-weight: inherit;\"><strong style=\"font-style: inherit;\">Manoel Moraes<\/strong>\u00a0(CEMVDH)\u00a0<\/em>\u2013 A import\u00e2ncia dos movimentos sociais para a educa\u00e7\u00e3o em direitos humanos.<br \/>\n<em style=\"font-weight: inherit;\"><strong style=\"font-style: inherit;\">Carolina Ferraz<\/strong>\u00a0(CCJ\/UNICAP)\u00a0<\/em>\u2013 Educa\u00e7\u00e3o em Direitos Humanos e diversidade.<\/p>\n<p style=\"color: #141414;\"><em style=\"font-weight: inherit;\">12hs &#8211; Intervalo<\/em><\/p>\n<p style=\"color: #141414;\"><em style=\"font-weight: inherit;\">14hs<br \/>\n<strong style=\"font-style: inherit;\">C<\/strong><\/em><em style=\"font-weight: inherit;\"><strong style=\"font-style: inherit;\">arlos Vieira<\/strong>\u00a0(Instituto Humanitas Unicap &#8211; IHU)\u00a0<\/em>\u2013 Estado Laico, diversidade religiosa e direitos humanos.<br \/>\n<strong style=\"font-style: inherit;\"><em style=\"font-weight: inherit;\">Luis Emmanuel<\/em><\/strong>\u00a0<em style=\"font-weight: inherit;\">(Faculdade Damas)<\/em>\u00a0\u2013 Novos desafios para efetiva\u00e7\u00e3o da educa\u00e7\u00e3o em direitos humanos.<\/p>\n","protected":false},"excerpt":{"rendered":"<p>Com objetivo de discutir o Plano Nacional de Educa\u00e7\u00e3o em Direitos Humanos e o papel dos ativistas na garantia dos direitos em diversos cen\u00e1rios da realidade brasileira, o Instituto Humanitas, em parceria com o Comit\u00ea de Direitos Humanos de Pernambuco, o Movimento Nacional de Direitos Humanos e a Secretaria de Direitos Humanos da Presid\u00eancia da [&hellip;]<\/p>\n","protected":false},"author":60,"featured_media":48722,"comment_status":"open","ping_status":"open","sticky":false,"template":"","format":"standard","meta":[],"categories":[4],"tags":[],"jetpack-related-posts":[],"_links":{"self":[{"href":"https:\/\/www1.unicap.br\/assecom1\/wp-json\/wp\/v2\/posts\/48721"}],"collection":[{"href":"https:\/\/www1.unicap.br\/assecom1\/wp-json\/wp\/v2\/posts"}],"about":[{"href":"https:\/\/www1.unicap.br\/assecom1\/wp-json\/wp\/v2\/types\/post"}],"author":[{"embeddable":true,"href":"https:\/\/www1.unicap.br\/assecom1\/wp-json\/wp\/v2\/users\/60"}],"replies":[{"embeddable":true,"href":"https:\/\/www1.unicap.br\/assecom1\/wp-json\/wp\/v2\/comments?post=48721"}],"version-history":[{"count":6,"href":"https:\/\/www1.unicap.br\/assecom1\/wp-json\/wp\/v2\/posts\/48721\/revisions"}],"predecessor-version":[{"id":48733,"href":"https:\/\/www1.unicap.br\/assecom1\/wp-json\/wp\/v2\/posts\/48721\/revisions\/48733"}],"wp:featuredmedia":[{"embeddable":true,"href":"https:\/\/www1.unicap.br\/assecom1\/wp-json\/wp\/v2\/media\/48722"}],"wp:attachment":[{"href":"https:\/\/www1.unicap.br\/assecom1\/wp-json\/wp\/v2\/media?parent=48721"}],"wp:term":[{"taxonomy":"category","embeddable":true,"href":"https:\/\/www1.unicap.br\/assecom1\/wp-json\/wp\/v2\/categories?post=48721"},{"taxonomy":"post_tag","embeddable":true,"href":"https:\/\/www1.unicap.br\/assecom1\/wp-json\/wp\/v2\/tags?post=48721"}],"curies":[{"name":"wp","href":"https:\/\/api.w.org\/{rel}","templated":true}]}}