{"id":48695,"date":"2014-09-08T16:37:46","date_gmt":"2014-09-08T19:37:46","guid":{"rendered":"http:\/\/www.unicap.br\/assecom1\/?p=48695"},"modified":"2014-09-08T16:37:46","modified_gmt":"2014-09-08T19:37:46","slug":"auditorio-g2-sera-reinaugurado-com-debate-entre-os-candidatos-ao-governo-de-pernambuco","status":"publish","type":"post","link":"https:\/\/www1.unicap.br\/assecom1\/auditorio-g2-sera-reinaugurado-com-debate-entre-os-candidatos-ao-governo-de-pernambuco\/","title":{"rendered":"Audit\u00f3rio G2 ser\u00e1 reinaugurado com debate entre os candidatos ao Governo de Pernambuco"},"content":{"rendered":"<p><a href=\"https:\/\/i2.wp.com\/www1.unicap.br\/assecom1\/wp-content\/uploads\/2014\/09\/Audit\u00f3rio-G2-reformado.jpg?ssl=1\"><img data-attachment-id=\"48700\" data-permalink=\"https:\/\/www1.unicap.br\/assecom1\/auditorio-g2-sera-reinaugurado-com-debate-entre-os-candidatos-ao-governo-de-pernambuco\/auditorio-g2-reformado\/\" data-orig-file=\"https:\/\/i0.wp.com\/www1.unicap.br\/assecom1\/wp-content\/uploads\/2014\/09\/Audit\u00f3rio-G2-reformado-e1410205053422.jpg?fit=199%2C182&amp;ssl=1\" data-orig-size=\"199,182\" data-comments-opened=\"1\" data-image-meta=\"{&quot;aperture&quot;:&quot;2.8&quot;,&quot;credit&quot;:&quot;&quot;,&quot;camera&quot;:&quot;iPhone 4&quot;,&quot;caption&quot;:&quot;&quot;,&quot;created_timestamp&quot;:&quot;1410191971&quot;,&quot;copyright&quot;:&quot;&quot;,&quot;focal_length&quot;:&quot;3.85&quot;,&quot;iso&quot;:&quot;400&quot;,&quot;shutter_speed&quot;:&quot;0.066666666666667&quot;,&quot;title&quot;:&quot;&quot;}\" data-image-title=\"Audit\u00f3rio G2 reformado\" data-image-description=\"\" data-medium-file=\"https:\/\/i0.wp.com\/www1.unicap.br\/assecom1\/wp-content\/uploads\/2014\/09\/Audit\u00f3rio-G2-reformado-e1410205053422.jpg?fit=300%2C224&amp;ssl=1\" data-large-file=\"https:\/\/i0.wp.com\/www1.unicap.br\/assecom1\/wp-content\/uploads\/2014\/09\/Audit\u00f3rio-G2-reformado-e1410205053422.jpg?fit=199%2C182&amp;ssl=1\" loading=\"lazy\" class=\"alignleft wp-image-48700 size-full\" src=\"https:\/\/i2.wp.com\/www1.unicap.br\/assecom1\/wp-content\/uploads\/2014\/09\/Audit\u00f3rio-G2-reformado.jpg?resize=640%2C478&#038;ssl=1\" alt=\"Audit\u00f3rio G2 reformado\" data-recalc-dims=\"1\" \/><\/a>A Universidade Cat\u00f3lica de Pernambuco, o Instituto Humanitas Unicap e o Diret\u00f3rio Central dos Estudantes (DCE) ir\u00e3o promover debates com os candidatos ao governo de Pernambuco. Os eventos marcar\u00e3o a reinaugura\u00e7\u00e3o do audit\u00f3rio G2, depois de uma ampla reforma. A primeira rodada ser\u00e1 realizada nesta ter\u00e7a-feira (9) com a participa\u00e7\u00e3o de Jair Pedro (PSTU), Miguel Anacleto (PCB) e o candidato a vice-governador pela Frente Popular, Raul Henry (PMDB), representando\u00a0o candidato Paulo C\u00e2mara (PSB), que n\u00e3o poder\u00e1 comparecer porque j\u00e1 havia agendado anteriormente compromissos no interior. A media\u00e7\u00e3o ser\u00e1 do professor e cientista pol\u00edtico Thales Castro e do presidente do DCE, Arisson Fernandes.<\/p>\n<p>J\u00e1 a segunda rodada ir\u00e1 acontecer na quarta-feira (10) com Armando Monteiro (PTB), Pantale\u00e3o (PCO) e Z\u00e9 Gomes (PSOL). A media\u00e7\u00e3o ser\u00e1 do chefe de gabinete da Reitoria, Rodrigo Pellegrino, e de Arisson Fernandes. Os dois debates ser\u00e3o realizados no audit\u00f3rio G2, \u00e0s 19h. Cada candidato ter\u00e1 dez minutos para a apresenta\u00e7\u00e3o inicial. Logo depois, a plateia poder\u00e1 encaminhar perguntas por escrito que ser\u00e3o lidas pelos mediadores. Outras informa\u00e7\u00f5es pelo telefone 2119-4346.<\/p>\n<p><strong>Reforma<\/strong> &#8211; As mudan\u00e7as nos audit\u00f3rios G1 e G2 s\u00e3o radicais.\u00a0Paredes e tetos ganharam um revestimento especial em gesso acartonado. Os pisos foram\u00a0trocados com a instala\u00e7\u00e3o de laminados de madeira. Os equipamentos de som passaram por um\u00a0<em style=\"font-weight: inherit;\">up grade.\u00a0<\/em>A ilumina\u00e7\u00e3o est\u00e1\u00a0totalmente nova.\u00a0Os assentos foram trocados e ficaram mais confort\u00e1veis. Agora, cada fileira ser\u00e1 identificada por letra e n\u00famero, facilitando a localiza\u00e7\u00e3o.\u00a0\u00a0Obesos e portadores de defici\u00eancia ter\u00e3o lugares especialmente projetados para eles.\u00a0O ganho em conforto provocou uma diminui\u00e7\u00e3o na quantidade de lugares. O G1 passar\u00e1 de 270 para 193. O G2, que tinha 450, ter\u00e1 340 assentos.<\/p>\n","protected":false},"excerpt":{"rendered":"<p>A Universidade Cat\u00f3lica de Pernambuco, o Instituto Humanitas Unicap e o Diret\u00f3rio Central dos Estudantes (DCE) ir\u00e3o promover debates com os candidatos ao governo de Pernambuco. Os eventos marcar\u00e3o a reinaugura\u00e7\u00e3o do audit\u00f3rio G2, depois de uma ampla reforma. A primeira rodada ser\u00e1 realizada nesta ter\u00e7a-feira (9) com a participa\u00e7\u00e3o de Jair Pedro (PSTU), Miguel [&hellip;]<\/p>\n","protected":false},"author":8,"featured_media":48700,"comment_status":"open","ping_status":"open","sticky":false,"template":"","format":"standard","meta":[],"categories":[4],"tags":[],"jetpack-related-posts":[],"_links":{"self":[{"href":"https:\/\/www1.unicap.br\/assecom1\/wp-json\/wp\/v2\/posts\/48695"}],"collection":[{"href":"https:\/\/www1.unicap.br\/assecom1\/wp-json\/wp\/v2\/posts"}],"about":[{"href":"https:\/\/www1.unicap.br\/assecom1\/wp-json\/wp\/v2\/types\/post"}],"author":[{"embeddable":true,"href":"https:\/\/www1.unicap.br\/assecom1\/wp-json\/wp\/v2\/users\/8"}],"replies":[{"embeddable":true,"href":"https:\/\/www1.unicap.br\/assecom1\/wp-json\/wp\/v2\/comments?post=48695"}],"version-history":[{"count":2,"href":"https:\/\/www1.unicap.br\/assecom1\/wp-json\/wp\/v2\/posts\/48695\/revisions"}],"predecessor-version":[{"id":48701,"href":"https:\/\/www1.unicap.br\/assecom1\/wp-json\/wp\/v2\/posts\/48695\/revisions\/48701"}],"wp:featuredmedia":[{"embeddable":true,"href":"https:\/\/www1.unicap.br\/assecom1\/wp-json\/wp\/v2\/media\/48700"}],"wp:attachment":[{"href":"https:\/\/www1.unicap.br\/assecom1\/wp-json\/wp\/v2\/media?parent=48695"}],"wp:term":[{"taxonomy":"category","embeddable":true,"href":"https:\/\/www1.unicap.br\/assecom1\/wp-json\/wp\/v2\/categories?post=48695"},{"taxonomy":"post_tag","embeddable":true,"href":"https:\/\/www1.unicap.br\/assecom1\/wp-json\/wp\/v2\/tags?post=48695"}],"curies":[{"name":"wp","href":"https:\/\/api.w.org\/{rel}","templated":true}]}}