{"id":48593,"date":"2014-09-03T12:04:53","date_gmt":"2014-09-03T15:04:53","guid":{"rendered":"http:\/\/www.unicap.br\/assecom1\/?p=48593"},"modified":"2014-09-03T12:06:56","modified_gmt":"2014-09-03T15:06:56","slug":"recife-sediara-jornada-na-area-da-psicanalise","status":"publish","type":"post","link":"https:\/\/www1.unicap.br\/assecom1\/recife-sediara-jornada-na-area-da-psicanalise\/","title":{"rendered":"Recife sediar\u00e1 jornada na \u00e1rea da psican\u00e1lise"},"content":{"rendered":"<p>Nos dias 31 de outubro e 1\u00b0 de novembro, a Sociedade Psicanal\u00edtica do Recife (SPR-PE) vai promover a sua 19\u00b0 Jornada de Psican\u00e1lise e o 15\u00ba Encontro de Psican\u00e1lise da Crian\u00e7a e do Adolescente, no\u00a0 Mar Hotel (Rua Bar\u00e3o de Souza Le\u00e3o, 451 &#8211; Boa Viagem). O tema central deste ano \u00e9 \u201cATO\/SONHO: DESDOBRAMENTOS DA PSICAN\u00c1LISE NA CL\u00cdNICA ATUAL\u201d. Para os interessados em participar, as inscri\u00e7\u00f5es s\u00e3o limitadas e devem ser feitas na sede da SPR-PE (Rua Belarmino Carneiro, 249, Torre\u00a0&#8211; fone: (81) 3228-1756) ou pelo e-mail\u00a0<a href=\"mailto:sprsecretaria@uol.com.br\">sprsecretaria@uol.com.br<\/a><\/p>\n<p>O presidente da Sociedade Psicanal\u00edtica do Recife, Jos\u00e9 Fernando de Santana Barros, vai participar da confer\u00eancia de abertura da jornada, juntamente com a diretora cient\u00edfica, Carolina Cavalcanti Henriques. Logo ap\u00f3s, os participantes poder\u00e3o conferir mesa-redonda tem\u00e1tica, como &#8220;Algumas reflex\u00f5es sobre as ra\u00edzes das representa\u00e7\u00f5es&#8221;, com palestras dos psicanalistas Jos\u00e9 Fernando de Santana Barros e Mario Alberto Smulever, sob coordena\u00e7\u00e3o de Sandra Matoso.<\/p>\n<p>Outro assunto que ser\u00e1 debatido pelos convidados \u00e9 &#8220;O Inconsciente cem anos depois&#8221;, com palestras do m\u00e9dico psiquiatra pela Universidade de S\u00e3o Paulo (USP), psicanalista residente em Aracaju (SE) e membro-titular da Associa\u00e7\u00e3o Internacional Psicanal\u00edtica, Adalberto Goulart, e a psicanalista e professora do curso de psicologia da Universidade de Fortaleza, Rosane M\u00fcller.<br \/>\nNa sexta-feira (31), a plen\u00e1ria que vai discutir a rela\u00e7\u00e3o entre as doen\u00e7as som\u00e1ticas e a psican\u00e1lise ser\u00e1 composta pelos psicanalistas Carolina Henriques e o carioca Miguel Calmon Du Pin, com coordena\u00e7\u00e3o de Sandra Para\u00edso Sampaio. J\u00e1 no dia seguinte, no s\u00e1bado (1\u00b0), o palestrante Daniel Delouya, com gradua\u00e7\u00e3o restrita em Psicologia &#8211; Hebrew University (1981), gradua\u00e7\u00e3o em Biologia- Hebrew University (1981), mestrado em Virologia na \u00e1rea de Microbiologia &#8211; Hebrew University (1983) e doutorado em Biologia Celular e Molecular pela Universidade de S\u00e3o Paulo, junta-se ao presidente Jos\u00e9 Fernando de Santana Barros para debater sobre as dire\u00e7\u00f5es freudianas do ato ao sonho, com coordena\u00e7\u00e3o do psicanalista Humberto Vicente de Ara\u00fajo.<\/p>\n<p>A programa\u00e7\u00e3o tamb\u00e9m conta com quatro cursos, cujos temas s\u00e3o: &#8220;Neuroci\u00eancia: processos conscientes e inconscientes envolvidos na tomada de decis\u00e3o dos pacientes deprimidos&#8221; e &#8220;Introdu\u00e7\u00e3o \u00e0s ideias de Lacan&#8221; e &#8220;Escolaridade e Psican\u00e1lise&#8221; e tamb\u00e9m &#8220;Rela\u00e7\u00e3o al\u00e9rgica de objetos&#8221;. O apoio da jornada deste ano \u00e9 da Federa\u00e7\u00e3o Brasileira de Psican\u00e1lise (Febrapsi), Neurolab e Unicred. O presidente da Febrapsi e vice-diretor do Instituto de Ensino e Forma\u00e7\u00e3o Psicanal\u00edtica da Sociedade Brasileira de Psican\u00e1lise do Rio de Janeiro, Aloysio Augusto D&#8217;Abreu, j\u00e1 confirmou presen\u00e7a na confer\u00eancia de encerramento do evento.<\/p>\n<p>&nbsp;<\/p>\n<p><strong>Servi\u00e7o:<\/strong> 19\u00b0 Jornada de Psican\u00e1lise e o 15\u00ba Encontro de Psican\u00e1lise da Crian\u00e7a e do Adolescente<\/p>\n<p>Data: 31 de outubro e 1\u00ba de novembro de 2014-09-02<\/p>\n<p>Onde: Mar Hotel (Rua Bar\u00e3o de Souza Le\u00e3o, 451 &#8211; Boa Viagem, Recife \u2013 PE)<\/p>\n<p>&nbsp;<\/p>\n<p>&nbsp;<\/p>\n","protected":false},"excerpt":{"rendered":"<p>Nos dias 31 de outubro e 1\u00b0 de novembro, a Sociedade Psicanal\u00edtica do Recife (SPR-PE) vai promover a sua 19\u00b0 Jornada de Psican\u00e1lise e o 15\u00ba Encontro de Psican\u00e1lise da Crian\u00e7a e do Adolescente, no\u00a0 Mar Hotel (Rua Bar\u00e3o de Souza Le\u00e3o, 451 &#8211; Boa Viagem). O tema central deste ano \u00e9 \u201cATO\/SONHO: DESDOBRAMENTOS DA [&hellip;]<\/p>\n","protected":false},"author":2,"featured_media":0,"comment_status":"open","ping_status":"open","sticky":false,"template":"","format":"standard","meta":[],"categories":[4],"tags":[],"jetpack-related-posts":[],"_links":{"self":[{"href":"https:\/\/www1.unicap.br\/assecom1\/wp-json\/wp\/v2\/posts\/48593"}],"collection":[{"href":"https:\/\/www1.unicap.br\/assecom1\/wp-json\/wp\/v2\/posts"}],"about":[{"href":"https:\/\/www1.unicap.br\/assecom1\/wp-json\/wp\/v2\/types\/post"}],"author":[{"embeddable":true,"href":"https:\/\/www1.unicap.br\/assecom1\/wp-json\/wp\/v2\/users\/2"}],"replies":[{"embeddable":true,"href":"https:\/\/www1.unicap.br\/assecom1\/wp-json\/wp\/v2\/comments?post=48593"}],"version-history":[{"count":2,"href":"https:\/\/www1.unicap.br\/assecom1\/wp-json\/wp\/v2\/posts\/48593\/revisions"}],"predecessor-version":[{"id":48595,"href":"https:\/\/www1.unicap.br\/assecom1\/wp-json\/wp\/v2\/posts\/48593\/revisions\/48595"}],"wp:attachment":[{"href":"https:\/\/www1.unicap.br\/assecom1\/wp-json\/wp\/v2\/media?parent=48593"}],"wp:term":[{"taxonomy":"category","embeddable":true,"href":"https:\/\/www1.unicap.br\/assecom1\/wp-json\/wp\/v2\/categories?post=48593"},{"taxonomy":"post_tag","embeddable":true,"href":"https:\/\/www1.unicap.br\/assecom1\/wp-json\/wp\/v2\/tags?post=48593"}],"curies":[{"name":"wp","href":"https:\/\/api.w.org\/{rel}","templated":true}]}}